{"result_html":"                <div><a href=\"https:\/\/vww.pt\/index.php?route=product\/compare\" id=\"compare-total\">Produtos na compara\u00e7\u00e3o (0)<\/a><\/div>\n\t\t\t\t<div class=\"toolbar\">\n\t\t\t\t\t<div class=\"col-md-2 toolbar3 pull-left\">\n                        <div class=\"btn-group\">\n                            <button type=\"button\" id=\"list-view\" class=\"btn btn-default\"><i class=\"fa fa-th-list\"><\/i><\/button>\n                            <button type=\"button\" id=\"grid-view\" class=\"btn btn-default\"><i class=\"fa fa-th\"><\/i><\/button>\n                        <\/div>\n                    <\/div>\n                    <div class=\"col-md-2 toolbar1 pull-right\">\n                        <select id=\"input-sort\" class=\"form-control\" onchange=\"oclayerednavigationajax.filter(this.value)\">\t\t\t\t\t\t\t\t\t<option value=\"https:\/\/vww.pt\/index.php?route=extension\/module\/oclayerednavigation\/category&path=25&sort=p.sort_order&order=ASC\" selected=\"selected\">Ordenar por: Padr\u00e3o<\/option>\t\t\t\t\t\t\t\t\t<option value=\"https:\/\/vww.pt\/index.php?route=extension\/module\/oclayerednavigation\/category&path=25&sort=pd.name&order=ASC\">Ordenar por: Nome (A - Z)<\/option>\t\t\t\t\t\t\t\t\t<option value=\"https:\/\/vww.pt\/index.php?route=extension\/module\/oclayerednavigation\/category&path=25&sort=pd.name&order=DESC\">Ordenar por: Nome (Z - A)<\/option>\t\t\t\t\t\t\t\t\t<option value=\"https:\/\/vww.pt\/index.php?route=extension\/module\/oclayerednavigation\/category&path=25&sort=p.price&order=ASC\">Ordenar por: Pre\u00e7o (Menor &gt; Maior)<\/option>\t\t\t\t\t\t\t\t\t<option value=\"https:\/\/vww.pt\/index.php?route=extension\/module\/oclayerednavigation\/category&path=25&sort=p.price&order=DESC\">Ordenar por: Pre\u00e7o (Maior &gt; Menor)<\/option>\t\t\t\t\t\t\t\t\t<option value=\"https:\/\/vww.pt\/index.php?route=extension\/module\/oclayerednavigation\/category&path=25&sort=rating&order=DESC\">Ordenar por: Avalia\u00e7\u00e3o (Alta)<\/option>\t\t\t\t\t\t\t\t\t<option value=\"https:\/\/vww.pt\/index.php?route=extension\/module\/oclayerednavigation\/category&path=25&sort=rating&order=ASC\">Ordenar por: Avalia\u00e7\u00e3o (Baixa)<\/option>\t\t\t\t\t\t\t\t\t<option value=\"https:\/\/vww.pt\/index.php?route=extension\/module\/oclayerednavigation\/category&path=25&sort=p.model&order=ASC\">Ordenar por: Modelo (A - Z)<\/option>\t\t\t\t\t\t\t\t\t<option value=\"https:\/\/vww.pt\/index.php?route=extension\/module\/oclayerednavigation\/category&path=25&sort=p.model&order=DESC\">Ordenar por: Modelo (Z - A)<\/option>\t\t\t\t\t\t<\/select>\n                    <\/div>\n                    <div class=\"col-md-2 toolbar2 pull-right\">\n                        <select id=\"input-limit\" class=\"form-control\" onchange=\"oclayerednavigationajax.filter(this.value)\">\t\t\t\t\t\t\t\t\t<option value=\"https:\/\/vww.pt\/index.php?route=extension\/module\/oclayerednavigation\/category&path=25&limit=25\">Mostrar 25<\/option>\t\t\t\t\t\t\t\t\t<option value=\"https:\/\/vww.pt\/index.php?route=extension\/module\/oclayerednavigation\/category&path=25&limit=50\" selected=\"selected\">Mostrar 50<\/option>\t\t\t\t\t\t\t\t\t<option value=\"https:\/\/vww.pt\/index.php?route=extension\/module\/oclayerednavigation\/category&path=25&limit=75\">Mostrar 75<\/option>\t\t\t\t\t\t\t\t\t<option value=\"https:\/\/vww.pt\/index.php?route=extension\/module\/oclayerednavigation\/category&path=25&limit=100\">Mostrar 100<\/option>\t\t\t\t\t\t<\/select>\n                    <\/div>\n\t\t\t\t<\/div>\n                <div class=\"custom-products\">                    <div class=\"product-layout product-list col-xs-12\">\n                        <div class=\"product-thumb\">\n                            <div class=\"image\">\n\t\t\t\t\t\t\t\t<a href=\"https:\/\/vww.pt\/index.php?route=product\/product&amp;path=25&amp;product_id=880\">\n\t\t\t\t\t\t\t\t\t<img src=\"https:\/\/vww.pt\/image\/cache\/catalog\/Prot.%20corpo\/Vestu\u00e1rio%20frio\/P126-1.jpg-500x666.png\" alt=\"Cal\u00e7a P126\" title=\"Cal\u00e7a P126\" class=\"img-responsive\" \/>\t\t\t\t\t\t\t\t<\/a>\t\t\t\t\t\t\t\t<div class=\"action-links\">\n\t\t\t\t\t\t\t\t\t<button class=\"btn-cart\" type=\"button\" data-toggle=\"tooltip\" title=\"Adicionar ao Pedido\" onclick=\"cart.add('880', '1')\"><i class=\"ion-bag\"><\/i><span>Adicionar ao Pedido<\/span><\/button>\n\t\t\t\t\t\t\t\t\t<button class=\"btn-wishlist\" type=\"button\" data-toggle=\"tooltip\" title=\"Add \u00e0 Lista de preferencias\" onclick=\"wishlist.add('880');\"><i class=\"ion-android-favorite-outline\"><\/i><span>Add \u00e0 Lista de preferencias<\/span><\/button>\n\t\t\t\t\t\t\t\t\t<button class=\"btn-compare\" type=\"button\" data-toggle=\"tooltip\" title=\"Comparar\" onclick=\"compare.add('880');\"><i class=\"ion-android-options\"><\/i><span>Comparar<\/span><\/button>\n\t\t\t\t\t\t\t\t\t<button class=\"btn-quickview\" type=\"button\" data-toggle=\"tooltip\" title=\"Quick View\" onclick=\"ocquickview.ajaxView('https:\/\/vww.pt\/index.php?route=product\/product&amp;path=25&amp;product_id=880')\"><i class=\"ion-android-open\"><\/i><span>Quick View<\/span><\/button>\n\t\t\t\t\t\t\t\t<\/div>\n\t\t\t\t\t\t\t<\/div>\n\t\t\t\t\t\t\t<div class=\"caption\">\t\t\t\t\t\t\t\t<p class=\"manufacture-product\">\n\t\t\t\t\t\t\t\t\t<a href=\"https:\/\/vww.pt\/index.php?route=product\/manufacturer\/info&amp;manufacturer_id=24\">REFRIGUE<\/a>\n\t\t\t\t\t\t\t\t<\/p>\t\t\t\t\t\t\t\t<h4 class=\"product-name\"><a href=\"https:\/\/vww.pt\/index.php?route=product\/product&amp;path=25&amp;product_id=880\">Cal\u00e7a P126<\/a><\/h4>\t\t\t\t\t\t\t\t\t<p class=\"price\">0.00\u20ac\t\t\t\t\t\t\t\t\t<\/p>\t\t\t\t\t\t\t\t<p class=\"product-des 8\">DESCRI\u00c7\u00c3OCostas mais altas para prote\u00e7\u00e3o da zona dos rinsCintura el\u00e1stica para ajuste ao corpo e evitar entrada de ar frioFecho frontal com molaMalha adaptada aos tornozelos para ajuste perfeitoP\u00e9 el\u00e1sticoIsolamento t\u00e9rmico e forroMant\u00e9m na temperatura em ambientes h\u00famidosResistente, respir\u00e1vel, de ..<\/p>\n\t\t\t\t\t\t\t<\/div>\n                        <\/div>\n                    <\/div>                    <div class=\"product-layout product-list col-xs-12\">\n                        <div class=\"product-thumb\">\n                            <div class=\"image\">\n\t\t\t\t\t\t\t\t<a href=\"https:\/\/vww.pt\/index.php?route=product\/product&amp;path=25&amp;product_id=882\">\n\t\t\t\t\t\t\t\t\t<img src=\"https:\/\/vww.pt\/image\/cache\/catalog\/Prot.%20corpo\/Vestu\u00e1rio%20frio\/cal\u00e7a%20p129-4%20-%20frente-500x666.png\" alt=\"Cal\u00e7a P129\/4\" title=\"Cal\u00e7a P129\/4\" class=\"img-responsive\" \/>\t\t\t\t\t\t\t\t<\/a>\t\t\t\t\t\t\t\t<div class=\"action-links\">\n\t\t\t\t\t\t\t\t\t<button class=\"btn-cart\" type=\"button\" data-toggle=\"tooltip\" title=\"Adicionar ao Pedido\" onclick=\"cart.add('882', '1')\"><i class=\"ion-bag\"><\/i><span>Adicionar ao Pedido<\/span><\/button>\n\t\t\t\t\t\t\t\t\t<button class=\"btn-wishlist\" type=\"button\" data-toggle=\"tooltip\" title=\"Add \u00e0 Lista de preferencias\" onclick=\"wishlist.add('882');\"><i class=\"ion-android-favorite-outline\"><\/i><span>Add \u00e0 Lista de preferencias<\/span><\/button>\n\t\t\t\t\t\t\t\t\t<button class=\"btn-compare\" type=\"button\" data-toggle=\"tooltip\" title=\"Comparar\" onclick=\"compare.add('882');\"><i class=\"ion-android-options\"><\/i><span>Comparar<\/span><\/button>\n\t\t\t\t\t\t\t\t\t<button class=\"btn-quickview\" type=\"button\" data-toggle=\"tooltip\" title=\"Quick View\" onclick=\"ocquickview.ajaxView('https:\/\/vww.pt\/index.php?route=product\/product&amp;path=25&amp;product_id=882')\"><i class=\"ion-android-open\"><\/i><span>Quick View<\/span><\/button>\n\t\t\t\t\t\t\t\t<\/div>\n\t\t\t\t\t\t\t<\/div>\n\t\t\t\t\t\t\t<div class=\"caption\">\t\t\t\t\t\t\t\t<p class=\"manufacture-product\">\n\t\t\t\t\t\t\t\t\t<a href=\"https:\/\/vww.pt\/index.php?route=product\/manufacturer\/info&amp;manufacturer_id=24\">REFRIGUE<\/a>\n\t\t\t\t\t\t\t\t<\/p>\t\t\t\t\t\t\t\t<h4 class=\"product-name\"><a href=\"https:\/\/vww.pt\/index.php?route=product\/product&amp;path=25&amp;product_id=882\">Cal\u00e7a P129\/4<\/a><\/h4>\t\t\t\t\t\t\t\t\t<p class=\"price\">0.00\u20ac\t\t\t\t\t\t\t\t\t<\/p>\t\t\t\t\t\t\t\t<p class=\"product-des 8\">DESCRI\u00c7\u00c3OCostas mais altas para prote\u00e7\u00e3o da zona dos rinsCintura el\u00e1stica para ajuste ao corpo e evitar entrada de ar frioFecho frontal com molaMalha adaptada aos tornozelos para ajuste perfeitoP\u00e9 el\u00e1sticoIsolamento t\u00e9rmico e forroMant\u00e9m na temperatura em ambientes h\u00famidosResistente, respir\u00e1vel, de ..<\/p>\n\t\t\t\t\t\t\t<\/div>\n                        <\/div>\n                    <\/div>                    <div class=\"product-layout product-list col-xs-12\">\n                        <div class=\"product-thumb\">\n                            <div class=\"image\">\n\t\t\t\t\t\t\t\t<a href=\"https:\/\/vww.pt\/index.php?route=product\/product&amp;path=25&amp;product_id=883\">\n\t\t\t\t\t\t\t\t\t<img src=\"https:\/\/vww.pt\/image\/cache\/catalog\/Prot.%20corpo\/Vestu\u00e1rio%20frio\/P297-1.jpg-500x666.png\" alt=\"Cal\u00e7a P297\" title=\"Cal\u00e7a P297\" class=\"img-responsive\" \/>\t\t\t\t\t\t\t\t<\/a>\t\t\t\t\t\t\t\t<div class=\"action-links\">\n\t\t\t\t\t\t\t\t\t<button class=\"btn-cart\" type=\"button\" data-toggle=\"tooltip\" title=\"Adicionar ao Pedido\" onclick=\"cart.add('883', '1')\"><i class=\"ion-bag\"><\/i><span>Adicionar ao Pedido<\/span><\/button>\n\t\t\t\t\t\t\t\t\t<button class=\"btn-wishlist\" type=\"button\" data-toggle=\"tooltip\" title=\"Add \u00e0 Lista de preferencias\" onclick=\"wishlist.add('883');\"><i class=\"ion-android-favorite-outline\"><\/i><span>Add \u00e0 Lista de preferencias<\/span><\/button>\n\t\t\t\t\t\t\t\t\t<button class=\"btn-compare\" type=\"button\" data-toggle=\"tooltip\" title=\"Comparar\" onclick=\"compare.add('883');\"><i class=\"ion-android-options\"><\/i><span>Comparar<\/span><\/button>\n\t\t\t\t\t\t\t\t\t<button class=\"btn-quickview\" type=\"button\" data-toggle=\"tooltip\" title=\"Quick View\" onclick=\"ocquickview.ajaxView('https:\/\/vww.pt\/index.php?route=product\/product&amp;path=25&amp;product_id=883')\"><i class=\"ion-android-open\"><\/i><span>Quick View<\/span><\/button>\n\t\t\t\t\t\t\t\t<\/div>\n\t\t\t\t\t\t\t<\/div>\n\t\t\t\t\t\t\t<div class=\"caption\">\t\t\t\t\t\t\t\t<p class=\"manufacture-product\">\n\t\t\t\t\t\t\t\t\t<a href=\"https:\/\/vww.pt\/index.php?route=product\/manufacturer\/info&amp;manufacturer_id=24\">REFRIGUE<\/a>\n\t\t\t\t\t\t\t\t<\/p>\t\t\t\t\t\t\t\t<h4 class=\"product-name\"><a href=\"https:\/\/vww.pt\/index.php?route=product\/product&amp;path=25&amp;product_id=883\">Cal\u00e7a P297<\/a><\/h4>\t\t\t\t\t\t\t\t\t<p class=\"price\">0.00\u20ac\t\t\t\t\t\t\t\t\t<\/p>\t\t\t\t\t\t\t\t<p class=\"product-des 8\">DESCRI\u00c7\u00c3OCostas mais altas para prote\u00e7\u00e3o da zona dos rinsSuspens\u00f3rios el\u00e1sticos para ajuste perfeitoFecho frontal com vista e molasAbertura lateral com fecho de 30 cm vista e molasDois bolsos frontais acolchoadosIsolamento t\u00e9rmico e forroMant\u00e9m na temperatura em ambientes h\u00famidosResistente, respir\u00e1v..<\/p>\n\t\t\t\t\t\t\t<\/div>\n                        <\/div>\n                    <\/div>                    <div class=\"product-layout product-list col-xs-12\">\n                        <div class=\"product-thumb\">\n                            <div class=\"image\">\n\t\t\t\t\t\t\t\t<a href=\"https:\/\/vww.pt\/index.php?route=product\/product&amp;path=25&amp;product_id=229\">\n\t\t\t\t\t\t\t\t\t<img src=\"https:\/\/vww.pt\/image\/cache\/catalog\/catalogo\/REFRIGUE\/P40%20Capuz_Refrigue\/Gorro-P40-500x666.jpg\" alt=\"Capuz P40\" title=\"Capuz P40\" class=\"img-responsive\" \/>\t\t\t\t\t\t\t\t<\/a>\t\t\t\t\t\t\t\t<div class=\"action-links\">\n\t\t\t\t\t\t\t\t\t<button class=\"btn-cart\" type=\"button\" data-toggle=\"tooltip\" title=\"Adicionar ao Pedido\" onclick=\"cart.add('229', '1')\"><i class=\"ion-bag\"><\/i><span>Adicionar ao Pedido<\/span><\/button>\n\t\t\t\t\t\t\t\t\t<button class=\"btn-wishlist\" type=\"button\" data-toggle=\"tooltip\" title=\"Add \u00e0 Lista de preferencias\" onclick=\"wishlist.add('229');\"><i class=\"ion-android-favorite-outline\"><\/i><span>Add \u00e0 Lista de preferencias<\/span><\/button>\n\t\t\t\t\t\t\t\t\t<button class=\"btn-compare\" type=\"button\" data-toggle=\"tooltip\" title=\"Comparar\" onclick=\"compare.add('229');\"><i class=\"ion-android-options\"><\/i><span>Comparar<\/span><\/button>\n\t\t\t\t\t\t\t\t\t<button class=\"btn-quickview\" type=\"button\" data-toggle=\"tooltip\" title=\"Quick View\" onclick=\"ocquickview.ajaxView('https:\/\/vww.pt\/index.php?route=product\/product&amp;path=25&amp;product_id=229')\"><i class=\"ion-android-open\"><\/i><span>Quick View<\/span><\/button>\n\t\t\t\t\t\t\t\t<\/div>\n\t\t\t\t\t\t\t<\/div>\n\t\t\t\t\t\t\t<div class=\"caption\">\t\t\t\t\t\t\t\t<p class=\"manufacture-product\">\n\t\t\t\t\t\t\t\t\t<a href=\"https:\/\/vww.pt\/index.php?route=product\/manufacturer\/info&amp;manufacturer_id=24\">REFRIGUE<\/a>\n\t\t\t\t\t\t\t\t<\/p>\t\t\t\t\t\t\t\t<h4 class=\"product-name\"><a href=\"https:\/\/vww.pt\/index.php?route=product\/product&amp;path=25&amp;product_id=229\">Capuz P40<\/a><\/h4>\t\t\t\t\t\t\t\t\t<p class=\"price\">0.00\u20ac\t\t\t\t\t\t\t\t\t<\/p>\t\t\t\t\t\t\t\t<p class=\"product-des 8\">DESCRI\u00c7\u00c3OCapuz amov\u00edvelAdapt\u00e1vel a todos os blus\u00f5es, casacos e canadianas RefrigueCapuz forrado com p\u00ealoTira de malha \u00e0 volta do rostoTranca sueca ajust\u00e1vel ao pesco\u00e7oMolas para fixar aos modelos RefrigueIsolamento t\u00e9rmico e forroMant\u00e9m a temperatura em ambientes h\u00famidos..<\/p>\n\t\t\t\t\t\t\t<\/div>\n                        <\/div>\n                    <\/div>                    <div class=\"product-layout product-list col-xs-12\">\n                        <div class=\"product-thumb\">\n                            <div class=\"image\">\n\t\t\t\t\t\t\t\t<a href=\"https:\/\/vww.pt\/index.php?route=product\/product&amp;path=25&amp;product_id=878\">\n\t\t\t\t\t\t\t\t\t<img src=\"https:\/\/vww.pt\/image\/cache\/catalog\/Prot.%20corpo\/Vestu\u00e1rio%20frio\/P125-frente1-500x666.png\" alt=\"Casaco P125\" title=\"Casaco P125\" class=\"img-responsive\" \/>\t\t\t\t\t\t\t\t<\/a>\t\t\t\t\t\t\t\t<div class=\"action-links\">\n\t\t\t\t\t\t\t\t\t<button class=\"btn-cart\" type=\"button\" data-toggle=\"tooltip\" title=\"Adicionar ao Pedido\" onclick=\"cart.add('878', '1')\"><i class=\"ion-bag\"><\/i><span>Adicionar ao Pedido<\/span><\/button>\n\t\t\t\t\t\t\t\t\t<button class=\"btn-wishlist\" type=\"button\" data-toggle=\"tooltip\" title=\"Add \u00e0 Lista de preferencias\" onclick=\"wishlist.add('878');\"><i class=\"ion-android-favorite-outline\"><\/i><span>Add \u00e0 Lista de preferencias<\/span><\/button>\n\t\t\t\t\t\t\t\t\t<button class=\"btn-compare\" type=\"button\" data-toggle=\"tooltip\" title=\"Comparar\" onclick=\"compare.add('878');\"><i class=\"ion-android-options\"><\/i><span>Comparar<\/span><\/button>\n\t\t\t\t\t\t\t\t\t<button class=\"btn-quickview\" type=\"button\" data-toggle=\"tooltip\" title=\"Quick View\" onclick=\"ocquickview.ajaxView('https:\/\/vww.pt\/index.php?route=product\/product&amp;path=25&amp;product_id=878')\"><i class=\"ion-android-open\"><\/i><span>Quick View<\/span><\/button>\n\t\t\t\t\t\t\t\t<\/div>\n\t\t\t\t\t\t\t<\/div>\n\t\t\t\t\t\t\t<div class=\"caption\">\t\t\t\t\t\t\t\t<p class=\"manufacture-product\">\n\t\t\t\t\t\t\t\t\t<a href=\"https:\/\/vww.pt\/index.php?route=product\/manufacturer\/info&amp;manufacturer_id=24\">REFRIGUE<\/a>\n\t\t\t\t\t\t\t\t<\/p>\t\t\t\t\t\t\t\t<h4 class=\"product-name\"><a href=\"https:\/\/vww.pt\/index.php?route=product\/product&amp;path=25&amp;product_id=878\">Casaco P125<\/a><\/h4>\t\t\t\t\t\t\t\t\t<p class=\"price\">0.00\u20ac\t\t\t\t\t\t\t\t\t<\/p>\t\t\t\t\t\t\t\t<p class=\"product-des 8\">DESCRI\u00c7\u00c3OGola de malha Comprimento at\u00e9 \u00e0 cinturaFecho frontalPunhos de malha para ajuste perfeito2 bolsos inferiores acolchoadosIsolamento t\u00e9rmico e forroMant\u00e9m a temperatura em ambientes h\u00famidosResistente, respir\u00e1vel e de f\u00e1cil manuten\u00e7\u00e3o..<\/p>\n\t\t\t\t\t\t\t<\/div>\n                        <\/div>\n                    <\/div>                    <div class=\"product-layout product-list col-xs-12\">\n                        <div class=\"product-thumb\">\n                            <div class=\"image\">\n\t\t\t\t\t\t\t\t<a href=\"https:\/\/vww.pt\/index.php?route=product\/product&amp;path=25&amp;product_id=879\">\n\t\t\t\t\t\t\t\t\t<img src=\"https:\/\/vww.pt\/image\/cache\/catalog\/Prot.%20corpo\/Vestu\u00e1rio%20frio\/casaco%20p125md-branco-frente-500x666.png\" alt=\"Casaco P125MD\" title=\"Casaco P125MD\" class=\"img-responsive\" \/>\t\t\t\t\t\t\t\t<\/a>\t\t\t\t\t\t\t\t<div class=\"action-links\">\n\t\t\t\t\t\t\t\t\t<button class=\"btn-cart\" type=\"button\" data-toggle=\"tooltip\" title=\"Adicionar ao Pedido\" onclick=\"cart.add('879', '1')\"><i class=\"ion-bag\"><\/i><span>Adicionar ao Pedido<\/span><\/button>\n\t\t\t\t\t\t\t\t\t<button class=\"btn-wishlist\" type=\"button\" data-toggle=\"tooltip\" title=\"Add \u00e0 Lista de preferencias\" onclick=\"wishlist.add('879');\"><i class=\"ion-android-favorite-outline\"><\/i><span>Add \u00e0 Lista de preferencias<\/span><\/button>\n\t\t\t\t\t\t\t\t\t<button class=\"btn-compare\" type=\"button\" data-toggle=\"tooltip\" title=\"Comparar\" onclick=\"compare.add('879');\"><i class=\"ion-android-options\"><\/i><span>Comparar<\/span><\/button>\n\t\t\t\t\t\t\t\t\t<button class=\"btn-quickview\" type=\"button\" data-toggle=\"tooltip\" title=\"Quick View\" onclick=\"ocquickview.ajaxView('https:\/\/vww.pt\/index.php?route=product\/product&amp;path=25&amp;product_id=879')\"><i class=\"ion-android-open\"><\/i><span>Quick View<\/span><\/button>\n\t\t\t\t\t\t\t\t<\/div>\n\t\t\t\t\t\t\t<\/div>\n\t\t\t\t\t\t\t<div class=\"caption\">\t\t\t\t\t\t\t\t<p class=\"manufacture-product\">\n\t\t\t\t\t\t\t\t\t<a href=\"https:\/\/vww.pt\/index.php?route=product\/manufacturer\/info&amp;manufacturer_id=24\">REFRIGUE<\/a>\n\t\t\t\t\t\t\t\t<\/p>\t\t\t\t\t\t\t\t<h4 class=\"product-name\"><a href=\"https:\/\/vww.pt\/index.php?route=product\/product&amp;path=25&amp;product_id=879\">Casaco P125MD<\/a><\/h4>\t\t\t\t\t\t\t\t\t<p class=\"price\">0.00\u20ac\t\t\t\t\t\t\t\t\t<\/p>\t\t\t\t\t\t\t\t<p class=\"product-des 8\">DESCRI\u00c7\u00c3OGola de malha Comprimento at\u00e9 \u00e0 cinturaMangas destac\u00e1veis (em ambiente frio, usar o EPI sempre com mangas colocadas)Fecho frontalPunhos de malha para ajuste perfeito2 bolsos inferiores acolchoadosIsolamento t\u00e9rmico e forroMant\u00e9m a temperatura em ambientes h\u00famidosResistente, respir\u00e1vel e de ..<\/p>\n\t\t\t\t\t\t\t<\/div>\n                        <\/div>\n                    <\/div>                    <div class=\"product-layout product-list col-xs-12\">\n                        <div class=\"product-thumb\">\n                            <div class=\"image\">\n\t\t\t\t\t\t\t\t<a href=\"https:\/\/vww.pt\/index.php?route=product\/product&amp;path=25&amp;product_id=884\">\n\t\t\t\t\t\t\t\t\t<img src=\"https:\/\/vww.pt\/image\/cache\/catalog\/Prot.%20corpo\/Vestu\u00e1rio%20frio\/P394.jpg-500x666.png\" alt=\"Casaco P394\" title=\"Casaco P394\" class=\"img-responsive\" \/>\t\t\t\t\t\t\t\t<\/a>\t\t\t\t\t\t\t\t<div class=\"action-links\">\n\t\t\t\t\t\t\t\t\t<button class=\"btn-cart\" type=\"button\" data-toggle=\"tooltip\" title=\"Adicionar ao Pedido\" onclick=\"cart.add('884', '1')\"><i class=\"ion-bag\"><\/i><span>Adicionar ao Pedido<\/span><\/button>\n\t\t\t\t\t\t\t\t\t<button class=\"btn-wishlist\" type=\"button\" data-toggle=\"tooltip\" title=\"Add \u00e0 Lista de preferencias\" onclick=\"wishlist.add('884');\"><i class=\"ion-android-favorite-outline\"><\/i><span>Add \u00e0 Lista de preferencias<\/span><\/button>\n\t\t\t\t\t\t\t\t\t<button class=\"btn-compare\" type=\"button\" data-toggle=\"tooltip\" title=\"Comparar\" onclick=\"compare.add('884');\"><i class=\"ion-android-options\"><\/i><span>Comparar<\/span><\/button>\n\t\t\t\t\t\t\t\t\t<button class=\"btn-quickview\" type=\"button\" data-toggle=\"tooltip\" title=\"Quick View\" onclick=\"ocquickview.ajaxView('https:\/\/vww.pt\/index.php?route=product\/product&amp;path=25&amp;product_id=884')\"><i class=\"ion-android-open\"><\/i><span>Quick View<\/span><\/button>\n\t\t\t\t\t\t\t\t<\/div>\n\t\t\t\t\t\t\t<\/div>\n\t\t\t\t\t\t\t<div class=\"caption\">\t\t\t\t\t\t\t\t<p class=\"manufacture-product\">\n\t\t\t\t\t\t\t\t\t<a href=\"https:\/\/vww.pt\/index.php?route=product\/manufacturer\/info&amp;manufacturer_id=24\">REFRIGUE<\/a>\n\t\t\t\t\t\t\t\t<\/p>\t\t\t\t\t\t\t\t<h4 class=\"product-name\"><a href=\"https:\/\/vww.pt\/index.php?route=product\/product&amp;path=25&amp;product_id=884\">Casaco P394<\/a><\/h4>\t\t\t\t\t\t\t\t\t<p class=\"price\">0.00\u20ac\t\t\t\t\t\t\t\t\t<\/p>\t\t\t\t\t\t\t\t<p class=\"product-des 8\">DESCRI\u00c7\u00c3OGola em p\u00ealoFecho frontal com vista e molasEl\u00e1stico nas costas para evitar entrada de ar frioUm bolso peito com paleta e separador de canetasDois bolsos inferiores acolchoadosPunhos de malha para ajuste perfeitoIsolamento t\u00e9rmico e forroMant\u00e9m na temperatura em ambientes h\u00famidosResistente, ..<\/p>\n\t\t\t\t\t\t\t<\/div>\n                        <\/div>\n                    <\/div>                    <div class=\"product-layout product-list col-xs-12\">\n                        <div class=\"product-thumb\">\n                            <div class=\"image\">\n\t\t\t\t\t\t\t\t<a href=\"https:\/\/vww.pt\/index.php?route=product\/product&amp;path=25&amp;product_id=232\">\n\t\t\t\t\t\t\t\t\t<img src=\"https:\/\/vww.pt\/image\/cache\/catalog\/catalogo\/REFRIGUE\/P56%20Blusao_Refrigue\/P56-500x666.jpg\" alt=\"Casaco P56\" title=\"Casaco P56\" class=\"img-responsive\" \/>\t\t\t\t\t\t\t\t<\/a>\t\t\t\t\t\t\t\t<div class=\"action-links\">\n\t\t\t\t\t\t\t\t\t<button class=\"btn-cart\" type=\"button\" data-toggle=\"tooltip\" title=\"Adicionar ao Pedido\" onclick=\"cart.add('232', '1')\"><i class=\"ion-bag\"><\/i><span>Adicionar ao Pedido<\/span><\/button>\n\t\t\t\t\t\t\t\t\t<button class=\"btn-wishlist\" type=\"button\" data-toggle=\"tooltip\" title=\"Add \u00e0 Lista de preferencias\" onclick=\"wishlist.add('232');\"><i class=\"ion-android-favorite-outline\"><\/i><span>Add \u00e0 Lista de preferencias<\/span><\/button>\n\t\t\t\t\t\t\t\t\t<button class=\"btn-compare\" type=\"button\" data-toggle=\"tooltip\" title=\"Comparar\" onclick=\"compare.add('232');\"><i class=\"ion-android-options\"><\/i><span>Comparar<\/span><\/button>\n\t\t\t\t\t\t\t\t\t<button class=\"btn-quickview\" type=\"button\" data-toggle=\"tooltip\" title=\"Quick View\" onclick=\"ocquickview.ajaxView('https:\/\/vww.pt\/index.php?route=product\/product&amp;path=25&amp;product_id=232')\"><i class=\"ion-android-open\"><\/i><span>Quick View<\/span><\/button>\n\t\t\t\t\t\t\t\t<\/div>\n\t\t\t\t\t\t\t<\/div>\n\t\t\t\t\t\t\t<div class=\"caption\">\t\t\t\t\t\t\t\t<p class=\"manufacture-product\">\n\t\t\t\t\t\t\t\t\t<a href=\"https:\/\/vww.pt\/index.php?route=product\/manufacturer\/info&amp;manufacturer_id=24\">REFRIGUE<\/a>\n\t\t\t\t\t\t\t\t<\/p>\t\t\t\t\t\t\t\t<h4 class=\"product-name\"><a href=\"https:\/\/vww.pt\/index.php?route=product\/product&amp;path=25&amp;product_id=232\">Casaco P56<\/a><\/h4>\t\t\t\t\t\t\t\t\t<p class=\"price\">0.00\u20ac\t\t\t\t\t\t\t\t\t<\/p>\t\t\t\t\t\t\t\t<p class=\"product-des 8\">DESCRI\u00c7\u00c3OUtilizado pelas for\u00e7as militarizadas e policiais como complemento de uniformeIdeal para colaboradores com atividades&amp;nbsp;no exteriorPode ser utilizado como blus\u00e3o desportivoSuporta atividade&amp;nbsp;moderada at\u00e9&amp;nbsp;-32\u00ba CGola em p\u00ealoFecho frontal com vista e molas1 bolso interior no peito d..<\/p>\n\t\t\t\t\t\t\t<\/div>\n                        <\/div>\n                    <\/div>                    <div class=\"product-layout product-list col-xs-12\">\n                        <div class=\"product-thumb\">\n                            <div class=\"image\">\n\t\t\t\t\t\t\t\t<a href=\"https:\/\/vww.pt\/index.php?route=product\/product&amp;path=25&amp;product_id=881\">\n\t\t\t\t\t\t\t\t\t<img src=\"https:\/\/vww.pt\/image\/cache\/catalog\/Prot.%20corpo\/Vestu\u00e1rio%20frio\/casaco%20p60-01-frente-500x666.png\" alt=\"Casaco P60\" title=\"Casaco P60\" class=\"img-responsive\" \/>\t\t\t\t\t\t\t\t<\/a>\t\t\t\t\t\t\t\t<div class=\"action-links\">\n\t\t\t\t\t\t\t\t\t<button class=\"btn-cart\" type=\"button\" data-toggle=\"tooltip\" title=\"Adicionar ao Pedido\" onclick=\"cart.add('881', '1')\"><i class=\"ion-bag\"><\/i><span>Adicionar ao Pedido<\/span><\/button>\n\t\t\t\t\t\t\t\t\t<button class=\"btn-wishlist\" type=\"button\" data-toggle=\"tooltip\" title=\"Add \u00e0 Lista de preferencias\" onclick=\"wishlist.add('881');\"><i class=\"ion-android-favorite-outline\"><\/i><span>Add \u00e0 Lista de preferencias<\/span><\/button>\n\t\t\t\t\t\t\t\t\t<button class=\"btn-compare\" type=\"button\" data-toggle=\"tooltip\" title=\"Comparar\" onclick=\"compare.add('881');\"><i class=\"ion-android-options\"><\/i><span>Comparar<\/span><\/button>\n\t\t\t\t\t\t\t\t\t<button class=\"btn-quickview\" type=\"button\" data-toggle=\"tooltip\" title=\"Quick View\" onclick=\"ocquickview.ajaxView('https:\/\/vww.pt\/index.php?route=product\/product&amp;path=25&amp;product_id=881')\"><i class=\"ion-android-open\"><\/i><span>Quick View<\/span><\/button>\n\t\t\t\t\t\t\t\t<\/div>\n\t\t\t\t\t\t\t<\/div>\n\t\t\t\t\t\t\t<div class=\"caption\">\t\t\t\t\t\t\t\t<p class=\"manufacture-product\">\n\t\t\t\t\t\t\t\t\t<a href=\"https:\/\/vww.pt\/index.php?route=product\/manufacturer\/info&amp;manufacturer_id=24\">REFRIGUE<\/a>\n\t\t\t\t\t\t\t\t<\/p>\t\t\t\t\t\t\t\t<h4 class=\"product-name\"><a href=\"https:\/\/vww.pt\/index.php?route=product\/product&amp;path=25&amp;product_id=881\">Casaco P60<\/a><\/h4>\t\t\t\t\t\t\t\t\t<p class=\"price\">0.00\u20ac\t\t\t\t\t\t\t\t\t<\/p>\t\t\t\t\t\t\t\t<p class=\"product-des 8\">DESCRI\u00c7\u00c3OCasaco comprido (Parka)Capuz forrado com p\u00ealo e tira de malha canelada \u00e0 volta do rostoCord\u00e3o com tranca para ajustar capuzMangas Raglan para facilitar a sua coloca\u00e7\u00e3oFecho frontal com vistas e molasUm bolso peitoDois bolsos inferiores acolchoadosPunhos de malha para ajuste perfeitoCintura ..<\/p>\n\t\t\t\t\t\t\t<\/div>\n                        <\/div>\n                    <\/div>                    <div class=\"product-layout product-list col-xs-12\">\n                        <div class=\"product-thumb\">\n                            <div class=\"image\">\n\t\t\t\t\t\t\t\t<a href=\"https:\/\/vww.pt\/index.php?route=product\/product&amp;path=25&amp;product_id=52\">\n\t\t\t\t\t\t\t\t\t<img src=\"https:\/\/vww.pt\/image\/cache\/catalog\/catalogo\/REFRIGUE\/P12%20Colete_Refrigue\/P12-6-500x666.jpg\" alt=\"Colete P12\" title=\"Colete P12\" class=\"img-responsive\" \/>\t\t\t\t\t\t\t\t<\/a>\t\t\t\t\t\t\t\t<div class=\"action-links\">\n\t\t\t\t\t\t\t\t\t<button class=\"btn-cart\" type=\"button\" data-toggle=\"tooltip\" title=\"Adicionar ao Pedido\" onclick=\"cart.add('52', '1')\"><i class=\"ion-bag\"><\/i><span>Adicionar ao Pedido<\/span><\/button>\n\t\t\t\t\t\t\t\t\t<button class=\"btn-wishlist\" type=\"button\" data-toggle=\"tooltip\" title=\"Add \u00e0 Lista de preferencias\" onclick=\"wishlist.add('52');\"><i class=\"ion-android-favorite-outline\"><\/i><span>Add \u00e0 Lista de preferencias<\/span><\/button>\n\t\t\t\t\t\t\t\t\t<button class=\"btn-compare\" type=\"button\" data-toggle=\"tooltip\" title=\"Comparar\" onclick=\"compare.add('52');\"><i class=\"ion-android-options\"><\/i><span>Comparar<\/span><\/button>\n\t\t\t\t\t\t\t\t\t<button class=\"btn-quickview\" type=\"button\" data-toggle=\"tooltip\" title=\"Quick View\" onclick=\"ocquickview.ajaxView('https:\/\/vww.pt\/index.php?route=product\/product&amp;path=25&amp;product_id=52')\"><i class=\"ion-android-open\"><\/i><span>Quick View<\/span><\/button>\n\t\t\t\t\t\t\t\t<\/div>\n\t\t\t\t\t\t\t<\/div>\n\t\t\t\t\t\t\t<div class=\"caption\">\t\t\t\t\t\t\t\t<p class=\"manufacture-product\">\n\t\t\t\t\t\t\t\t\t<a href=\"https:\/\/vww.pt\/index.php?route=product\/manufacturer\/info&amp;manufacturer_id=24\">REFRIGUE<\/a>\n\t\t\t\t\t\t\t\t<\/p>\t\t\t\t\t\t\t\t<h4 class=\"product-name\"><a href=\"https:\/\/vww.pt\/index.php?route=product\/product&amp;path=25&amp;product_id=52\">Colete P12<\/a><\/h4>\t\t\t\t\t\t\t\t\t<p class=\"price\">0.00\u20ac\t\t\t\t\t\t\t\t\t<\/p>\t\t\t\t\t\t\t\t<p class=\"product-des 8\">DESCRI\u00c7\u00c3OComprimento acrescido nas costas para prote\u00e7\u00e3o&amp;nbsp;da zona dos rins.Fecho frontal.Gola de malha.Malha el\u00e1stica nas laterais.1 bolso peito.2 bolsos inferiores acolchoados.Isolamento t\u00e9rmico e forro.Mant\u00e9m a temperatura em ambientes h\u00famidos...<\/p>\n\t\t\t\t\t\t\t<\/div>\n                        <\/div>\n                    <\/div>                    <div class=\"product-layout product-list col-xs-12\">\n                        <div class=\"product-thumb\">\n                            <div class=\"image\">\n\t\t\t\t\t\t\t\t<a href=\"https:\/\/vww.pt\/index.php?route=product\/product&amp;path=25&amp;product_id=230\">\n\t\t\t\t\t\t\t\t\t<img src=\"https:\/\/vww.pt\/image\/cache\/catalog\/catalogo\/REFRIGUE\/P13%20Colete_Refrigue\/P13-Black-Front-500x666.jpg\" alt=\"Colete P13\" title=\"Colete P13\" class=\"img-responsive\" \/>\t\t\t\t\t\t\t\t<\/a>\t\t\t\t\t\t\t\t<div class=\"action-links\">\n\t\t\t\t\t\t\t\t\t<button class=\"btn-cart\" type=\"button\" data-toggle=\"tooltip\" title=\"Adicionar ao Pedido\" onclick=\"cart.add('230', '1')\"><i class=\"ion-bag\"><\/i><span>Adicionar ao Pedido<\/span><\/button>\n\t\t\t\t\t\t\t\t\t<button class=\"btn-wishlist\" type=\"button\" data-toggle=\"tooltip\" title=\"Add \u00e0 Lista de preferencias\" onclick=\"wishlist.add('230');\"><i class=\"ion-android-favorite-outline\"><\/i><span>Add \u00e0 Lista de preferencias<\/span><\/button>\n\t\t\t\t\t\t\t\t\t<button class=\"btn-compare\" type=\"button\" data-toggle=\"tooltip\" title=\"Comparar\" onclick=\"compare.add('230');\"><i class=\"ion-android-options\"><\/i><span>Comparar<\/span><\/button>\n\t\t\t\t\t\t\t\t\t<button class=\"btn-quickview\" type=\"button\" data-toggle=\"tooltip\" title=\"Quick View\" onclick=\"ocquickview.ajaxView('https:\/\/vww.pt\/index.php?route=product\/product&amp;path=25&amp;product_id=230')\"><i class=\"ion-android-open\"><\/i><span>Quick View<\/span><\/button>\n\t\t\t\t\t\t\t\t<\/div>\n\t\t\t\t\t\t\t<\/div>\n\t\t\t\t\t\t\t<div class=\"caption\">\t\t\t\t\t\t\t\t<p class=\"manufacture-product\">\n\t\t\t\t\t\t\t\t\t<a href=\"https:\/\/vww.pt\/index.php?route=product\/manufacturer\/info&amp;manufacturer_id=24\">REFRIGUE<\/a>\n\t\t\t\t\t\t\t\t<\/p>\t\t\t\t\t\t\t\t<h4 class=\"product-name\"><a href=\"https:\/\/vww.pt\/index.php?route=product\/product&amp;path=25&amp;product_id=230\">Colete P13<\/a><\/h4>\t\t\t\t\t\t\t\t\t<p class=\"price\">0.00\u20ac\t\t\t\t\t\t\t\t\t<\/p>\t\t\t\t\t\t\t\t<p class=\"product-des 8\">DESCRI\u00c7\u00c3OPode ser produzido com ou sem bolsosComprimento acrescido nas costas para prote\u00e7\u00e3o da zona dos rinsFecho frontalGola de malhaMalha el\u00e1stica nas laterais2 bolsos inferiores acolchoadosIsolamento t\u00e9rmico e forroMant\u00e9m a temperatura em ambientes h\u00famidosResistenteRespir\u00e1velF\u00e1cil manuten\u00e7\u00e3oCOMPO..<\/p>\n\t\t\t\t\t\t\t<\/div>\n                        <\/div>\n                    <\/div>                    <div class=\"product-layout product-list col-xs-12\">\n                        <div class=\"product-thumb\">\n                            <div class=\"image\">\n\t\t\t\t\t\t\t\t<a href=\"https:\/\/vww.pt\/index.php?route=product\/product&amp;path=25&amp;product_id=885\">\n\t\t\t\t\t\t\t\t\t<img src=\"https:\/\/vww.pt\/image\/cache\/catalog\/Prot.%20corpo\/Vestu\u00e1rio%20frio\/P540-Front-5.jpg-500x666.png\" alt=\"Fato macaco P540\" title=\"Fato macaco P540\" class=\"img-responsive\" \/>\t\t\t\t\t\t\t\t<\/a>\t\t\t\t\t\t\t\t<div class=\"action-links\">\n\t\t\t\t\t\t\t\t\t<button class=\"btn-cart\" type=\"button\" data-toggle=\"tooltip\" title=\"Adicionar ao Pedido\" onclick=\"cart.add('885', '1')\"><i class=\"ion-bag\"><\/i><span>Adicionar ao Pedido<\/span><\/button>\n\t\t\t\t\t\t\t\t\t<button class=\"btn-wishlist\" type=\"button\" data-toggle=\"tooltip\" title=\"Add \u00e0 Lista de preferencias\" onclick=\"wishlist.add('885');\"><i class=\"ion-android-favorite-outline\"><\/i><span>Add \u00e0 Lista de preferencias<\/span><\/button>\n\t\t\t\t\t\t\t\t\t<button class=\"btn-compare\" type=\"button\" data-toggle=\"tooltip\" title=\"Comparar\" onclick=\"compare.add('885');\"><i class=\"ion-android-options\"><\/i><span>Comparar<\/span><\/button>\n\t\t\t\t\t\t\t\t\t<button class=\"btn-quickview\" type=\"button\" data-toggle=\"tooltip\" title=\"Quick View\" onclick=\"ocquickview.ajaxView('https:\/\/vww.pt\/index.php?route=product\/product&amp;path=25&amp;product_id=885')\"><i class=\"ion-android-open\"><\/i><span>Quick View<\/span><\/button>\n\t\t\t\t\t\t\t\t<\/div>\n\t\t\t\t\t\t\t<\/div>\n\t\t\t\t\t\t\t<div class=\"caption\">\t\t\t\t\t\t\t\t<p class=\"manufacture-product\">\n\t\t\t\t\t\t\t\t\t<a href=\"https:\/\/vww.pt\/index.php?route=product\/manufacturer\/info&amp;manufacturer_id=24\">REFRIGUE<\/a>\n\t\t\t\t\t\t\t\t<\/p>\t\t\t\t\t\t\t\t<h4 class=\"product-name\"><a href=\"https:\/\/vww.pt\/index.php?route=product\/product&amp;path=25&amp;product_id=885\">Fato macaco P540<\/a><\/h4>\t\t\t\t\t\t\t\t\t<p class=\"price\">0.00\u20ac\t\t\t\t\t\t\t\t\t<\/p>\t\t\t\t\t\t\t\t<p class=\"product-des 8\">DESCRI\u00c7\u00c3OCanadiana f\u00e1cil e r\u00e1pida de vestirGola em p\u00ealo para conforto e calor t\u00e9rmicoFecho frontal com vistas e molasUm bolso peito com paleta e molaDois bolsos frontais acolchoados com paleta e molasPunhos de malha para ajuste perfeitoCintura ajust\u00e1vel por tiras de velcro nas costasAbertura lateral..<\/p>\n\t\t\t\t\t\t\t<\/div>\n                        <\/div>\n                    <\/div>                    <div class=\"product-layout product-list col-xs-12\">\n                        <div class=\"product-thumb\">\n                            <div class=\"image\">\n\t\t\t\t\t\t\t\t<a href=\"https:\/\/vww.pt\/index.php?route=product\/product&amp;path=25&amp;product_id=564\">\n\t\t\t\t\t\t\t\t\t<img src=\"https:\/\/vww.pt\/image\/cache\/catalog\/catalogo\/FARU\/PROT.%20AUDITIVA%20-%20OK\/Auricular%20de%20comunicacao\/C158_Peltor%20FM%20Worktunes_3M\/C158_Peltor%20FM%20Worktunes_3M-500x666.jpg\" alt=\" Auriculares PELTOR Fm Worktunes\" title=\" Auriculares PELTOR Fm Worktunes\" class=\"img-responsive\" \/>\t\t\t\t\t\t\t\t<\/a>\t\t\t\t\t\t\t\t<div class=\"action-links\">\n\t\t\t\t\t\t\t\t\t<button class=\"btn-cart\" type=\"button\" data-toggle=\"tooltip\" title=\"Adicionar ao Pedido\" onclick=\"cart.add('564', '1')\"><i class=\"ion-bag\"><\/i><span>Adicionar ao Pedido<\/span><\/button>\n\t\t\t\t\t\t\t\t\t<button class=\"btn-wishlist\" type=\"button\" data-toggle=\"tooltip\" title=\"Add \u00e0 Lista de preferencias\" onclick=\"wishlist.add('564');\"><i class=\"ion-android-favorite-outline\"><\/i><span>Add \u00e0 Lista de preferencias<\/span><\/button>\n\t\t\t\t\t\t\t\t\t<button class=\"btn-compare\" type=\"button\" data-toggle=\"tooltip\" title=\"Comparar\" onclick=\"compare.add('564');\"><i class=\"ion-android-options\"><\/i><span>Comparar<\/span><\/button>\n\t\t\t\t\t\t\t\t\t<button class=\"btn-quickview\" type=\"button\" data-toggle=\"tooltip\" title=\"Quick View\" onclick=\"ocquickview.ajaxView('https:\/\/vww.pt\/index.php?route=product\/product&amp;path=25&amp;product_id=564')\"><i class=\"ion-android-open\"><\/i><span>Quick View<\/span><\/button>\n\t\t\t\t\t\t\t\t<\/div>\n\t\t\t\t\t\t\t<\/div>\n\t\t\t\t\t\t\t<div class=\"caption\">\t\t\t\t\t\t\t\t<p class=\"manufacture-product\">\n\t\t\t\t\t\t\t\t\t<a href=\"https:\/\/vww.pt\/index.php?route=product\/manufacturer\/info&amp;manufacturer_id=12\">3M<\/a>\n\t\t\t\t\t\t\t\t<\/p>\t\t\t\t\t\t\t\t<h4 class=\"product-name\"><a href=\"https:\/\/vww.pt\/index.php?route=product\/product&amp;path=25&amp;product_id=564\"> Auriculares PELTOR Fm Worktunes<\/a><\/h4>\t\t\t\t\t\t\t\t\t<p class=\"price\">0.00\u20ac\t\t\t\t\t\t\t\t\t<\/p>\t\t\t\t\t\t\t\t<p class=\"product-des 8\">DESCRI\u00c7\u00c3OOs auscultadores de r\u00e1dio FM com antena incorporada para evitar movimentos bruscos no equipamentoEntrada est\u00e9reo de 3,5 mm apenas para escuta (limitada a 82 dB) para liga\u00e7\u00e3o a dispositivos externos (por ex.: telem\u00f3vel, r\u00e1dio, r\u00e1dio bidirecional e iPod)Os auscultadores desligam-se automatica..<\/p>\n\t\t\t\t\t\t\t<\/div>\n                        <\/div>\n                    <\/div>                    <div class=\"product-layout product-list col-xs-12\">\n                        <div class=\"product-thumb\">\n                            <div class=\"image\">\n\t\t\t\t\t\t\t\t<a href=\"https:\/\/vww.pt\/index.php?route=product\/product&amp;path=25&amp;product_id=1137\">\n\t\t\t\t\t\t\t\t\t<img src=\"https:\/\/vww.pt\/image\/cache\/catalog\/catalogo\/MARCA\/prot.%20auditiva\/1988_OP.jpg-500x666.png\" alt=\"Abafador Samurai\" title=\"Abafador Samurai\" class=\"img-responsive\" \/>\t\t\t\t\t\t\t\t<\/a>\t\t\t\t\t\t\t\t<div class=\"action-links\">\n\t\t\t\t\t\t\t\t\t<button class=\"btn-cart\" type=\"button\" data-toggle=\"tooltip\" title=\"Adicionar ao Pedido\" onclick=\"cart.add('1137', '1')\"><i class=\"ion-bag\"><\/i><span>Adicionar ao Pedido<\/span><\/button>\n\t\t\t\t\t\t\t\t\t<button class=\"btn-wishlist\" type=\"button\" data-toggle=\"tooltip\" title=\"Add \u00e0 Lista de preferencias\" onclick=\"wishlist.add('1137');\"><i class=\"ion-android-favorite-outline\"><\/i><span>Add \u00e0 Lista de preferencias<\/span><\/button>\n\t\t\t\t\t\t\t\t\t<button class=\"btn-compare\" type=\"button\" data-toggle=\"tooltip\" title=\"Comparar\" onclick=\"compare.add('1137');\"><i class=\"ion-android-options\"><\/i><span>Comparar<\/span><\/button>\n\t\t\t\t\t\t\t\t\t<button class=\"btn-quickview\" type=\"button\" data-toggle=\"tooltip\" title=\"Quick View\" onclick=\"ocquickview.ajaxView('https:\/\/vww.pt\/index.php?route=product\/product&amp;path=25&amp;product_id=1137')\"><i class=\"ion-android-open\"><\/i><span>Quick View<\/span><\/button>\n\t\t\t\t\t\t\t\t<\/div>\n\t\t\t\t\t\t\t<\/div>\n\t\t\t\t\t\t\t<div class=\"caption\">\t\t\t\t\t\t\t\t<p class=\"manufacture-product\">\n\t\t\t\t\t\t\t\t\t<a href=\"https:\/\/vww.pt\/index.php?route=product\/manufacturer\/info&amp;manufacturer_id=32\">MARCA<\/a>\n\t\t\t\t\t\t\t\t<\/p>\t\t\t\t\t\t\t\t<h4 class=\"product-name\"><a href=\"https:\/\/vww.pt\/index.php?route=product\/product&amp;path=25&amp;product_id=1137\">Abafador Samurai<\/a><\/h4>\t\t\t\t\t\t\t\t\t<p class=\"price\">0.00\u20ac\t\t\t\t\t\t\t\t\t<\/p>\t\t\t\t\t\t\t\t<p class=\"product-des 8\">DESCRI\u00c7\u00c3OProtetor auditivo dobr\u00e1vel e leve com atenua\u00e7\u00e3o muito alta (32dB)Ajust\u00e1vel em alturaDobr\u00e1vel para f\u00e1cil transporte e armazenamentoMaior visibilidade do usu\u00e1rioTermina\u00e7\u00f5es angulares que geram melhor comportamento de dispers\u00e3o sonoraNORMAS E CERTEFICA\u00c7\u00d5ESEN 352-1..<\/p>\n\t\t\t\t\t\t\t<\/div>\n                        <\/div>\n                    <\/div>                    <div class=\"product-layout product-list col-xs-12\">\n                        <div class=\"product-thumb\">\n                            <div class=\"image\">\n\t\t\t\t\t\t\t\t<a href=\"https:\/\/vww.pt\/index.php?route=product\/product&amp;path=25&amp;product_id=1138\">\n\t\t\t\t\t\t\t\t\t<img src=\"https:\/\/vww.pt\/image\/cache\/catalog\/catalogo\/MARCA\/prot.%20auditiva\/1988_OSC.jpg-500x666.png\" alt=\"Abafador Samurai 2\" title=\"Abafador Samurai 2\" class=\"img-responsive\" \/>\t\t\t\t\t\t\t\t<\/a>\t\t\t\t\t\t\t\t<div class=\"action-links\">\n\t\t\t\t\t\t\t\t\t<button class=\"btn-cart\" type=\"button\" data-toggle=\"tooltip\" title=\"Adicionar ao Pedido\" onclick=\"cart.add('1138', '1')\"><i class=\"ion-bag\"><\/i><span>Adicionar ao Pedido<\/span><\/button>\n\t\t\t\t\t\t\t\t\t<button class=\"btn-wishlist\" type=\"button\" data-toggle=\"tooltip\" title=\"Add \u00e0 Lista de preferencias\" onclick=\"wishlist.add('1138');\"><i class=\"ion-android-favorite-outline\"><\/i><span>Add \u00e0 Lista de preferencias<\/span><\/button>\n\t\t\t\t\t\t\t\t\t<button class=\"btn-compare\" type=\"button\" data-toggle=\"tooltip\" title=\"Comparar\" onclick=\"compare.add('1138');\"><i class=\"ion-android-options\"><\/i><span>Comparar<\/span><\/button>\n\t\t\t\t\t\t\t\t\t<button class=\"btn-quickview\" type=\"button\" data-toggle=\"tooltip\" title=\"Quick View\" onclick=\"ocquickview.ajaxView('https:\/\/vww.pt\/index.php?route=product\/product&amp;path=25&amp;product_id=1138')\"><i class=\"ion-android-open\"><\/i><span>Quick View<\/span><\/button>\n\t\t\t\t\t\t\t\t<\/div>\n\t\t\t\t\t\t\t<\/div>\n\t\t\t\t\t\t\t<div class=\"caption\">\t\t\t\t\t\t\t\t<p class=\"manufacture-product\">\n\t\t\t\t\t\t\t\t\t<a href=\"https:\/\/vww.pt\/index.php?route=product\/manufacturer\/info&amp;manufacturer_id=32\">MARCA<\/a>\n\t\t\t\t\t\t\t\t<\/p>\t\t\t\t\t\t\t\t<h4 class=\"product-name\"><a href=\"https:\/\/vww.pt\/index.php?route=product\/product&amp;path=25&amp;product_id=1138\">Abafador Samurai 2<\/a><\/h4>\t\t\t\t\t\t\t\t\t<p class=\"price\">0.00\u20ac\t\t\t\t\t\t\t\t\t<\/p>\t\t\t\t\t\t\t\t<p class=\"product-des 8\">DESCRI\u00c7\u00c3OProtetor auditivo para capacete muito leve e com alta atenua\u00e7\u00e3o (26dB)Ajust\u00e1vel em alturaDobr\u00e1vel para f\u00e1cil transporte e armazenamentoSem pe\u00e7as met\u00e1licasNORMAS E CERTEFICA\u00c7\u00d5ESEN 352-3..<\/p>\n\t\t\t\t\t\t\t<\/div>\n                        <\/div>\n                    <\/div>                    <div class=\"product-layout product-list col-xs-12\">\n                        <div class=\"product-thumb\">\n                            <div class=\"image\">\n\t\t\t\t\t\t\t\t<a href=\"https:\/\/vww.pt\/index.php?route=product\/product&amp;path=25&amp;product_id=1136\">\n\t\t\t\t\t\t\t\t\t<img src=\"https:\/\/vww.pt\/image\/cache\/catalog\/catalogo\/MARCA\/prot.%20auditiva\/1988_OE.jpg-500x666.png\" alt=\"Abafador Thunder\" title=\"Abafador Thunder\" class=\"img-responsive\" \/>\t\t\t\t\t\t\t\t<\/a>\t\t\t\t\t\t\t\t<div class=\"action-links\">\n\t\t\t\t\t\t\t\t\t<button class=\"btn-cart\" type=\"button\" data-toggle=\"tooltip\" title=\"Adicionar ao Pedido\" onclick=\"cart.add('1136', '1')\"><i class=\"ion-bag\"><\/i><span>Adicionar ao Pedido<\/span><\/button>\n\t\t\t\t\t\t\t\t\t<button class=\"btn-wishlist\" type=\"button\" data-toggle=\"tooltip\" title=\"Add \u00e0 Lista de preferencias\" onclick=\"wishlist.add('1136');\"><i class=\"ion-android-favorite-outline\"><\/i><span>Add \u00e0 Lista de preferencias<\/span><\/button>\n\t\t\t\t\t\t\t\t\t<button class=\"btn-compare\" type=\"button\" data-toggle=\"tooltip\" title=\"Comparar\" onclick=\"compare.add('1136');\"><i class=\"ion-android-options\"><\/i><span>Comparar<\/span><\/button>\n\t\t\t\t\t\t\t\t\t<button class=\"btn-quickview\" type=\"button\" data-toggle=\"tooltip\" title=\"Quick View\" onclick=\"ocquickview.ajaxView('https:\/\/vww.pt\/index.php?route=product\/product&amp;path=25&amp;product_id=1136')\"><i class=\"ion-android-open\"><\/i><span>Quick View<\/span><\/button>\n\t\t\t\t\t\t\t\t<\/div>\n\t\t\t\t\t\t\t<\/div>\n\t\t\t\t\t\t\t<div class=\"caption\">\t\t\t\t\t\t\t\t<p class=\"manufacture-product\">\n\t\t\t\t\t\t\t\t\t<a href=\"https:\/\/vww.pt\/index.php?route=product\/manufacturer\/info&amp;manufacturer_id=32\">MARCA<\/a>\n\t\t\t\t\t\t\t\t<\/p>\t\t\t\t\t\t\t\t<h4 class=\"product-name\"><a href=\"https:\/\/vww.pt\/index.php?route=product\/product&amp;path=25&amp;product_id=1136\">Abafador Thunder<\/a><\/h4>\t\t\t\t\t\t\t\t\t<p class=\"price\">0.00\u20ac\t\t\t\t\t\t\t\t\t<\/p>\t\t\t\t\t\t\t\t<p class=\"product-des 8\">DESCRI\u00c7\u00c3OProtetor auditivo muito leve com atenua\u00e7\u00e3o m\u00e9dia-alta (27dB)Ajust\u00e1vel em alturaProtetor auditivo diel\u00e9trico, sem componentes mec\u00e2nicos (isento de metal)Maior visibilidade do usu\u00e1rioTermina\u00e7\u00f5es angulares que geram melhor comportamento de dispers\u00e3o sonoraArn\u00eas dobr\u00e1vel para tornar seu uso com..<\/p>\n\t\t\t\t\t\t\t<\/div>\n                        <\/div>\n                    <\/div>                    <div class=\"product-layout product-list col-xs-12\">\n                        <div class=\"product-thumb\">\n                            <div class=\"image\">\n\t\t\t\t\t\t\t\t<a href=\"https:\/\/vww.pt\/index.php?route=product\/product&amp;path=25&amp;product_id=1139\">\n\t\t\t\t\t\t\t\t\t<img src=\"https:\/\/vww.pt\/image\/cache\/catalog\/catalogo\/MARCA\/prot.%20auditiva\/1988_OC.jpg-500x666.png\" alt=\"Abafador ThunderStruck\" title=\"Abafador ThunderStruck\" class=\"img-responsive\" \/>\t\t\t\t\t\t\t\t<\/a>\t\t\t\t\t\t\t\t<div class=\"action-links\">\n\t\t\t\t\t\t\t\t\t<button class=\"btn-cart\" type=\"button\" data-toggle=\"tooltip\" title=\"Adicionar ao Pedido\" onclick=\"cart.add('1139', '1')\"><i class=\"ion-bag\"><\/i><span>Adicionar ao Pedido<\/span><\/button>\n\t\t\t\t\t\t\t\t\t<button class=\"btn-wishlist\" type=\"button\" data-toggle=\"tooltip\" title=\"Add \u00e0 Lista de preferencias\" onclick=\"wishlist.add('1139');\"><i class=\"ion-android-favorite-outline\"><\/i><span>Add \u00e0 Lista de preferencias<\/span><\/button>\n\t\t\t\t\t\t\t\t\t<button class=\"btn-compare\" type=\"button\" data-toggle=\"tooltip\" title=\"Comparar\" onclick=\"compare.add('1139');\"><i class=\"ion-android-options\"><\/i><span>Comparar<\/span><\/button>\n\t\t\t\t\t\t\t\t\t<button class=\"btn-quickview\" type=\"button\" data-toggle=\"tooltip\" title=\"Quick View\" onclick=\"ocquickview.ajaxView('https:\/\/vww.pt\/index.php?route=product\/product&amp;path=25&amp;product_id=1139')\"><i class=\"ion-android-open\"><\/i><span>Quick View<\/span><\/button>\n\t\t\t\t\t\t\t\t<\/div>\n\t\t\t\t\t\t\t<\/div>\n\t\t\t\t\t\t\t<div class=\"caption\">\t\t\t\t\t\t\t\t<p class=\"manufacture-product\">\n\t\t\t\t\t\t\t\t\t<a href=\"https:\/\/vww.pt\/index.php?route=product\/manufacturer\/info&amp;manufacturer_id=32\">MARCA<\/a>\n\t\t\t\t\t\t\t\t<\/p>\t\t\t\t\t\t\t\t<h4 class=\"product-name\"><a href=\"https:\/\/vww.pt\/index.php?route=product\/product&amp;path=25&amp;product_id=1139\">Abafador ThunderStruck<\/a><\/h4>\t\t\t\t\t\t\t\t\t<p class=\"price\">0.00\u20ac\t\t\t\t\t\t\t\t\t<\/p>\t\t\t\t\t\t\t\t<p class=\"product-des 8\">DESCRI\u00c7\u00c3OProtetor auditivo para capacete muito leve e com atenua\u00e7\u00e3o m\u00e9dia (26dB)Ajust\u00e1vel em alturaCom conector para adapta\u00e7\u00e3o a capacetes com slotPosi\u00e7\u00e3o dupla de descanso (na aus\u00eancia de ru\u00eddo ou para ouvir conversas ou sinais de alarme) e posi\u00e7\u00e3o ativaMaior visibilidade do usu\u00e1rioTermina\u00e7\u00f5es angu..<\/p>\n\t\t\t\t\t\t\t<\/div>\n                        <\/div>\n                    <\/div>                    <div class=\"product-layout product-list col-xs-12\">\n                        <div class=\"product-thumb\">\n                            <div class=\"image\">\n\t\t\t\t\t\t\t\t<a href=\"https:\/\/vww.pt\/index.php?route=product\/product&amp;path=25&amp;product_id=1141\">\n\t\t\t\t\t\t\t\t\t<img src=\"https:\/\/vww.pt\/image\/cache\/catalog\/catalogo\/MARCA\/prot.%20auditiva\/1988_OCD.jpg-500x666.png\" alt=\"Abafador Volt\" title=\"Abafador Volt\" class=\"img-responsive\" \/>\t\t\t\t\t\t\t\t<\/a>\t\t\t\t\t\t\t\t<div class=\"action-links\">\n\t\t\t\t\t\t\t\t\t<button class=\"btn-cart\" type=\"button\" data-toggle=\"tooltip\" title=\"Adicionar ao Pedido\" onclick=\"cart.add('1141', '1')\"><i class=\"ion-bag\"><\/i><span>Adicionar ao Pedido<\/span><\/button>\n\t\t\t\t\t\t\t\t\t<button class=\"btn-wishlist\" type=\"button\" data-toggle=\"tooltip\" title=\"Add \u00e0 Lista de preferencias\" onclick=\"wishlist.add('1141');\"><i class=\"ion-android-favorite-outline\"><\/i><span>Add \u00e0 Lista de preferencias<\/span><\/button>\n\t\t\t\t\t\t\t\t\t<button class=\"btn-compare\" type=\"button\" data-toggle=\"tooltip\" title=\"Comparar\" onclick=\"compare.add('1141');\"><i class=\"ion-android-options\"><\/i><span>Comparar<\/span><\/button>\n\t\t\t\t\t\t\t\t\t<button class=\"btn-quickview\" type=\"button\" data-toggle=\"tooltip\" title=\"Quick View\" onclick=\"ocquickview.ajaxView('https:\/\/vww.pt\/index.php?route=product\/product&amp;path=25&amp;product_id=1141')\"><i class=\"ion-android-open\"><\/i><span>Quick View<\/span><\/button>\n\t\t\t\t\t\t\t\t<\/div>\n\t\t\t\t\t\t\t<\/div>\n\t\t\t\t\t\t\t<div class=\"caption\">\t\t\t\t\t\t\t\t<p class=\"manufacture-product\">\n\t\t\t\t\t\t\t\t\t<a href=\"https:\/\/vww.pt\/index.php?route=product\/manufacturer\/info&amp;manufacturer_id=32\">MARCA<\/a>\n\t\t\t\t\t\t\t\t<\/p>\t\t\t\t\t\t\t\t<h4 class=\"product-name\"><a href=\"https:\/\/vww.pt\/index.php?route=product\/product&amp;path=25&amp;product_id=1141\">Abafador Volt<\/a><\/h4>\t\t\t\t\t\t\t\t\t<p class=\"price\">0.00\u20ac\t\t\t\t\t\t\t\t\t<\/p>\t\t\t\t\t\t\t\t<p class=\"product-des 8\">DESCRI\u00c7\u00c3OProtetor auricular para capacete muito leve com atenua\u00e7\u00e3o m\u00e9dia-alta (29dB)Ajust\u00e1vel em alturaProtetor auricular diel\u00e9trico (n\u00e3o permite a passagem de corrente pelo capacete)Usos e emprego em todos os tipos de atividades com ru\u00eddo moderado ou altoNORMAS E CERTEFICA\u00c7\u00d5ESEN 352-3..<\/p>\n\t\t\t\t\t\t\t<\/div>\n                        <\/div>\n                    <\/div>                    <div class=\"product-layout product-list col-xs-12\">\n                        <div class=\"product-thumb\">\n                            <div class=\"image\">\n\t\t\t\t\t\t\t\t<a href=\"https:\/\/vww.pt\/index.php?route=product\/product&amp;path=25&amp;product_id=1140\">\n\t\t\t\t\t\t\t\t\t<img src=\"https:\/\/vww.pt\/image\/cache\/catalog\/catalogo\/MARCA\/prot.%20auditiva\/1988_OZ_II_N.jpg-500x666.png\" alt=\"Abafador Zen\" title=\"Abafador Zen\" class=\"img-responsive\" \/>\t\t\t\t\t\t\t\t<\/a>\t\t\t\t\t\t\t\t<div class=\"action-links\">\n\t\t\t\t\t\t\t\t\t<button class=\"btn-cart\" type=\"button\" data-toggle=\"tooltip\" title=\"Adicionar ao Pedido\" onclick=\"cart.add('1140', '1')\"><i class=\"ion-bag\"><\/i><span>Adicionar ao Pedido<\/span><\/button>\n\t\t\t\t\t\t\t\t\t<button class=\"btn-wishlist\" type=\"button\" data-toggle=\"tooltip\" title=\"Add \u00e0 Lista de preferencias\" onclick=\"wishlist.add('1140');\"><i class=\"ion-android-favorite-outline\"><\/i><span>Add \u00e0 Lista de preferencias<\/span><\/button>\n\t\t\t\t\t\t\t\t\t<button class=\"btn-compare\" type=\"button\" data-toggle=\"tooltip\" title=\"Comparar\" onclick=\"compare.add('1140');\"><i class=\"ion-android-options\"><\/i><span>Comparar<\/span><\/button>\n\t\t\t\t\t\t\t\t\t<button class=\"btn-quickview\" type=\"button\" data-toggle=\"tooltip\" title=\"Quick View\" onclick=\"ocquickview.ajaxView('https:\/\/vww.pt\/index.php?route=product\/product&amp;path=25&amp;product_id=1140')\"><i class=\"ion-android-open\"><\/i><span>Quick View<\/span><\/button>\n\t\t\t\t\t\t\t\t<\/div>\n\t\t\t\t\t\t\t<\/div>\n\t\t\t\t\t\t\t<div class=\"caption\">\t\t\t\t\t\t\t\t<p class=\"manufacture-product\">\n\t\t\t\t\t\t\t\t\t<a href=\"https:\/\/vww.pt\/index.php?route=product\/manufacturer\/info&amp;manufacturer_id=32\">MARCA<\/a>\n\t\t\t\t\t\t\t\t<\/p>\t\t\t\t\t\t\t\t<h4 class=\"product-name\"><a href=\"https:\/\/vww.pt\/index.php?route=product\/product&amp;path=25&amp;product_id=1140\">Abafador Zen<\/a><\/h4>\t\t\t\t\t\t\t\t\t<p class=\"price\">0.00\u20ac\t\t\t\t\t\t\t\t\t<\/p>\t\t\t\t\t\t\t\t<p class=\"product-des 8\">DESCRI\u00c7\u00c3OProtetor auricular ergon\u00f4mico de alto conforto com arn\u00eas dobr\u00e1vel para economizar espa\u00e7oajust\u00e1vel para se adaptar ao tamanho da cabe\u00e7a do usu\u00e1rio&amp;nbsp;Adequado para ambientes com elevados n\u00edveis de ru\u00eddoAlto grau de prote\u00e7\u00e3oTampas pl\u00e1sticas levesArn\u00eas met\u00e1lico regul\u00e1vel em altura revestido ..<\/p>\n\t\t\t\t\t\t\t<\/div>\n                        <\/div>\n                    <\/div>                    <div class=\"product-layout product-list col-xs-12\">\n                        <div class=\"product-thumb\">\n                            <div class=\"image\">\n\t\t\t\t\t\t\t\t<a href=\"https:\/\/vww.pt\/index.php?route=product\/product&amp;path=25&amp;product_id=1142\">\n\t\t\t\t\t\t\t\t\t<img src=\"https:\/\/vww.pt\/image\/cache\/catalog\/catalogo\/MARCA\/prot.%20auditiva\/1988_OZ_III.jpg-500x666.png\" alt=\"Abafador Zen 2\" title=\"Abafador Zen 2\" class=\"img-responsive\" \/>\t\t\t\t\t\t\t\t<\/a>\t\t\t\t\t\t\t\t<div class=\"action-links\">\n\t\t\t\t\t\t\t\t\t<button class=\"btn-cart\" type=\"button\" data-toggle=\"tooltip\" title=\"Adicionar ao Pedido\" onclick=\"cart.add('1142', '1')\"><i class=\"ion-bag\"><\/i><span>Adicionar ao Pedido<\/span><\/button>\n\t\t\t\t\t\t\t\t\t<button class=\"btn-wishlist\" type=\"button\" data-toggle=\"tooltip\" title=\"Add \u00e0 Lista de preferencias\" onclick=\"wishlist.add('1142');\"><i class=\"ion-android-favorite-outline\"><\/i><span>Add \u00e0 Lista de preferencias<\/span><\/button>\n\t\t\t\t\t\t\t\t\t<button class=\"btn-compare\" type=\"button\" data-toggle=\"tooltip\" title=\"Comparar\" onclick=\"compare.add('1142');\"><i class=\"ion-android-options\"><\/i><span>Comparar<\/span><\/button>\n\t\t\t\t\t\t\t\t\t<button class=\"btn-quickview\" type=\"button\" data-toggle=\"tooltip\" title=\"Quick View\" onclick=\"ocquickview.ajaxView('https:\/\/vww.pt\/index.php?route=product\/product&amp;path=25&amp;product_id=1142')\"><i class=\"ion-android-open\"><\/i><span>Quick View<\/span><\/button>\n\t\t\t\t\t\t\t\t<\/div>\n\t\t\t\t\t\t\t<\/div>\n\t\t\t\t\t\t\t<div class=\"caption\">\t\t\t\t\t\t\t\t<p class=\"manufacture-product\">\n\t\t\t\t\t\t\t\t\t<a href=\"https:\/\/vww.pt\/index.php?route=product\/manufacturer\/info&amp;manufacturer_id=32\">MARCA<\/a>\n\t\t\t\t\t\t\t\t<\/p>\t\t\t\t\t\t\t\t<h4 class=\"product-name\"><a href=\"https:\/\/vww.pt\/index.php?route=product\/product&amp;path=25&amp;product_id=1142\">Abafador Zen 2<\/a><\/h4>\t\t\t\t\t\t\t\t\t<p class=\"price\">0.00\u20ac\t\t\t\t\t\t\t\t\t<\/p>\t\t\t\t\t\t\t\t<p class=\"product-des 8\">DESCRI\u00c7\u00c3OProtetor auricular ergon\u00f4mico de alto conforto com arn\u00eas&amp;nbsp;diel\u00e9trico&amp;nbsp;para&amp;nbsp;se adaptar ao tamanho da cabe\u00e7a do usu\u00e1rioAdequado para ambientes com elevados n\u00edveis de ru\u00eddoAlto grau de prote\u00e7\u00e3oTampas pl\u00e1sticas levesArn\u00eas diel\u00e9trico de pl\u00e1stico POM regul\u00e1vel em alturaAlmofadas de e..<\/p>\n\t\t\t\t\t\t\t<\/div>\n                        <\/div>\n                    <\/div>                    <div class=\"product-layout product-list col-xs-12\">\n                        <div class=\"product-thumb\">\n                            <div class=\"image\">\n\t\t\t\t\t\t\t\t<a href=\"https:\/\/vww.pt\/index.php?route=product\/product&amp;path=25&amp;product_id=1016\">\n\t\t\t\t\t\t\t\t\t<img src=\"https:\/\/vww.pt\/image\/cache\/catalog\/catalogo\/KRATOS\/FA%2030%20000%2045_Absorvedor%20Energia%202mt_Kratos\/FA%2030%20000%2045-500x666.jpg\" alt=\"Absorvedor de energia\" title=\"Absorvedor de energia\" class=\"img-responsive\" \/>\t\t\t\t\t\t\t\t<\/a>\t\t\t\t\t\t\t\t<div class=\"action-links\">\n\t\t\t\t\t\t\t\t\t<button class=\"btn-cart\" type=\"button\" data-toggle=\"tooltip\" title=\"Adicionar ao Pedido\" onclick=\"cart.add('1016', '1')\"><i class=\"ion-bag\"><\/i><span>Adicionar ao Pedido<\/span><\/button>\n\t\t\t\t\t\t\t\t\t<button class=\"btn-wishlist\" type=\"button\" data-toggle=\"tooltip\" title=\"Add \u00e0 Lista de preferencias\" onclick=\"wishlist.add('1016');\"><i class=\"ion-android-favorite-outline\"><\/i><span>Add \u00e0 Lista de preferencias<\/span><\/button>\n\t\t\t\t\t\t\t\t\t<button class=\"btn-compare\" type=\"button\" data-toggle=\"tooltip\" title=\"Comparar\" onclick=\"compare.add('1016');\"><i class=\"ion-android-options\"><\/i><span>Comparar<\/span><\/button>\n\t\t\t\t\t\t\t\t\t<button class=\"btn-quickview\" type=\"button\" data-toggle=\"tooltip\" title=\"Quick View\" onclick=\"ocquickview.ajaxView('https:\/\/vww.pt\/index.php?route=product\/product&amp;path=25&amp;product_id=1016')\"><i class=\"ion-android-open\"><\/i><span>Quick View<\/span><\/button>\n\t\t\t\t\t\t\t\t<\/div>\n\t\t\t\t\t\t\t<\/div>\n\t\t\t\t\t\t\t<div class=\"caption\">\t\t\t\t\t\t\t\t<p class=\"manufacture-product\">\n\t\t\t\t\t\t\t\t\t<a href=\"https:\/\/vww.pt\/index.php?route=product\/manufacturer\/info&amp;manufacturer_id=18\">KRATOS<\/a>\n\t\t\t\t\t\t\t\t<\/p>\t\t\t\t\t\t\t\t<h4 class=\"product-name\"><a href=\"https:\/\/vww.pt\/index.php?route=product\/product&amp;path=25&amp;product_id=1016\">Absorvedor de energia<\/a><\/h4>\t\t\t\t\t\t\t\t\t<p class=\"price\">0.00\u20ac\t\t\t\t\t\t\t\t\t<\/p>\t\t\t\t\t\t\t\t<p class=\"product-des 8\">DESCRI\u00c7\u00c3OComprimento:&amp;nbsp;32 cmPeso:&amp;nbsp;0,35 kgPeso m\u00e1ximo do usu\u00e1rio&amp;nbsp;:&amp;nbsp;140 kgReduz o impacto da queda para menos de 6 kNEnvolto em filme retr\u00e1tilDeve ser usado em combina\u00e7\u00e3o com um cord\u00e3o de conten\u00e7\u00e3o (EN354) - comprimento total: m\u00e1x. 2 m, conectores inclu\u00eddosEtiqueta indicadora de que..<\/p>\n\t\t\t\t\t\t\t<\/div>\n                        <\/div>\n                    <\/div>                    <div class=\"product-layout product-list col-xs-12\">\n                        <div class=\"product-thumb\">\n                            <div class=\"image\">\n\t\t\t\t\t\t\t\t<a href=\"https:\/\/vww.pt\/index.php?route=product\/product&amp;path=25&amp;product_id=1569\">\n\t\t\t\t\t\t\t\t\t<img src=\"https:\/\/vww.pt\/image\/cache\/catalog\/EPI'S\/Prot.%20Cabe\u00e7a\/Acess\u00f3rios\/Adaptador%20p-abafadores\/Adaptador-para-abafadores-500x666.jpg\" alt=\"Adaptador p\/ capacete (abafadores)\" title=\"Adaptador p\/ capacete (abafadores)\" class=\"img-responsive\" \/>\t\t\t\t\t\t\t\t<\/a>\t\t\t\t\t\t\t\t<div class=\"action-links\">\n\t\t\t\t\t\t\t\t\t<button class=\"btn-cart\" type=\"button\" data-toggle=\"tooltip\" title=\"Adicionar ao Pedido\" onclick=\"cart.add('1569', '1')\"><i class=\"ion-bag\"><\/i><span>Adicionar ao Pedido<\/span><\/button>\n\t\t\t\t\t\t\t\t\t<button class=\"btn-wishlist\" type=\"button\" data-toggle=\"tooltip\" title=\"Add \u00e0 Lista de preferencias\" onclick=\"wishlist.add('1569');\"><i class=\"ion-android-favorite-outline\"><\/i><span>Add \u00e0 Lista de preferencias<\/span><\/button>\n\t\t\t\t\t\t\t\t\t<button class=\"btn-compare\" type=\"button\" data-toggle=\"tooltip\" title=\"Comparar\" onclick=\"compare.add('1569');\"><i class=\"ion-android-options\"><\/i><span>Comparar<\/span><\/button>\n\t\t\t\t\t\t\t\t\t<button class=\"btn-quickview\" type=\"button\" data-toggle=\"tooltip\" title=\"Quick View\" onclick=\"ocquickview.ajaxView('https:\/\/vww.pt\/index.php?route=product\/product&amp;path=25&amp;product_id=1569')\"><i class=\"ion-android-open\"><\/i><span>Quick View<\/span><\/button>\n\t\t\t\t\t\t\t\t<\/div>\n\t\t\t\t\t\t\t<\/div>\n\t\t\t\t\t\t\t<div class=\"caption\">\t\t\t\t\t\t\t\t<p class=\"manufacture-product\">\n\t\t\t\t\t\t\t\t\t<a href=\"https:\/\/vww.pt\/index.php?route=product\/manufacturer\/info&amp;manufacturer_id=28\">VWW<\/a>\n\t\t\t\t\t\t\t\t<\/p>\t\t\t\t\t\t\t\t<h4 class=\"product-name\"><a href=\"https:\/\/vww.pt\/index.php?route=product\/product&amp;path=25&amp;product_id=1569\">Adaptador p\/ capacete (abafadores)<\/a><\/h4>\t\t\t\t\t\t\t\t\t<p class=\"price\">0.00\u20ac\t\t\t\t\t\t\t\t\t<\/p>\t\t\t\t\t\t\t\t<p class=\"product-des 8\">DESCRI\u00c7\u00c3OConector para capacetes G2000, G3000 e encaixe universal..<\/p>\n\t\t\t\t\t\t\t<\/div>\n                        <\/div>\n                    <\/div>                    <div class=\"product-layout product-list col-xs-12\">\n                        <div class=\"product-thumb\">\n                            <div class=\"image\">\n\t\t\t\t\t\t\t\t<a href=\"https:\/\/vww.pt\/index.php?route=product\/product&amp;path=25&amp;product_id=1060\">\n\t\t\t\t\t\t\t\t\t<img src=\"https:\/\/vww.pt\/image\/cache\/catalog\/catalogo\/KRATOS\/LINHAS%20DE%20VIDA\/poignee-d-ascension-gauche.jpg-500x666.png\" alt=\"Al\u00e7a de ascender essential\" title=\"Al\u00e7a de ascender essential\" class=\"img-responsive\" \/>\t\t\t\t\t\t\t\t<\/a>\t\t\t\t\t\t\t\t<div class=\"action-links\">\n\t\t\t\t\t\t\t\t\t<button class=\"btn-cart\" type=\"button\" data-toggle=\"tooltip\" title=\"Adicionar ao Pedido\" onclick=\"cart.add('1060', '1')\"><i class=\"ion-bag\"><\/i><span>Adicionar ao Pedido<\/span><\/button>\n\t\t\t\t\t\t\t\t\t<button class=\"btn-wishlist\" type=\"button\" data-toggle=\"tooltip\" title=\"Add \u00e0 Lista de preferencias\" onclick=\"wishlist.add('1060');\"><i class=\"ion-android-favorite-outline\"><\/i><span>Add \u00e0 Lista de preferencias<\/span><\/button>\n\t\t\t\t\t\t\t\t\t<button class=\"btn-compare\" type=\"button\" data-toggle=\"tooltip\" title=\"Comparar\" onclick=\"compare.add('1060');\"><i class=\"ion-android-options\"><\/i><span>Comparar<\/span><\/button>\n\t\t\t\t\t\t\t\t\t<button class=\"btn-quickview\" type=\"button\" data-toggle=\"tooltip\" title=\"Quick View\" onclick=\"ocquickview.ajaxView('https:\/\/vww.pt\/index.php?route=product\/product&amp;path=25&amp;product_id=1060')\"><i class=\"ion-android-open\"><\/i><span>Quick View<\/span><\/button>\n\t\t\t\t\t\t\t\t<\/div>\n\t\t\t\t\t\t\t<\/div>\n\t\t\t\t\t\t\t<div class=\"caption\">\t\t\t\t\t\t\t\t<p class=\"manufacture-product\">\n\t\t\t\t\t\t\t\t\t<a href=\"https:\/\/vww.pt\/index.php?route=product\/manufacturer\/info&amp;manufacturer_id=18\">KRATOS<\/a>\n\t\t\t\t\t\t\t\t<\/p>\t\t\t\t\t\t\t\t<h4 class=\"product-name\"><a href=\"https:\/\/vww.pt\/index.php?route=product\/product&amp;path=25&amp;product_id=1060\">Al\u00e7a de ascender essential<\/a><\/h4>\t\t\t\t\t\t\t\t\t<p class=\"price\">0.00\u20ac\t\t\t\t\t\t\t\t\t<\/p>\t\t\t\t\t\t\t\t<p class=\"product-des 8\">DESCRI\u00c7\u00c3OMaterial: Feito de liga de alum\u00ednio. Acabamento anodizado pretoPeso: 196gPara uso em corda Kernmantle de 10 a 12 mm..<\/p>\n\t\t\t\t\t\t\t<\/div>\n                        <\/div>\n                    <\/div>                    <div class=\"product-layout product-list col-xs-12\">\n                        <div class=\"product-thumb\">\n                            <div class=\"image\">\n\t\t\t\t\t\t\t\t<a href=\"https:\/\/vww.pt\/index.php?route=product\/product&amp;path=25&amp;product_id=1558\">\n\t\t\t\t\t\t\t\t\t<img src=\"https:\/\/vww.pt\/image\/cache\/catalog\/EPI'S\/Prot.%20Respirat\u00f3ria\/M\u00e1scara%20aeris%20confort\/Arm\u00e1rio-arika-500x666.jpg\" alt=\"Arm\u00e1rio arika\" title=\"Arm\u00e1rio arika\" class=\"img-responsive\" \/>\t\t\t\t\t\t\t\t<\/a>\t\t\t\t\t\t\t\t<div class=\"action-links\">\n\t\t\t\t\t\t\t\t\t<button class=\"btn-cart\" type=\"button\" data-toggle=\"tooltip\" title=\"Adicionar ao Pedido\" onclick=\"cart.add('1558', '1')\"><i class=\"ion-bag\"><\/i><span>Adicionar ao Pedido<\/span><\/button>\n\t\t\t\t\t\t\t\t\t<button class=\"btn-wishlist\" type=\"button\" data-toggle=\"tooltip\" title=\"Add \u00e0 Lista de preferencias\" onclick=\"wishlist.add('1558');\"><i class=\"ion-android-favorite-outline\"><\/i><span>Add \u00e0 Lista de preferencias<\/span><\/button>\n\t\t\t\t\t\t\t\t\t<button class=\"btn-compare\" type=\"button\" data-toggle=\"tooltip\" title=\"Comparar\" onclick=\"compare.add('1558');\"><i class=\"ion-android-options\"><\/i><span>Comparar<\/span><\/button>\n\t\t\t\t\t\t\t\t\t<button class=\"btn-quickview\" type=\"button\" data-toggle=\"tooltip\" title=\"Quick View\" onclick=\"ocquickview.ajaxView('https:\/\/vww.pt\/index.php?route=product\/product&amp;path=25&amp;product_id=1558')\"><i class=\"ion-android-open\"><\/i><span>Quick View<\/span><\/button>\n\t\t\t\t\t\t\t\t<\/div>\n\t\t\t\t\t\t\t<\/div>\n\t\t\t\t\t\t\t<div class=\"caption\">\t\t\t\t\t\t\t\t<p class=\"manufacture-product\">\n\t\t\t\t\t\t\t\t\t<a href=\"https:\/\/vww.pt\/index.php?route=product\/manufacturer\/info&amp;manufacturer_id=5\">HONEYWELL<\/a>\n\t\t\t\t\t\t\t\t<\/p>\t\t\t\t\t\t\t\t<h4 class=\"product-name\"><a href=\"https:\/\/vww.pt\/index.php?route=product\/product&amp;path=25&amp;product_id=1558\">Arm\u00e1rio arika<\/a><\/h4>\t\t\t\t\t\t\t\t\t<p class=\"price\">0.00\u20ac\t\t\t\t\t\t\t\t\t<\/p>\t\t\t\t\t\t\t\t<p class=\"product-des 8\">DESCRI\u00c7\u00c3OMaterial pl\u00e1stico altamente resistente \u00e0s intemp\u00e9riesTampa transparente com abertura r\u00e1pidaF\u00e1cil de instalarUma vez instalado na altura correta, o gabinete permite acesso r\u00e1pido e f\u00e1cil ao equipamentoPermite inspe\u00e7\u00e3o r\u00e1pida e completa de todos os componentesMelhora a conserva\u00e7\u00e3o dos compone..<\/p>\n\t\t\t\t\t\t\t<\/div>\n                        <\/div>\n                    <\/div>                    <div class=\"product-layout product-list col-xs-12\">\n                        <div class=\"product-thumb\">\n                            <div class=\"image\">\n\t\t\t\t\t\t\t\t<a href=\"https:\/\/vww.pt\/index.php?route=product\/product&amp;path=25&amp;product_id=1022\">\n\t\t\t\t\t\t\t\t\t<img src=\"https:\/\/vww.pt\/image\/cache\/catalog\/catalogo\/KRATOS\/Arnes%20e%20cintos\/fa%201010900%20arnes\/free-blast-antistatic-full-body-harness-2-attachment-points-s-l.jpg-500x666.png\" alt=\"Arn\u00eas 2 pontos + resgate atex free blast\" title=\"Arn\u00eas 2 pontos + resgate atex free blast\" class=\"img-responsive\" \/>\t\t\t\t\t\t\t\t<\/a>\t\t\t\t\t\t\t\t<div class=\"action-links\">\n\t\t\t\t\t\t\t\t\t<button class=\"btn-cart\" type=\"button\" data-toggle=\"tooltip\" title=\"Adicionar ao Pedido\" onclick=\"cart.add('1022', '1')\"><i class=\"ion-bag\"><\/i><span>Adicionar ao Pedido<\/span><\/button>\n\t\t\t\t\t\t\t\t\t<button class=\"btn-wishlist\" type=\"button\" data-toggle=\"tooltip\" title=\"Add \u00e0 Lista de preferencias\" onclick=\"wishlist.add('1022');\"><i class=\"ion-android-favorite-outline\"><\/i><span>Add \u00e0 Lista de preferencias<\/span><\/button>\n\t\t\t\t\t\t\t\t\t<button class=\"btn-compare\" type=\"button\" data-toggle=\"tooltip\" title=\"Comparar\" onclick=\"compare.add('1022');\"><i class=\"ion-android-options\"><\/i><span>Comparar<\/span><\/button>\n\t\t\t\t\t\t\t\t\t<button class=\"btn-quickview\" type=\"button\" data-toggle=\"tooltip\" title=\"Quick View\" onclick=\"ocquickview.ajaxView('https:\/\/vww.pt\/index.php?route=product\/product&amp;path=25&amp;product_id=1022')\"><i class=\"ion-android-open\"><\/i><span>Quick View<\/span><\/button>\n\t\t\t\t\t\t\t\t<\/div>\n\t\t\t\t\t\t\t<\/div>\n\t\t\t\t\t\t\t<div class=\"caption\">\t\t\t\t\t\t\t\t<p class=\"manufacture-product\">\n\t\t\t\t\t\t\t\t\t<a href=\"https:\/\/vww.pt\/index.php?route=product\/manufacturer\/info&amp;manufacturer_id=18\">KRATOS<\/a>\n\t\t\t\t\t\t\t\t<\/p>\t\t\t\t\t\t\t\t<h4 class=\"product-name\"><a href=\"https:\/\/vww.pt\/index.php?route=product\/product&amp;path=25&amp;product_id=1022\">Arn\u00eas 2 pontos + resgate atex free blast<\/a><\/h4>\t\t\t\t\t\t\t\t\t<p class=\"price\">0.00\u20ac\t\t\t\t\t\t\t\t\t<\/p>\t\t\t\t\t\t\t\t<p class=\"product-des 8\">DESCRI\u00c7\u00c3OArn\u00eas de corpo inteiro antiest\u00e1tico com 2 pontos de fixa\u00e7\u00e3oProjetado para trabalhos em altura em atmosfera explosivaElementos de fixa\u00e7\u00e3o&amp;nbsp;- 1 argola em D dorsal em alum\u00ednio e 2 la\u00e7os t\u00eaxteis de fixa\u00e7\u00e3o no peito para prote\u00e7\u00e3o contra quedasAdaptabilidade&amp;nbsp;- Al\u00e7as ajust\u00e1veis \u200b\u200bnos ombr..<\/p>\n\t\t\t\t\t\t\t<\/div>\n                        <\/div>\n                    <\/div>                    <div class=\"product-layout product-list col-xs-12\">\n                        <div class=\"product-thumb\">\n                            <div class=\"image\">\n\t\t\t\t\t\t\t\t<a href=\"https:\/\/vww.pt\/index.php?route=product\/product&amp;path=25&amp;product_id=1026\">\n\t\t\t\t\t\t\t\t\t<img src=\"https:\/\/vww.pt\/image\/cache\/catalog\/catalogo\/KRATOS\/Arnes%20e%20cintos\/FA1021800%20arnes\/hybrid-airtech-2-full-body-harness-3-attachment-points-with-extra-comfort-belt-s-m%20(1).jpg-500x666.png\" alt=\"Arn\u00eas AirTech 5 pontos\" title=\"Arn\u00eas AirTech 5 pontos\" class=\"img-responsive\" \/>\t\t\t\t\t\t\t\t<\/a>\t\t\t\t\t\t\t\t<div class=\"action-links\">\n\t\t\t\t\t\t\t\t\t<button class=\"btn-cart\" type=\"button\" data-toggle=\"tooltip\" title=\"Adicionar ao Pedido\" onclick=\"cart.add('1026', '1')\"><i class=\"ion-bag\"><\/i><span>Adicionar ao Pedido<\/span><\/button>\n\t\t\t\t\t\t\t\t\t<button class=\"btn-wishlist\" type=\"button\" data-toggle=\"tooltip\" title=\"Add \u00e0 Lista de preferencias\" onclick=\"wishlist.add('1026');\"><i class=\"ion-android-favorite-outline\"><\/i><span>Add \u00e0 Lista de preferencias<\/span><\/button>\n\t\t\t\t\t\t\t\t\t<button class=\"btn-compare\" type=\"button\" data-toggle=\"tooltip\" title=\"Comparar\" onclick=\"compare.add('1026');\"><i class=\"ion-android-options\"><\/i><span>Comparar<\/span><\/button>\n\t\t\t\t\t\t\t\t\t<button class=\"btn-quickview\" type=\"button\" data-toggle=\"tooltip\" title=\"Quick View\" onclick=\"ocquickview.ajaxView('https:\/\/vww.pt\/index.php?route=product\/product&amp;path=25&amp;product_id=1026')\"><i class=\"ion-android-open\"><\/i><span>Quick View<\/span><\/button>\n\t\t\t\t\t\t\t\t<\/div>\n\t\t\t\t\t\t\t<\/div>\n\t\t\t\t\t\t\t<div class=\"caption\">\t\t\t\t\t\t\t\t<p class=\"manufacture-product\">\n\t\t\t\t\t\t\t\t\t<a href=\"https:\/\/vww.pt\/index.php?route=product\/manufacturer\/info&amp;manufacturer_id=18\">KRATOS<\/a>\n\t\t\t\t\t\t\t\t<\/p>\t\t\t\t\t\t\t\t<h4 class=\"product-name\"><a href=\"https:\/\/vww.pt\/index.php?route=product\/product&amp;path=25&amp;product_id=1026\">Arn\u00eas AirTech 5 pontos<\/a><\/h4>\t\t\t\t\t\t\t\t\t<p class=\"price\">0.00\u20ac\t\t\t\t\t\t\t\t\t<\/p>\t\t\t\t\t\t\t\t<p class=\"product-des 8\">DESCRI\u00c7\u00c3OPontos de fixa\u00e7\u00e3o:&amp;nbsp;1 argola em D dorsal t\u00eaxtil e 1 ponto de fixa\u00e7\u00e3o esternal t\u00eaxtil para sistema de prote\u00e7\u00e3o contra quedas1 al\u00e7a esternal para fixa\u00e7\u00e3o de um SRL de duas pernas1 argola em D ventral para trabalhar em suspens\u00e3o e 2 argolas em D laterais de alum\u00ednioAdaptabilidade:&amp;nbsp;Omb..<\/p>\n\t\t\t\t\t\t\t<\/div>\n                        <\/div>\n                    <\/div>                    <div class=\"product-layout product-list col-xs-12\">\n                        <div class=\"product-thumb\">\n                            <div class=\"image\">\n\t\t\t\t\t\t\t\t<a href=\"https:\/\/vww.pt\/index.php?route=product\/product&amp;path=25&amp;product_id=1023\">\n\t\t\t\t\t\t\t\t\t<img src=\"https:\/\/vww.pt\/image\/cache\/catalog\/catalogo\/KRATOS\/Arnes%20e%20cintos\/fa1010500%20arnes\/mune-3-body-harness-2-attachment-points.jpg-500x666.png\" alt=\"Arn\u00eas b\u00e1sico 2 pontos\" title=\"Arn\u00eas b\u00e1sico 2 pontos\" class=\"img-responsive\" \/>\t\t\t\t\t\t\t\t<\/a>\t\t\t\t\t\t\t\t<div class=\"action-links\">\n\t\t\t\t\t\t\t\t\t<button class=\"btn-cart\" type=\"button\" data-toggle=\"tooltip\" title=\"Adicionar ao Pedido\" onclick=\"cart.add('1023', '1')\"><i class=\"ion-bag\"><\/i><span>Adicionar ao Pedido<\/span><\/button>\n\t\t\t\t\t\t\t\t\t<button class=\"btn-wishlist\" type=\"button\" data-toggle=\"tooltip\" title=\"Add \u00e0 Lista de preferencias\" onclick=\"wishlist.add('1023');\"><i class=\"ion-android-favorite-outline\"><\/i><span>Add \u00e0 Lista de preferencias<\/span><\/button>\n\t\t\t\t\t\t\t\t\t<button class=\"btn-compare\" type=\"button\" data-toggle=\"tooltip\" title=\"Comparar\" onclick=\"compare.add('1023');\"><i class=\"ion-android-options\"><\/i><span>Comparar<\/span><\/button>\n\t\t\t\t\t\t\t\t\t<button class=\"btn-quickview\" type=\"button\" data-toggle=\"tooltip\" title=\"Quick View\" onclick=\"ocquickview.ajaxView('https:\/\/vww.pt\/index.php?route=product\/product&amp;path=25&amp;product_id=1023')\"><i class=\"ion-android-open\"><\/i><span>Quick View<\/span><\/button>\n\t\t\t\t\t\t\t\t<\/div>\n\t\t\t\t\t\t\t<\/div>\n\t\t\t\t\t\t\t<div class=\"caption\">\t\t\t\t\t\t\t\t<p class=\"manufacture-product\">\n\t\t\t\t\t\t\t\t\t<a href=\"https:\/\/vww.pt\/index.php?route=product\/manufacturer\/info&amp;manufacturer_id=18\">KRATOS<\/a>\n\t\t\t\t\t\t\t\t<\/p>\t\t\t\t\t\t\t\t<h4 class=\"product-name\"><a href=\"https:\/\/vww.pt\/index.php?route=product\/product&amp;path=25&amp;product_id=1023\">Arn\u00eas b\u00e1sico 2 pontos<\/a><\/h4>\t\t\t\t\t\t\t\t\t<p class=\"price\">0.00\u20ac\t\t\t\t\t\t\t\t\t<\/p>\t\t\t\t\t\t\t\t<p class=\"product-des 8\">DESCRI\u00c7\u00c3OElementos de fixa\u00e7\u00e3o&amp;nbsp;- 1 argola em D para fixa\u00e7\u00e3o no peito e uma argola em D para fixa\u00e7\u00e3o dorsal para prote\u00e7\u00e3o contra quedasAdaptabilidade&amp;nbsp;- Al\u00e7as ajust\u00e1veis \u200b\u200bnos ombros e coxasConveni\u00eancia&amp;nbsp;- Al\u00e7as de ombro e coxa diferenciadas por um esquema de duas coresErgonomia&amp;nbsp;- Al..<\/p>\n\t\t\t\t\t\t\t<\/div>\n                        <\/div>\n                    <\/div>                    <div class=\"product-layout product-list col-xs-12\">\n                        <div class=\"product-thumb\">\n                            <div class=\"image\">\n\t\t\t\t\t\t\t\t<a href=\"https:\/\/vww.pt\/index.php?route=product\/product&amp;path=25&amp;product_id=1028\">\n\t\t\t\t\t\t\t\t\t<img src=\"https:\/\/vww.pt\/image\/cache\/catalog\/catalogo\/KRATOS\/Arnes%20e%20cintos\/FA1011400A%20ARNES,%20CINTO,%20BARRA\/ades-1-harness-for-work-in-confined-spaces%20(1).jpg-500x666.png\" alt=\"Arn\u00eas com barra espa\u00e7adora de resgate e cinto\" title=\"Arn\u00eas com barra espa\u00e7adora de resgate e cinto\" class=\"img-responsive\" \/>\t\t\t\t\t\t\t\t<\/a>\t\t\t\t\t\t\t\t<div class=\"action-links\">\n\t\t\t\t\t\t\t\t\t<button class=\"btn-cart\" type=\"button\" data-toggle=\"tooltip\" title=\"Adicionar ao Pedido\" onclick=\"cart.add('1028', '1')\"><i class=\"ion-bag\"><\/i><span>Adicionar ao Pedido<\/span><\/button>\n\t\t\t\t\t\t\t\t\t<button class=\"btn-wishlist\" type=\"button\" data-toggle=\"tooltip\" title=\"Add \u00e0 Lista de preferencias\" onclick=\"wishlist.add('1028');\"><i class=\"ion-android-favorite-outline\"><\/i><span>Add \u00e0 Lista de preferencias<\/span><\/button>\n\t\t\t\t\t\t\t\t\t<button class=\"btn-compare\" type=\"button\" data-toggle=\"tooltip\" title=\"Comparar\" onclick=\"compare.add('1028');\"><i class=\"ion-android-options\"><\/i><span>Comparar<\/span><\/button>\n\t\t\t\t\t\t\t\t\t<button class=\"btn-quickview\" type=\"button\" data-toggle=\"tooltip\" title=\"Quick View\" onclick=\"ocquickview.ajaxView('https:\/\/vww.pt\/index.php?route=product\/product&amp;path=25&amp;product_id=1028')\"><i class=\"ion-android-open\"><\/i><span>Quick View<\/span><\/button>\n\t\t\t\t\t\t\t\t<\/div>\n\t\t\t\t\t\t\t<\/div>\n\t\t\t\t\t\t\t<div class=\"caption\">\t\t\t\t\t\t\t\t<p class=\"manufacture-product\">\n\t\t\t\t\t\t\t\t\t<a href=\"https:\/\/vww.pt\/index.php?route=product\/manufacturer\/info&amp;manufacturer_id=18\">KRATOS<\/a>\n\t\t\t\t\t\t\t\t<\/p>\t\t\t\t\t\t\t\t<h4 class=\"product-name\"><a href=\"https:\/\/vww.pt\/index.php?route=product\/product&amp;path=25&amp;product_id=1028\">Arn\u00eas com barra espa\u00e7adora de resgate e cinto<\/a><\/h4>\t\t\t\t\t\t\t\t\t<p class=\"price\">0.00\u20ac\t\t\t\t\t\t\t\t\t<\/p>\t\t\t\t\t\t\t\t<p class=\"product-des 8\">DESCRI\u00c7\u00c3OPara ascens\u00e3o vertical ou resgate em espa\u00e7o confinadoBarra&amp;nbsp;FA1090800Arn\u00eas FA1011400A\/01ACinto FA1041400..<\/p>\n\t\t\t\t\t\t\t<\/div>\n                        <\/div>\n                    <\/div>                    <div class=\"product-layout product-list col-xs-12\">\n                        <div class=\"product-thumb\">\n                            <div class=\"image\">\n\t\t\t\t\t\t\t\t<a href=\"https:\/\/vww.pt\/index.php?route=product\/product&amp;path=25&amp;product_id=1079\">\n\t\t\t\t\t\t\t\t\t<img src=\"https:\/\/vww.pt\/image\/cache\/catalog\/catalogo\/FARU\/PROT.%20LOMBAR\/hapoms\/hapoms--1-500x666.png\" alt=\"Arn\u00eas de bra\u00e7o exoesqueleto HAPOMS\" title=\"Arn\u00eas de bra\u00e7o exoesqueleto HAPOMS\" class=\"img-responsive\" \/>\t\t\t\t\t\t\t\t<\/a>\t\t\t\t\t\t\t\t<div class=\"action-links\">\n\t\t\t\t\t\t\t\t\t<button class=\"btn-cart\" type=\"button\" data-toggle=\"tooltip\" title=\"Adicionar ao Pedido\" onclick=\"cart.add('1079', '1')\"><i class=\"ion-bag\"><\/i><span>Adicionar ao Pedido<\/span><\/button>\n\t\t\t\t\t\t\t\t\t<button class=\"btn-wishlist\" type=\"button\" data-toggle=\"tooltip\" title=\"Add \u00e0 Lista de preferencias\" onclick=\"wishlist.add('1079');\"><i class=\"ion-android-favorite-outline\"><\/i><span>Add \u00e0 Lista de preferencias<\/span><\/button>\n\t\t\t\t\t\t\t\t\t<button class=\"btn-compare\" type=\"button\" data-toggle=\"tooltip\" title=\"Comparar\" onclick=\"compare.add('1079');\"><i class=\"ion-android-options\"><\/i><span>Comparar<\/span><\/button>\n\t\t\t\t\t\t\t\t\t<button class=\"btn-quickview\" type=\"button\" data-toggle=\"tooltip\" title=\"Quick View\" onclick=\"ocquickview.ajaxView('https:\/\/vww.pt\/index.php?route=product\/product&amp;path=25&amp;product_id=1079')\"><i class=\"ion-android-open\"><\/i><span>Quick View<\/span><\/button>\n\t\t\t\t\t\t\t\t<\/div>\n\t\t\t\t\t\t\t<\/div>\n\t\t\t\t\t\t\t<div class=\"caption\">\t\t\t\t\t\t\t\t<p class=\"manufacture-product\">\n\t\t\t\t\t\t\t\t\t<a href=\"https:\/\/vww.pt\/index.php?route=product\/manufacturer\/info&amp;manufacturer_id=11\">FARU<\/a>\n\t\t\t\t\t\t\t\t<\/p>\t\t\t\t\t\t\t\t<h4 class=\"product-name\"><a href=\"https:\/\/vww.pt\/index.php?route=product\/product&amp;path=25&amp;product_id=1079\">Arn\u00eas de bra\u00e7o exoesqueleto HAPOMS<\/a><\/h4>\t\t\t\t\t\t\t\t\t<p class=\"price\">0.00\u20ac\t\t\t\t\t\t\t\t\t<\/p>\t\t\t\t\t\t\t\t<p class=\"product-des 8\">DESCRI\u00c7\u00c3OO HAPO MS \u00e9 um exoesqueleto leve, de uso intuitivo, projetado para aliviar as extremidades superiores, ombros e cotovelosTrabalhos que exijam manipula\u00e7\u00e3o repetitiva de objetos, manuten\u00e7\u00e3o prolongada dos bra\u00e7os \u00e0 frente do corpo ou qualquer postura com bra\u00e7os estendidos que impacte a parte s..<\/p>\n\t\t\t\t\t\t\t<\/div>\n                        <\/div>\n                    <\/div>                    <div class=\"product-layout product-list col-xs-12\">\n                        <div class=\"product-thumb\">\n                            <div class=\"image\">\n\t\t\t\t\t\t\t\t<a href=\"https:\/\/vww.pt\/index.php?route=product\/product&amp;path=25&amp;product_id=1473\">\n\t\t\t\t\t\t\t\t\t<img src=\"https:\/\/vww.pt\/image\/cache\/catalog\/catalogo\/PORTWEST\/PROT.%20OCULAR%20--%20OK\/Viseiras%20e%20acessorios-%20OK\/PW93_viseira%20rede%20malha_portwest\/PW93-500x666.jpg\" alt=\"Arn\u00eas de cabe\u00e7a c\/ viseira de rede em malha\" title=\"Arn\u00eas de cabe\u00e7a c\/ viseira de rede em malha\" class=\"img-responsive\" \/>\t\t\t\t\t\t\t\t<\/a>\t\t\t\t\t\t\t\t<div class=\"action-links\">\n\t\t\t\t\t\t\t\t\t<button class=\"btn-cart\" type=\"button\" data-toggle=\"tooltip\" title=\"Adicionar ao Pedido\" onclick=\"cart.add('1473', '1')\"><i class=\"ion-bag\"><\/i><span>Adicionar ao Pedido<\/span><\/button>\n\t\t\t\t\t\t\t\t\t<button class=\"btn-wishlist\" type=\"button\" data-toggle=\"tooltip\" title=\"Add \u00e0 Lista de preferencias\" onclick=\"wishlist.add('1473');\"><i class=\"ion-android-favorite-outline\"><\/i><span>Add \u00e0 Lista de preferencias<\/span><\/button>\n\t\t\t\t\t\t\t\t\t<button class=\"btn-compare\" type=\"button\" data-toggle=\"tooltip\" title=\"Comparar\" onclick=\"compare.add('1473');\"><i class=\"ion-android-options\"><\/i><span>Comparar<\/span><\/button>\n\t\t\t\t\t\t\t\t\t<button class=\"btn-quickview\" type=\"button\" data-toggle=\"tooltip\" title=\"Quick View\" onclick=\"ocquickview.ajaxView('https:\/\/vww.pt\/index.php?route=product\/product&amp;path=25&amp;product_id=1473')\"><i class=\"ion-android-open\"><\/i><span>Quick View<\/span><\/button>\n\t\t\t\t\t\t\t\t<\/div>\n\t\t\t\t\t\t\t<\/div>\n\t\t\t\t\t\t\t<div class=\"caption\">\t\t\t\t\t\t\t\t<p class=\"manufacture-product\">\n\t\t\t\t\t\t\t\t\t<a href=\"https:\/\/vww.pt\/index.php?route=product\/manufacturer\/info&amp;manufacturer_id=23\">PORTWEST<\/a>\n\t\t\t\t\t\t\t\t<\/p>\t\t\t\t\t\t\t\t<h4 class=\"product-name\"><a href=\"https:\/\/vww.pt\/index.php?route=product\/product&amp;path=25&amp;product_id=1473\">Arn\u00eas de cabe\u00e7a c\/ viseira de rede em malha<\/a><\/h4>\t\t\t\t\t\t\t\t\t<p class=\"price\">0.00\u20ac\t\t\t\t\t\t\t\t\t<\/p>\t\t\t\t\t\t\t\t<p class=\"product-des 8\">\ufeffDESCRI\u00c7\u00c3OProtetor frontal com viseira de malha de arame de a\u00e7o inoxid\u00e1velPara prote\u00e7\u00e3o contra impactos de baixa energiaRolete de ajuste para f\u00e1cil montagemBanda de suor de espuma macia inclu\u00eddaVisor de substitui\u00e7\u00e3o dispon\u00edvelSubstitui\u00e7\u00e3o da viseira simples e seguraCertificado CESaco de retalho para..<\/p>\n\t\t\t\t\t\t\t<\/div>\n                        <\/div>\n                    <\/div>                    <div class=\"product-layout product-list col-xs-12\">\n                        <div class=\"product-thumb\">\n                            <div class=\"image\">\n\t\t\t\t\t\t\t\t<a href=\"https:\/\/vww.pt\/index.php?route=product\/product&amp;path=25&amp;product_id=643\">\n\t\t\t\t\t\t\t\t\t<img src=\"https:\/\/vww.pt\/image\/cache\/catalog\/catalogo\/PORTWEST\/PROT.%20OCULAR%20--%20OK\/Viseiras%20e%20acessorios-%20OK\/PW91_Prot.%20cabeca%20com%20visor%20incolor_Portwest\/PW91-500x666.jpeg\" alt=\"Arn\u00eas de Cabe\u00e7a c\/ Viseira PP Incolor\" title=\"Arn\u00eas de Cabe\u00e7a c\/ Viseira PP Incolor\" class=\"img-responsive\" \/>\t\t\t\t\t\t\t\t<\/a>\t\t\t\t\t\t\t\t<div class=\"action-links\">\n\t\t\t\t\t\t\t\t\t<button class=\"btn-cart\" type=\"button\" data-toggle=\"tooltip\" title=\"Adicionar ao Pedido\" onclick=\"cart.add('643', '1')\"><i class=\"ion-bag\"><\/i><span>Adicionar ao Pedido<\/span><\/button>\n\t\t\t\t\t\t\t\t\t<button class=\"btn-wishlist\" type=\"button\" data-toggle=\"tooltip\" title=\"Add \u00e0 Lista de preferencias\" onclick=\"wishlist.add('643');\"><i class=\"ion-android-favorite-outline\"><\/i><span>Add \u00e0 Lista de preferencias<\/span><\/button>\n\t\t\t\t\t\t\t\t\t<button class=\"btn-compare\" type=\"button\" data-toggle=\"tooltip\" title=\"Comparar\" onclick=\"compare.add('643');\"><i class=\"ion-android-options\"><\/i><span>Comparar<\/span><\/button>\n\t\t\t\t\t\t\t\t\t<button class=\"btn-quickview\" type=\"button\" data-toggle=\"tooltip\" title=\"Quick View\" onclick=\"ocquickview.ajaxView('https:\/\/vww.pt\/index.php?route=product\/product&amp;path=25&amp;product_id=643')\"><i class=\"ion-android-open\"><\/i><span>Quick View<\/span><\/button>\n\t\t\t\t\t\t\t\t<\/div>\n\t\t\t\t\t\t\t<\/div>\n\t\t\t\t\t\t\t<div class=\"caption\">\t\t\t\t\t\t\t\t<p class=\"manufacture-product\">\n\t\t\t\t\t\t\t\t\t<a href=\"https:\/\/vww.pt\/index.php?route=product\/manufacturer\/info&amp;manufacturer_id=23\">PORTWEST<\/a>\n\t\t\t\t\t\t\t\t<\/p>\t\t\t\t\t\t\t\t<h4 class=\"product-name\"><a href=\"https:\/\/vww.pt\/index.php?route=product\/product&amp;path=25&amp;product_id=643\">Arn\u00eas de Cabe\u00e7a c\/ Viseira PP Incolor<\/a><\/h4>\t\t\t\t\t\t\t\t\t<p class=\"price\">0.00\u20ac\t\t\t\t\t\t\t\t\t<\/p>\t\t\t\t\t\t\t\t<p class=\"product-des 8\">DESCRI\u00c7\u00c3OViseira em PC com protetor de testa em PPFabricada com polipropileno resistente a impactosSistema de ajuste de roleta foi concebido para uma utiliza\u00e7\u00e3o f\u00e1cilVisor de substitui\u00e7\u00e3o dispon\u00edvel (PW92)Rolete de ajuste para f\u00e1cil montagemBanda de suor de espuma macia inclu\u00edda Pode ser adaptado pa..<\/p>\n\t\t\t\t\t\t\t<\/div>\n                        <\/div>\n                    <\/div>                    <div class=\"product-layout product-list col-xs-12\">\n                        <div class=\"product-thumb\">\n                            <div class=\"image\">\n\t\t\t\t\t\t\t\t<a href=\"https:\/\/vww.pt\/index.php?route=product\/product&amp;path=25&amp;product_id=1024\">\n\t\t\t\t\t\t\t\t\t<img src=\"https:\/\/vww.pt\/image\/cache\/catalog\/catalogo\/KRATOS\/Arnes%20e%20cintos\/FA1021200%20arnes\/dielectric-harness.jpg-500x666.png\" alt=\"Arn\u00eas el\u00e9trico 3 pontos c\/ lombar\" title=\"Arn\u00eas el\u00e9trico 3 pontos c\/ lombar\" class=\"img-responsive\" \/>\t\t\t\t\t\t\t\t<\/a>\t\t\t\t\t\t\t\t<div class=\"action-links\">\n\t\t\t\t\t\t\t\t\t<button class=\"btn-cart\" type=\"button\" data-toggle=\"tooltip\" title=\"Adicionar ao Pedido\" onclick=\"cart.add('1024', '1')\"><i class=\"ion-bag\"><\/i><span>Adicionar ao Pedido<\/span><\/button>\n\t\t\t\t\t\t\t\t\t<button class=\"btn-wishlist\" type=\"button\" data-toggle=\"tooltip\" title=\"Add \u00e0 Lista de preferencias\" onclick=\"wishlist.add('1024');\"><i class=\"ion-android-favorite-outline\"><\/i><span>Add \u00e0 Lista de preferencias<\/span><\/button>\n\t\t\t\t\t\t\t\t\t<button class=\"btn-compare\" type=\"button\" data-toggle=\"tooltip\" title=\"Comparar\" onclick=\"compare.add('1024');\"><i class=\"ion-android-options\"><\/i><span>Comparar<\/span><\/button>\n\t\t\t\t\t\t\t\t\t<button class=\"btn-quickview\" type=\"button\" data-toggle=\"tooltip\" title=\"Quick View\" onclick=\"ocquickview.ajaxView('https:\/\/vww.pt\/index.php?route=product\/product&amp;path=25&amp;product_id=1024')\"><i class=\"ion-android-open\"><\/i><span>Quick View<\/span><\/button>\n\t\t\t\t\t\t\t\t<\/div>\n\t\t\t\t\t\t\t<\/div>\n\t\t\t\t\t\t\t<div class=\"caption\">\t\t\t\t\t\t\t\t<p class=\"manufacture-product\">\n\t\t\t\t\t\t\t\t\t<a href=\"https:\/\/vww.pt\/index.php?route=product\/manufacturer\/info&amp;manufacturer_id=18\">KRATOS<\/a>\n\t\t\t\t\t\t\t\t<\/p>\t\t\t\t\t\t\t\t<h4 class=\"product-name\"><a href=\"https:\/\/vww.pt\/index.php?route=product\/product&amp;path=25&amp;product_id=1024\">Arn\u00eas el\u00e9trico 3 pontos c\/ lombar<\/a><\/h4>\t\t\t\t\t\t\t\t\t<p class=\"price\">0.00\u20ac\t\t\t\t\t\t\t\t\t<\/p>\t\t\t\t\t\t\t\t<p class=\"product-des 8\">DESCRI\u00c7\u00c3OProjetado para trabalhadores que operam em condi\u00e7\u00f5es onde h\u00e1 poss\u00edveis riscos el\u00e9tricosElementos de fixa\u00e7\u00e3o:&amp;nbsp;1 argola em D dorsal e 2 argolas t\u00eaxteis para fixa\u00e7\u00e3o no peito para prote\u00e7\u00e3o contra quedas, 2 argolas em D laterais para posicionamento no trabalhoAdaptabilidade:&amp;nbsp;Al\u00e7as de ..<\/p>\n\t\t\t\t\t\t\t<\/div>\n                        <\/div>\n                    <\/div>                    <div class=\"product-layout product-list col-xs-12\">\n                        <div class=\"product-thumb\">\n                            <div class=\"image\">\n\t\t\t\t\t\t\t\t<a href=\"https:\/\/vww.pt\/index.php?route=product\/product&amp;path=25&amp;product_id=1078\">\n\t\t\t\t\t\t\t\t\t<img src=\"https:\/\/vww.pt\/image\/cache\/catalog\/catalogo\/FARU\/PROT.%20LOMBAR\/HAPO\/1-500x666.png\" alt=\"Arn\u00eas exoesqueleto HAPO\" title=\"Arn\u00eas exoesqueleto HAPO\" class=\"img-responsive\" \/>\t\t\t\t\t\t\t\t<\/a>\t\t\t\t\t\t\t\t<div class=\"action-links\">\n\t\t\t\t\t\t\t\t\t<button class=\"btn-cart\" type=\"button\" data-toggle=\"tooltip\" title=\"Adicionar ao Pedido\" onclick=\"cart.add('1078', '1')\"><i class=\"ion-bag\"><\/i><span>Adicionar ao Pedido<\/span><\/button>\n\t\t\t\t\t\t\t\t\t<button class=\"btn-wishlist\" type=\"button\" data-toggle=\"tooltip\" title=\"Add \u00e0 Lista de preferencias\" onclick=\"wishlist.add('1078');\"><i class=\"ion-android-favorite-outline\"><\/i><span>Add \u00e0 Lista de preferencias<\/span><\/button>\n\t\t\t\t\t\t\t\t\t<button class=\"btn-compare\" type=\"button\" data-toggle=\"tooltip\" title=\"Comparar\" onclick=\"compare.add('1078');\"><i class=\"ion-android-options\"><\/i><span>Comparar<\/span><\/button>\n\t\t\t\t\t\t\t\t\t<button class=\"btn-quickview\" type=\"button\" data-toggle=\"tooltip\" title=\"Quick View\" onclick=\"ocquickview.ajaxView('https:\/\/vww.pt\/index.php?route=product\/product&amp;path=25&amp;product_id=1078')\"><i class=\"ion-android-open\"><\/i><span>Quick View<\/span><\/button>\n\t\t\t\t\t\t\t\t<\/div>\n\t\t\t\t\t\t\t<\/div>\n\t\t\t\t\t\t\t<div class=\"caption\">\t\t\t\t\t\t\t\t<p class=\"manufacture-product\">\n\t\t\t\t\t\t\t\t\t<a href=\"https:\/\/vww.pt\/index.php?route=product\/manufacturer\/info&amp;manufacturer_id=11\">FARU<\/a>\n\t\t\t\t\t\t\t\t<\/p>\t\t\t\t\t\t\t\t<h4 class=\"product-name\"><a href=\"https:\/\/vww.pt\/index.php?route=product\/product&amp;path=25&amp;product_id=1078\">Arn\u00eas exoesqueleto HAPO<\/a><\/h4>\t\t\t\t\t\t\t\t\t<p class=\"price\">0.00\u20ac\t\t\t\t\t\t\t\t\t<\/p>\t\t\t\t\t\t\t\t<p class=\"product-des 8\">DESCRI\u00c7\u00c3OExoesqueleto para prevenir dores nas costasO arn\u00eas de postura HAPO foi projetado para reduzir LER nas costas e lombar&amp;nbsp;: dor lombar, h\u00e9rnia de disco...Reduz o estresse nas v\u00e9rtebras lombares e protege os discos intervertebrais em qualquer postura:- Na posi\u00e7\u00e3o est\u00e1tica em p\u00e9, fornece sup..<\/p>\n\t\t\t\t\t\t\t<\/div>\n                        <\/div>\n                    <\/div>                    <div class=\"product-layout product-list col-xs-12\">\n                        <div class=\"product-thumb\">\n                            <div class=\"image\">\n\t\t\t\t\t\t\t\t<a href=\"https:\/\/vww.pt\/index.php?route=product\/product&amp;path=25&amp;product_id=1565\">\n\t\t\t\t\t\t\t\t\t<img src=\"https:\/\/vww.pt\/image\/cache\/catalog\/EPI'S\/Prot.%20Ocular\/Acessorios\/arn\u00eas%20FH1\/Arn\u00eas-FH1-500x666.jpg\" alt=\"Arn\u00eas FH1\" title=\"Arn\u00eas FH1\" class=\"img-responsive\" \/>\t\t\t\t\t\t\t\t<\/a>\t\t\t\t\t\t\t\t<div class=\"action-links\">\n\t\t\t\t\t\t\t\t\t<button class=\"btn-cart\" type=\"button\" data-toggle=\"tooltip\" title=\"Adicionar ao Pedido\" onclick=\"cart.add('1565', '1')\"><i class=\"ion-bag\"><\/i><span>Adicionar ao Pedido<\/span><\/button>\n\t\t\t\t\t\t\t\t\t<button class=\"btn-wishlist\" type=\"button\" data-toggle=\"tooltip\" title=\"Add \u00e0 Lista de preferencias\" onclick=\"wishlist.add('1565');\"><i class=\"ion-android-favorite-outline\"><\/i><span>Add \u00e0 Lista de preferencias<\/span><\/button>\n\t\t\t\t\t\t\t\t\t<button class=\"btn-compare\" type=\"button\" data-toggle=\"tooltip\" title=\"Comparar\" onclick=\"compare.add('1565');\"><i class=\"ion-android-options\"><\/i><span>Comparar<\/span><\/button>\n\t\t\t\t\t\t\t\t\t<button class=\"btn-quickview\" type=\"button\" data-toggle=\"tooltip\" title=\"Quick View\" onclick=\"ocquickview.ajaxView('https:\/\/vww.pt\/index.php?route=product\/product&amp;path=25&amp;product_id=1565')\"><i class=\"ion-android-open\"><\/i><span>Quick View<\/span><\/button>\n\t\t\t\t\t\t\t\t<\/div>\n\t\t\t\t\t\t\t<\/div>\n\t\t\t\t\t\t\t<div class=\"caption\">\t\t\t\t\t\t\t\t<p class=\"manufacture-product\">\n\t\t\t\t\t\t\t\t\t<a href=\"https:\/\/vww.pt\/index.php?route=product\/manufacturer\/info&amp;manufacturer_id=12\">3M<\/a>\n\t\t\t\t\t\t\t\t<\/p>\t\t\t\t\t\t\t\t<h4 class=\"product-name\"><a href=\"https:\/\/vww.pt\/index.php?route=product\/product&amp;path=25&amp;product_id=1565\">Arn\u00eas FH1<\/a><\/h4>\t\t\t\t\t\t\t\t\t<p class=\"price\">0.00\u20ac\t\t\t\t\t\t\t\t\t<\/p>\t\t\t\t\t\t\t\t<p class=\"product-des 8\">DESCRI\u00c7\u00c3OSuporte FH1 para capacete G3000 e uma ampla gama de viseiras Suporte FH1 para viseira de capacete foi projetado para m\u00e1xima compatibilidade com capacetes de seguran\u00e7a 3M G3000, \u00f3culos de prote\u00e7\u00e3o integrados 3M\u2122 V6 e protetores auriculares e headsets de comunica\u00e7\u00e3o 3M PeltorAl\u00e9m disso, o sup..<\/p>\n\t\t\t\t\t\t\t<\/div>\n                        <\/div>\n                    <\/div>                    <div class=\"product-layout product-list col-xs-12\">\n                        <div class=\"product-thumb\">\n                            <div class=\"image\">\n\t\t\t\t\t\t\t\t<a href=\"https:\/\/vww.pt\/index.php?route=product\/product&amp;path=25&amp;product_id=1027\">\n\t\t\t\t\t\t\t\t\t<img src=\"https:\/\/vww.pt\/image\/cache\/catalog\/catalogo\/KRATOS\/Arnes%20e%20cintos\/fa%201021100%20arneses\/fire-free-harness-with-belt.jpg-500x666.png\" alt=\"Arn\u00eas Fire Free 3 pontos\" title=\"Arn\u00eas Fire Free 3 pontos\" class=\"img-responsive\" \/>\t\t\t\t\t\t\t\t<\/a>\t\t\t\t\t\t\t\t<div class=\"action-links\">\n\t\t\t\t\t\t\t\t\t<button class=\"btn-cart\" type=\"button\" data-toggle=\"tooltip\" title=\"Adicionar ao Pedido\" onclick=\"cart.add('1027', '1')\"><i class=\"ion-bag\"><\/i><span>Adicionar ao Pedido<\/span><\/button>\n\t\t\t\t\t\t\t\t\t<button class=\"btn-wishlist\" type=\"button\" data-toggle=\"tooltip\" title=\"Add \u00e0 Lista de preferencias\" onclick=\"wishlist.add('1027');\"><i class=\"ion-android-favorite-outline\"><\/i><span>Add \u00e0 Lista de preferencias<\/span><\/button>\n\t\t\t\t\t\t\t\t\t<button class=\"btn-compare\" type=\"button\" data-toggle=\"tooltip\" title=\"Comparar\" onclick=\"compare.add('1027');\"><i class=\"ion-android-options\"><\/i><span>Comparar<\/span><\/button>\n\t\t\t\t\t\t\t\t\t<button class=\"btn-quickview\" type=\"button\" data-toggle=\"tooltip\" title=\"Quick View\" onclick=\"ocquickview.ajaxView('https:\/\/vww.pt\/index.php?route=product\/product&amp;path=25&amp;product_id=1027')\"><i class=\"ion-android-open\"><\/i><span>Quick View<\/span><\/button>\n\t\t\t\t\t\t\t\t<\/div>\n\t\t\t\t\t\t\t<\/div>\n\t\t\t\t\t\t\t<div class=\"caption\">\t\t\t\t\t\t\t\t<p class=\"manufacture-product\">\n\t\t\t\t\t\t\t\t\t<a href=\"https:\/\/vww.pt\/index.php?route=product\/manufacturer\/info&amp;manufacturer_id=18\">KRATOS<\/a>\n\t\t\t\t\t\t\t\t<\/p>\t\t\t\t\t\t\t\t<h4 class=\"product-name\"><a href=\"https:\/\/vww.pt\/index.php?route=product\/product&amp;path=25&amp;product_id=1027\">Arn\u00eas Fire Free 3 pontos<\/a><\/h4>\t\t\t\t\t\t\t\t\t<p class=\"price\">0.00\u20ac\t\t\t\t\t\t\t\t\t<\/p>\t\t\t\t\t\t\t\t<p class=\"product-des 8\">DESCRI\u00c7\u00c3OProjetado para oferecer uma solu\u00e7\u00e3o perfeita para trabalhadores que realizam soldagem em alturaElementos de fixa\u00e7\u00e3o:&amp;nbsp;1 argola em D dorsal, 2 al\u00e7as t\u00eaxteis de fixa\u00e7\u00e3o no peito para prote\u00e7\u00e3o contra quedas e 2 argolas em D laterais na altura da cinturaAdaptabilidade:&amp;nbsp;Al\u00e7as de ombro, ..<\/p>\n\t\t\t\t\t\t\t<\/div>\n                        <\/div>\n                    <\/div>                    <div class=\"product-layout product-list col-xs-12\">\n                        <div class=\"product-thumb\">\n                            <div class=\"image\">\n\t\t\t\t\t\t\t\t<a href=\"https:\/\/vww.pt\/index.php?route=product\/product&amp;path=25&amp;product_id=717\">\n\t\t\t\t\t\t\t\t\t<img src=\"https:\/\/vww.pt\/image\/cache\/catalog\/catalogo\/KRATOS\/Arnes%20e%20cintos\/FA%2010%20206%2000_Arnes%20Frontal_Kratos\/FA%2010%20206%2000%20(1)-500x666.jpg\" alt=\"Arn\u00eas frontal de suspens\u00e3o medium 4 pontos\" title=\"Arn\u00eas frontal de suspens\u00e3o medium 4 pontos\" class=\"img-responsive\" \/>\t\t\t\t\t\t\t\t<\/a>\t\t\t\t\t\t\t\t<div class=\"action-links\">\n\t\t\t\t\t\t\t\t\t<button class=\"btn-cart\" type=\"button\" data-toggle=\"tooltip\" title=\"Adicionar ao Pedido\" onclick=\"cart.add('717', '1')\"><i class=\"ion-bag\"><\/i><span>Adicionar ao Pedido<\/span><\/button>\n\t\t\t\t\t\t\t\t\t<button class=\"btn-wishlist\" type=\"button\" data-toggle=\"tooltip\" title=\"Add \u00e0 Lista de preferencias\" onclick=\"wishlist.add('717');\"><i class=\"ion-android-favorite-outline\"><\/i><span>Add \u00e0 Lista de preferencias<\/span><\/button>\n\t\t\t\t\t\t\t\t\t<button class=\"btn-compare\" type=\"button\" data-toggle=\"tooltip\" title=\"Comparar\" onclick=\"compare.add('717');\"><i class=\"ion-android-options\"><\/i><span>Comparar<\/span><\/button>\n\t\t\t\t\t\t\t\t\t<button class=\"btn-quickview\" type=\"button\" data-toggle=\"tooltip\" title=\"Quick View\" onclick=\"ocquickview.ajaxView('https:\/\/vww.pt\/index.php?route=product\/product&amp;path=25&amp;product_id=717')\"><i class=\"ion-android-open\"><\/i><span>Quick View<\/span><\/button>\n\t\t\t\t\t\t\t\t<\/div>\n\t\t\t\t\t\t\t<\/div>\n\t\t\t\t\t\t\t<div class=\"caption\">\t\t\t\t\t\t\t\t<p class=\"manufacture-product\">\n\t\t\t\t\t\t\t\t\t<a href=\"https:\/\/vww.pt\/index.php?route=product\/manufacturer\/info&amp;manufacturer_id=18\">KRATOS<\/a>\n\t\t\t\t\t\t\t\t<\/p>\t\t\t\t\t\t\t\t<h4 class=\"product-name\"><a href=\"https:\/\/vww.pt\/index.php?route=product\/product&amp;path=25&amp;product_id=717\">Arn\u00eas frontal de suspens\u00e3o medium 4 pontos<\/a><\/h4>\t\t\t\t\t\t\t\t\t<p class=\"price\">0.00\u20ac\t\t\t\t\t\t\t\t\t<\/p>\t\t\t\t\t\t\t\t<p class=\"product-des 8\">DESCRI\u00c7\u00c3O1 argola em D dorsal e 1 esternal para prote\u00e7\u00e3o contra quedas. 1 argola em D ventral na altura da cintura para trabalho com acesso por corda e 2 argolas em D laterais para posicionamentoAl\u00e7as ajust\u00e1veis \u200b\u200bnos ombros, coxas e cinturaTiras do cinto de ombro s\u00e3o fornecidas com fivelasFivelas a..<\/p>\n\t\t\t\t\t\t\t<\/div>\n                        <\/div>\n                    <\/div>                    <div class=\"product-layout product-list col-xs-12\">\n                        <div class=\"product-thumb\">\n                            <div class=\"image\">\n\t\t\t\t\t\t\t\t<a href=\"https:\/\/vww.pt\/index.php?route=product\/product&amp;path=25&amp;product_id=1563\">\n\t\t\t\t\t\t\t\t\t<img src=\"https:\/\/vww.pt\/image\/cache\/catalog\/EPI'S\/Prot.%20Ocular\/Acessorios\/gama%20g500\/Arn\u00eas-G500-500x666.jpg\" alt=\"Arn\u00eas G500\" title=\"Arn\u00eas G500\" class=\"img-responsive\" \/>\t\t\t\t\t\t\t\t<\/a>\t\t\t\t\t\t\t\t<div class=\"action-links\">\n\t\t\t\t\t\t\t\t\t<button class=\"btn-cart\" type=\"button\" data-toggle=\"tooltip\" title=\"Adicionar ao Pedido\" onclick=\"cart.add('1563', '1')\"><i class=\"ion-bag\"><\/i><span>Adicionar ao Pedido<\/span><\/button>\n\t\t\t\t\t\t\t\t\t<button class=\"btn-wishlist\" type=\"button\" data-toggle=\"tooltip\" title=\"Add \u00e0 Lista de preferencias\" onclick=\"wishlist.add('1563');\"><i class=\"ion-android-favorite-outline\"><\/i><span>Add \u00e0 Lista de preferencias<\/span><\/button>\n\t\t\t\t\t\t\t\t\t<button class=\"btn-compare\" type=\"button\" data-toggle=\"tooltip\" title=\"Comparar\" onclick=\"compare.add('1563');\"><i class=\"ion-android-options\"><\/i><span>Comparar<\/span><\/button>\n\t\t\t\t\t\t\t\t\t<button class=\"btn-quickview\" type=\"button\" data-toggle=\"tooltip\" title=\"Quick View\" onclick=\"ocquickview.ajaxView('https:\/\/vww.pt\/index.php?route=product\/product&amp;path=25&amp;product_id=1563')\"><i class=\"ion-android-open\"><\/i><span>Quick View<\/span><\/button>\n\t\t\t\t\t\t\t\t<\/div>\n\t\t\t\t\t\t\t<\/div>\n\t\t\t\t\t\t\t<div class=\"caption\">\t\t\t\t\t\t\t\t<p class=\"manufacture-product\">\n\t\t\t\t\t\t\t\t\t<a href=\"https:\/\/vww.pt\/index.php?route=product\/manufacturer\/info&amp;manufacturer_id=12\">3M<\/a>\n\t\t\t\t\t\t\t\t<\/p>\t\t\t\t\t\t\t\t<h4 class=\"product-name\"><a href=\"https:\/\/vww.pt\/index.php?route=product\/product&amp;path=25&amp;product_id=1563\">Arn\u00eas G500<\/a><\/h4>\t\t\t\t\t\t\t\t\t<p class=\"price\">0.00\u20ac\t\t\t\t\t\t\t\t\t<\/p>\t\t\t\t\t\t\t\t<p class=\"product-des 8\">DESCRI\u00c7\u00c3OVers\u00e1til e confort\u00e1vel para uso como um sistema de prote\u00e7\u00e3o facial independente ou um sistema combinado de prote\u00e7\u00e3o facial e auditivaCobertura frontal ventilada para maior confortoDesign incorpora um suporte para cabos de produtos de comunica\u00e7\u00e3o PeltorProtetor facial oferece um amplo campo ..<\/p>\n\t\t\t\t\t\t\t<\/div>\n                        <\/div>\n                    <\/div>                    <div class=\"product-layout product-list col-xs-12\">\n                        <div class=\"product-thumb\">\n                            <div class=\"image\">\n\t\t\t\t\t\t\t\t<a href=\"https:\/\/vww.pt\/index.php?route=product\/product&amp;path=25&amp;product_id=1025\">\n\t\t\t\t\t\t\t\t\t<img src=\"https:\/\/vww.pt\/image\/cache\/catalog\/catalogo\/KRATOS\/Arnes%20e%20cintos\/FA1021800%20arnes\/hybrid-airtech-2-full-body-harness-3-attachment-points-with-extra-comfort-belt-s-m%20(1).jpg-500x666.png\" alt=\"Arn\u00eas hybrid AirTech 5 pontos\" title=\"Arn\u00eas hybrid AirTech 5 pontos\" class=\"img-responsive\" \/>\t\t\t\t\t\t\t\t<\/a>\t\t\t\t\t\t\t\t<div class=\"action-links\">\n\t\t\t\t\t\t\t\t\t<button class=\"btn-cart\" type=\"button\" data-toggle=\"tooltip\" title=\"Adicionar ao Pedido\" onclick=\"cart.add('1025', '1')\"><i class=\"ion-bag\"><\/i><span>Adicionar ao Pedido<\/span><\/button>\n\t\t\t\t\t\t\t\t\t<button class=\"btn-wishlist\" type=\"button\" data-toggle=\"tooltip\" title=\"Add \u00e0 Lista de preferencias\" onclick=\"wishlist.add('1025');\"><i class=\"ion-android-favorite-outline\"><\/i><span>Add \u00e0 Lista de preferencias<\/span><\/button>\n\t\t\t\t\t\t\t\t\t<button class=\"btn-compare\" type=\"button\" data-toggle=\"tooltip\" title=\"Comparar\" onclick=\"compare.add('1025');\"><i class=\"ion-android-options\"><\/i><span>Comparar<\/span><\/button>\n\t\t\t\t\t\t\t\t\t<button class=\"btn-quickview\" type=\"button\" data-toggle=\"tooltip\" title=\"Quick View\" onclick=\"ocquickview.ajaxView('https:\/\/vww.pt\/index.php?route=product\/product&amp;path=25&amp;product_id=1025')\"><i class=\"ion-android-open\"><\/i><span>Quick View<\/span><\/button>\n\t\t\t\t\t\t\t\t<\/div>\n\t\t\t\t\t\t\t<\/div>\n\t\t\t\t\t\t\t<div class=\"caption\">\t\t\t\t\t\t\t\t<p class=\"manufacture-product\">\n\t\t\t\t\t\t\t\t\t<a href=\"https:\/\/vww.pt\/index.php?route=product\/manufacturer\/info&amp;manufacturer_id=18\">KRATOS<\/a>\n\t\t\t\t\t\t\t\t<\/p>\t\t\t\t\t\t\t\t<h4 class=\"product-name\"><a href=\"https:\/\/vww.pt\/index.php?route=product\/product&amp;path=25&amp;product_id=1025\">Arn\u00eas hybrid AirTech 5 pontos<\/a><\/h4>\t\t\t\t\t\t\t\t\t<p class=\"price\">0.00\u20ac\t\t\t\t\t\t\t\t\t<\/p>\t\t\t\t\t\t\t\t<p class=\"product-des 8\">DESCRI\u00c7\u00c3OTamanho: 60 x 40 x 24 cmPode ser usado por um usu\u00e1rio com peso m\u00e1ximo de 140 kgNORMAS E CONFORMIDADESEN 361:2002EN 358:2018EN 813:2008..<\/p>\n\t\t\t\t\t\t\t<\/div>\n                        <\/div>\n                    <\/div>                    <div class=\"product-layout product-list col-xs-12\">\n                        <div class=\"product-thumb\">\n                            <div class=\"image\">\n\t\t\t\t\t\t\t\t<a href=\"https:\/\/vww.pt\/index.php?route=product\/product&amp;path=25&amp;product_id=714\">\n\t\t\t\t\t\t\t\t\t<img src=\"https:\/\/vww.pt\/image\/cache\/catalog\/catalogo\/KRATOS\/Arnes%20e%20cintos\/fa%201020500%20arnes\/mune-5-body-harness-2-attachment-points-with-belt.jpg-500x666.png\" alt=\"Arn\u00eas Medium lombar 3 pontos\" title=\"Arn\u00eas Medium lombar 3 pontos\" class=\"img-responsive\" \/>\t\t\t\t\t\t\t\t<\/a>\t\t\t\t\t\t\t\t<div class=\"action-links\">\n\t\t\t\t\t\t\t\t\t<button class=\"btn-cart\" type=\"button\" data-toggle=\"tooltip\" title=\"Adicionar ao Pedido\" onclick=\"cart.add('714', '1')\"><i class=\"ion-bag\"><\/i><span>Adicionar ao Pedido<\/span><\/button>\n\t\t\t\t\t\t\t\t\t<button class=\"btn-wishlist\" type=\"button\" data-toggle=\"tooltip\" title=\"Add \u00e0 Lista de preferencias\" onclick=\"wishlist.add('714');\"><i class=\"ion-android-favorite-outline\"><\/i><span>Add \u00e0 Lista de preferencias<\/span><\/button>\n\t\t\t\t\t\t\t\t\t<button class=\"btn-compare\" type=\"button\" data-toggle=\"tooltip\" title=\"Comparar\" onclick=\"compare.add('714');\"><i class=\"ion-android-options\"><\/i><span>Comparar<\/span><\/button>\n\t\t\t\t\t\t\t\t\t<button class=\"btn-quickview\" type=\"button\" data-toggle=\"tooltip\" title=\"Quick View\" onclick=\"ocquickview.ajaxView('https:\/\/vww.pt\/index.php?route=product\/product&amp;path=25&amp;product_id=714')\"><i class=\"ion-android-open\"><\/i><span>Quick View<\/span><\/button>\n\t\t\t\t\t\t\t\t<\/div>\n\t\t\t\t\t\t\t<\/div>\n\t\t\t\t\t\t\t<div class=\"caption\">\t\t\t\t\t\t\t\t<p class=\"manufacture-product\">\n\t\t\t\t\t\t\t\t\t<a href=\"https:\/\/vww.pt\/index.php?route=product\/manufacturer\/info&amp;manufacturer_id=18\">KRATOS<\/a>\n\t\t\t\t\t\t\t\t<\/p>\t\t\t\t\t\t\t\t<h4 class=\"product-name\"><a href=\"https:\/\/vww.pt\/index.php?route=product\/product&amp;path=25&amp;product_id=714\">Arn\u00eas Medium lombar 3 pontos<\/a><\/h4>\t\t\t\t\t\t\t\t\t<p class=\"price\">0.00\u20ac\t\t\t\t\t\t\t\t\t<\/p>\t\t\t\t\t\t\t\t<p class=\"product-des 8\">DESCRI\u00c7\u00c3OElementos de fixa\u00e7\u00e3o:&amp;nbsp;1 argola em D de fixa\u00e7\u00e3o esternal e uma argola em D de fixa\u00e7\u00e3o dorsal para prote\u00e7\u00e3o contra quedas, 2 argolas em D laterais para posicionamentoAl\u00e7as ajust\u00e1veis \u200b\u200bnos ombros e coxasAl\u00e7as de ombro e coxa diferenciadas por um esquema de duas coresAl\u00e7a de assento posic..<\/p>\n\t\t\t\t\t\t\t<\/div>\n                        <\/div>\n                    <\/div>                    <div class=\"product-layout product-list col-xs-12\">\n                        <div class=\"product-thumb\">\n                            <div class=\"image\">\n\t\t\t\t\t\t\t\t<a href=\"https:\/\/vww.pt\/index.php?route=product\/product&amp;path=25&amp;product_id=718\">\n\t\t\t\t\t\t\t\t\t<img src=\"https:\/\/vww.pt\/image\/cache\/catalog\/catalogo\/KRATOS\/Arnes%20e%20cintos\/FA%2010%20207%2000_Arnes%20Rotativo_Kratos\/FA%2010%20207%2000%20(2)-500x666.jpg\" alt=\"Arn\u00eas medium Rotativo 3 pontos\" title=\"Arn\u00eas medium Rotativo 3 pontos\" class=\"img-responsive\" \/>\t\t\t\t\t\t\t\t<\/a>\t\t\t\t\t\t\t\t<div class=\"action-links\">\n\t\t\t\t\t\t\t\t\t<button class=\"btn-cart\" type=\"button\" data-toggle=\"tooltip\" title=\"Adicionar ao Pedido\" onclick=\"cart.add('718', '1')\"><i class=\"ion-bag\"><\/i><span>Adicionar ao Pedido<\/span><\/button>\n\t\t\t\t\t\t\t\t\t<button class=\"btn-wishlist\" type=\"button\" data-toggle=\"tooltip\" title=\"Add \u00e0 Lista de preferencias\" onclick=\"wishlist.add('718');\"><i class=\"ion-android-favorite-outline\"><\/i><span>Add \u00e0 Lista de preferencias<\/span><\/button>\n\t\t\t\t\t\t\t\t\t<button class=\"btn-compare\" type=\"button\" data-toggle=\"tooltip\" title=\"Comparar\" onclick=\"compare.add('718');\"><i class=\"ion-android-options\"><\/i><span>Comparar<\/span><\/button>\n\t\t\t\t\t\t\t\t\t<button class=\"btn-quickview\" type=\"button\" data-toggle=\"tooltip\" title=\"Quick View\" onclick=\"ocquickview.ajaxView('https:\/\/vww.pt\/index.php?route=product\/product&amp;path=25&amp;product_id=718')\"><i class=\"ion-android-open\"><\/i><span>Quick View<\/span><\/button>\n\t\t\t\t\t\t\t\t<\/div>\n\t\t\t\t\t\t\t<\/div>\n\t\t\t\t\t\t\t<div class=\"caption\">\t\t\t\t\t\t\t\t<p class=\"manufacture-product\">\n\t\t\t\t\t\t\t\t\t<a href=\"https:\/\/vww.pt\/index.php?route=product\/manufacturer\/info&amp;manufacturer_id=18\">KRATOS<\/a>\n\t\t\t\t\t\t\t\t<\/p>\t\t\t\t\t\t\t\t<h4 class=\"product-name\"><a href=\"https:\/\/vww.pt\/index.php?route=product\/product&amp;path=25&amp;product_id=718\">Arn\u00eas medium Rotativo 3 pontos<\/a><\/h4>\t\t\t\t\t\t\t\t\t<p class=\"price\">0.00\u20ac\t\t\t\t\t\t\t\t\t<\/p>\t\t\t\t\t\t\t\t<p class=\"product-des 8\">DESCRI\u00c7\u00c3O2 grandes la\u00e7os t\u00eaxteis de fixa\u00e7\u00e3o de t\u00f3rax (2 x A\/2), 1 anel D dorsal para prote\u00e7\u00e3o contra quedas, 2 an\u00e9is D laterais para posicionamento&amp;nbsp;Al\u00e7as de ombro t\u00eam fivelas combinadasAl\u00e7a do peito, das coxas e da cintura s\u00e3o fornecidas com fivelas autom\u00e1ticas para f\u00e1cil ajusteCinto rotativo e..<\/p>\n\t\t\t\t\t\t\t<\/div>\n                        <\/div>\n                    <\/div>                    <div class=\"product-layout product-list col-xs-12\">\n                        <div class=\"product-thumb\">\n                            <div class=\"image\">\n\t\t\t\t\t\t\t\t<a href=\"https:\/\/vww.pt\/index.php?route=product\/product&amp;path=25&amp;product_id=1029\">\n\t\t\t\t\t\t\t\t\t<img src=\"https:\/\/vww.pt\/image\/cache\/catalog\/catalogo\/KRATOS\/Arnes%20e%20cintos\/FA1030501.jpg-500x666.png\" alt=\"Arn\u00eas mochila adventure\" title=\"Arn\u00eas mochila adventure\" class=\"img-responsive\" \/>\t\t\t\t\t\t\t\t<\/a>\t\t\t\t\t\t\t\t<div class=\"action-links\">\n\t\t\t\t\t\t\t\t\t<button class=\"btn-cart\" type=\"button\" data-toggle=\"tooltip\" title=\"Adicionar ao Pedido\" onclick=\"cart.add('1029', '1')\"><i class=\"ion-bag\"><\/i><span>Adicionar ao Pedido<\/span><\/button>\n\t\t\t\t\t\t\t\t\t<button class=\"btn-wishlist\" type=\"button\" data-toggle=\"tooltip\" title=\"Add \u00e0 Lista de preferencias\" onclick=\"wishlist.add('1029');\"><i class=\"ion-android-favorite-outline\"><\/i><span>Add \u00e0 Lista de preferencias<\/span><\/button>\n\t\t\t\t\t\t\t\t\t<button class=\"btn-compare\" type=\"button\" data-toggle=\"tooltip\" title=\"Comparar\" onclick=\"compare.add('1029');\"><i class=\"ion-android-options\"><\/i><span>Comparar<\/span><\/button>\n\t\t\t\t\t\t\t\t\t<button class=\"btn-quickview\" type=\"button\" data-toggle=\"tooltip\" title=\"Quick View\" onclick=\"ocquickview.ajaxView('https:\/\/vww.pt\/index.php?route=product\/product&amp;path=25&amp;product_id=1029')\"><i class=\"ion-android-open\"><\/i><span>Quick View<\/span><\/button>\n\t\t\t\t\t\t\t\t<\/div>\n\t\t\t\t\t\t\t<\/div>\n\t\t\t\t\t\t\t<div class=\"caption\">\t\t\t\t\t\t\t\t<p class=\"manufacture-product\">\n\t\t\t\t\t\t\t\t\t<a href=\"https:\/\/vww.pt\/index.php?route=product\/manufacturer\/info&amp;manufacturer_id=18\">KRATOS<\/a>\n\t\t\t\t\t\t\t\t<\/p>\t\t\t\t\t\t\t\t<h4 class=\"product-name\"><a href=\"https:\/\/vww.pt\/index.php?route=product\/product&amp;path=25&amp;product_id=1029\">Arn\u00eas mochila adventure<\/a><\/h4>\t\t\t\t\t\t\t\t\t<p class=\"price\">0.00\u20ac\t\t\t\t\t\t\t\t\t<\/p>\t\t\t\t\t\t\t\t<p class=\"product-des 8\">DESCRI\u00c7\u00c3OPontos de fixa\u00e7\u00e3o&amp;nbsp;:&amp;nbsp;1 argola em D dorsal e 1 esternal para prote\u00e7\u00e3o contra quedasAdaptabilidade:&amp;nbsp;Al\u00e7as de ombro, peitoral e coxa ajust\u00e1veisConveni\u00eancia:&amp;nbsp;Etiquetas indicadoras de queda nas tiras da coxa frontal e tira dorsal. As tiras dos ombros t\u00eam fivelas combinadas.&amp;nb..<\/p>\n\t\t\t\t\t\t\t<\/div>\n                        <\/div>\n                    <\/div>                    <div class=\"product-layout product-list col-xs-12\">\n                        <div class=\"product-thumb\">\n                            <div class=\"image\">\n\t\t\t\t\t\t\t\t<a href=\"https:\/\/vww.pt\/index.php?route=product\/product&amp;path=25&amp;product_id=1581\">\n\t\t\t\t\t\t\t\t\t<img src=\"https:\/\/vww.pt\/image\/cache\/catalog\/EPI'S\/Prot.%20Ocular\/Acessorios\/arnes-cabe\u00e7a-g5-01-500x666.jpg\" alt=\"Arn\u00eas para m\u00e1scaras speedglass G5-01\" title=\"Arn\u00eas para m\u00e1scaras speedglass G5-01\" class=\"img-responsive\" \/>\t\t\t\t\t\t\t\t<\/a>\t\t\t\t\t\t\t\t<div class=\"action-links\">\n\t\t\t\t\t\t\t\t\t<button class=\"btn-cart\" type=\"button\" data-toggle=\"tooltip\" title=\"Adicionar ao Pedido\" onclick=\"cart.add('1581', '1')\"><i class=\"ion-bag\"><\/i><span>Adicionar ao Pedido<\/span><\/button>\n\t\t\t\t\t\t\t\t\t<button class=\"btn-wishlist\" type=\"button\" data-toggle=\"tooltip\" title=\"Add \u00e0 Lista de preferencias\" onclick=\"wishlist.add('1581');\"><i class=\"ion-android-favorite-outline\"><\/i><span>Add \u00e0 Lista de preferencias<\/span><\/button>\n\t\t\t\t\t\t\t\t\t<button class=\"btn-compare\" type=\"button\" data-toggle=\"tooltip\" title=\"Comparar\" onclick=\"compare.add('1581');\"><i class=\"ion-android-options\"><\/i><span>Comparar<\/span><\/button>\n\t\t\t\t\t\t\t\t\t<button class=\"btn-quickview\" type=\"button\" data-toggle=\"tooltip\" title=\"Quick View\" onclick=\"ocquickview.ajaxView('https:\/\/vww.pt\/index.php?route=product\/product&amp;path=25&amp;product_id=1581')\"><i class=\"ion-android-open\"><\/i><span>Quick View<\/span><\/button>\n\t\t\t\t\t\t\t\t<\/div>\n\t\t\t\t\t\t\t<\/div>\n\t\t\t\t\t\t\t<div class=\"caption\">\t\t\t\t\t\t\t\t<p class=\"manufacture-product\">\n\t\t\t\t\t\t\t\t\t<a href=\"https:\/\/vww.pt\/index.php?route=product\/manufacturer\/info&amp;manufacturer_id=12\">3M<\/a>\n\t\t\t\t\t\t\t\t<\/p>\t\t\t\t\t\t\t\t<h4 class=\"product-name\"><a href=\"https:\/\/vww.pt\/index.php?route=product\/product&amp;path=25&amp;product_id=1581\">Arn\u00eas para m\u00e1scaras speedglass G5-01<\/a><\/h4>\t\t\t\t\t\t\t\t\t<p class=\"price\">0.00\u20ac\t\t\t\t\t\t\t\t\t<\/p>\t\t\t\t\t\t\t\t<p class=\"product-des 8\">DESCRI\u00c7\u00c3OPe\u00e7a sobressalente ou de substitui\u00e7\u00e3o Concebido para utilizar com os Capacetes 3M\u2122 Versaflo\u2122 S\u00e9rie M-300Parte de uma solu\u00e7\u00e3o integrada de prote\u00e7\u00e3o respirat\u00f3ria e de cabe\u00e7a Antes de cada uso, os usu\u00e1rios devem inspecionar seus equipamentos e substituir quaisquer pe\u00e7as desgastadas, danificada..<\/p>\n\t\t\t\t\t\t\t<\/div>\n                        <\/div>\n                    <\/div>                    <div class=\"product-layout product-list col-xs-12\">\n                        <div class=\"product-thumb\">\n                            <div class=\"image\">\n\t\t\t\t\t\t\t\t<a href=\"https:\/\/vww.pt\/index.php?route=product\/product&amp;path=25&amp;product_id=640\">\n\t\t\t\t\t\t\t\t\t<img src=\"https:\/\/vww.pt\/image\/cache\/catalog\/catalogo\/PORTWEST\/PROT.%20OCULAR%20--%20OK\/Viseiras%20e%20acessorios-%20OK\/PS58_Suporte%20Viseira%20para%20capacete%20PW92,94,99_Portwest\/py_f1NCf-500x666.jpg\" alt=\"Aro p\/ capacete\" title=\"Aro p\/ capacete\" class=\"img-responsive\" \/>\t\t\t\t\t\t\t\t<\/a>\t\t\t\t\t\t\t\t<div class=\"action-links\">\n\t\t\t\t\t\t\t\t\t<button class=\"btn-cart\" type=\"button\" data-toggle=\"tooltip\" title=\"Adicionar ao Pedido\" onclick=\"cart.add('640', '1')\"><i class=\"ion-bag\"><\/i><span>Adicionar ao Pedido<\/span><\/button>\n\t\t\t\t\t\t\t\t\t<button class=\"btn-wishlist\" type=\"button\" data-toggle=\"tooltip\" title=\"Add \u00e0 Lista de preferencias\" onclick=\"wishlist.add('640');\"><i class=\"ion-android-favorite-outline\"><\/i><span>Add \u00e0 Lista de preferencias<\/span><\/button>\n\t\t\t\t\t\t\t\t\t<button class=\"btn-compare\" type=\"button\" data-toggle=\"tooltip\" title=\"Comparar\" onclick=\"compare.add('640');\"><i class=\"ion-android-options\"><\/i><span>Comparar<\/span><\/button>\n\t\t\t\t\t\t\t\t\t<button class=\"btn-quickview\" type=\"button\" data-toggle=\"tooltip\" title=\"Quick View\" onclick=\"ocquickview.ajaxView('https:\/\/vww.pt\/index.php?route=product\/product&amp;path=25&amp;product_id=640')\"><i class=\"ion-android-open\"><\/i><span>Quick View<\/span><\/button>\n\t\t\t\t\t\t\t\t<\/div>\n\t\t\t\t\t\t\t<\/div>\n\t\t\t\t\t\t\t<div class=\"caption\">\t\t\t\t\t\t\t\t<p class=\"manufacture-product\">\n\t\t\t\t\t\t\t\t\t<a href=\"https:\/\/vww.pt\/index.php?route=product\/manufacturer\/info&amp;manufacturer_id=23\">PORTWEST<\/a>\n\t\t\t\t\t\t\t\t<\/p>\t\t\t\t\t\t\t\t<h4 class=\"product-name\"><a href=\"https:\/\/vww.pt\/index.php?route=product\/product&amp;path=25&amp;product_id=640\">Aro p\/ capacete<\/a><\/h4>\t\t\t\t\t\t\t\t\t<p class=\"price\">0.00\u20ac\t\t\t\t\t\t\t\t\t<\/p>\t\t\t\t\t\t\t\t<p class=\"product-des 8\">DESCRI\u00c7\u00c3OSuporte de vis\u00e3o com tamanho univeral de encaixe europeu (30mm)Pode ser usado nos modelos de capacete Endurance, capacetes Height Endurance, capacetes Peak View e capacetes de escaladaPermite a posi\u00e7\u00e3o de stand-off e pode combinar o uso simult\u00e2neo da viseira e abafador clip-onCompat\u00edvel com..<\/p>\n\t\t\t\t\t\t\t<\/div>\n                        <\/div>\n                    <\/div>                    <div class=\"product-layout product-list col-xs-12\">\n                        <div class=\"product-thumb\">\n                            <div class=\"image\">\n\t\t\t\t\t\t\t\t<a href=\"https:\/\/vww.pt\/index.php?route=product\/product&amp;path=25&amp;product_id=1486\">\n\t\t\t\t\t\t\t\t\t<img src=\"https:\/\/vww.pt\/image\/cache\/catalog\/catalogo\/3%20M\/Protetores%20auriculares%203M\u2122%20PELTOR\u2122%20WS\u2122%20ALERT\u2122%20X-500x666.png\" alt=\"Auricular de comunica\u00e7\u00e3o Peltor WS Alert X\" title=\"Auricular de comunica\u00e7\u00e3o Peltor WS Alert X\" class=\"img-responsive\" \/>\t\t\t\t\t\t\t\t<\/a>\t\t\t\t\t\t\t\t<div class=\"action-links\">\n\t\t\t\t\t\t\t\t\t<button class=\"btn-cart\" type=\"button\" data-toggle=\"tooltip\" title=\"Adicionar ao Pedido\" onclick=\"cart.add('1486', '1')\"><i class=\"ion-bag\"><\/i><span>Adicionar ao Pedido<\/span><\/button>\n\t\t\t\t\t\t\t\t\t<button class=\"btn-wishlist\" type=\"button\" data-toggle=\"tooltip\" title=\"Add \u00e0 Lista de preferencias\" onclick=\"wishlist.add('1486');\"><i class=\"ion-android-favorite-outline\"><\/i><span>Add \u00e0 Lista de preferencias<\/span><\/button>\n\t\t\t\t\t\t\t\t\t<button class=\"btn-compare\" type=\"button\" data-toggle=\"tooltip\" title=\"Comparar\" onclick=\"compare.add('1486');\"><i class=\"ion-android-options\"><\/i><span>Comparar<\/span><\/button>\n\t\t\t\t\t\t\t\t\t<button class=\"btn-quickview\" type=\"button\" data-toggle=\"tooltip\" title=\"Quick View\" onclick=\"ocquickview.ajaxView('https:\/\/vww.pt\/index.php?route=product\/product&amp;path=25&amp;product_id=1486')\"><i class=\"ion-android-open\"><\/i><span>Quick View<\/span><\/button>\n\t\t\t\t\t\t\t\t<\/div>\n\t\t\t\t\t\t\t<\/div>\n\t\t\t\t\t\t\t<div class=\"caption\">\t\t\t\t\t\t\t\t<p class=\"manufacture-product\">\n\t\t\t\t\t\t\t\t\t<a href=\"https:\/\/vww.pt\/index.php?route=product\/manufacturer\/info&amp;manufacturer_id=12\">3M<\/a>\n\t\t\t\t\t\t\t\t<\/p>\t\t\t\t\t\t\t\t<h4 class=\"product-name\"><a href=\"https:\/\/vww.pt\/index.php?route=product\/product&amp;path=25&amp;product_id=1486\">Auricular de comunica\u00e7\u00e3o Peltor WS Alert X<\/a><\/h4>\t\t\t\t\t\t\t\t\t<p class=\"price\">0.00\u20ac\t\t\t\t\t\t\t\t\t<\/p>\t\t\t\t\t\t\t\t<p class=\"product-des 8\">DESCRI\u00c7\u00c3OO protetor auditivo atenuante vem em dois modelos: faixa de cabe\u00e7a ou fixa\u00e7\u00e3o de capacete de seguran\u00e7aRecurso Push-to-Listen para ouvir o que est\u00e1 ao seu redor de forma f\u00e1cil e instant\u00e2neaAlmofadas substitu\u00edveis (kit de higiene) e capasTecnologia Bluetooth\u00ae para conex\u00e3o a um dispositivo Blu..<\/p>\n\t\t\t\t\t\t\t<\/div>\n                        <\/div>\n                    <\/div>                    <div class=\"product-layout product-list col-xs-12\">\n                        <div class=\"product-thumb\">\n                            <div class=\"image\">\n\t\t\t\t\t\t\t\t<a href=\"https:\/\/vww.pt\/index.php?route=product\/product&amp;path=25&amp;product_id=1482\">\n\t\t\t\t\t\t\t\t\t<img src=\"https:\/\/vww.pt\/image\/cache\/catalog\/catalogo\/3%20M\/peltor-prot-auricular-peltor-optime-1-de-nuca.jpg-500x666.png\" alt=\"Auricular Optime I Nuca SNR 26\" title=\"Auricular Optime I Nuca SNR 26\" class=\"img-responsive\" \/>\t\t\t\t\t\t\t\t<\/a>\t\t\t\t\t\t\t\t<div class=\"action-links\">\n\t\t\t\t\t\t\t\t\t<button class=\"btn-cart\" type=\"button\" data-toggle=\"tooltip\" title=\"Adicionar ao Pedido\" onclick=\"cart.add('1482', '1')\"><i class=\"ion-bag\"><\/i><span>Adicionar ao Pedido<\/span><\/button>\n\t\t\t\t\t\t\t\t\t<button class=\"btn-wishlist\" type=\"button\" data-toggle=\"tooltip\" title=\"Add \u00e0 Lista de preferencias\" onclick=\"wishlist.add('1482');\"><i class=\"ion-android-favorite-outline\"><\/i><span>Add \u00e0 Lista de preferencias<\/span><\/button>\n\t\t\t\t\t\t\t\t\t<button class=\"btn-compare\" type=\"button\" data-toggle=\"tooltip\" title=\"Comparar\" onclick=\"compare.add('1482');\"><i class=\"ion-android-options\"><\/i><span>Comparar<\/span><\/button>\n\t\t\t\t\t\t\t\t\t<button class=\"btn-quickview\" type=\"button\" data-toggle=\"tooltip\" title=\"Quick View\" onclick=\"ocquickview.ajaxView('https:\/\/vww.pt\/index.php?route=product\/product&amp;path=25&amp;product_id=1482')\"><i class=\"ion-android-open\"><\/i><span>Quick View<\/span><\/button>\n\t\t\t\t\t\t\t\t<\/div>\n\t\t\t\t\t\t\t<\/div>\n\t\t\t\t\t\t\t<div class=\"caption\">\t\t\t\t\t\t\t\t<p class=\"manufacture-product\">\n\t\t\t\t\t\t\t\t\t<a href=\"https:\/\/vww.pt\/index.php?route=product\/manufacturer\/info&amp;manufacturer_id=12\">3M<\/a>\n\t\t\t\t\t\t\t\t<\/p>\t\t\t\t\t\t\t\t<h4 class=\"product-name\"><a href=\"https:\/\/vww.pt\/index.php?route=product\/product&amp;path=25&amp;product_id=1482\">Auricular Optime I Nuca SNR 26<\/a><\/h4>\t\t\t\t\t\t\t\t\t<p class=\"price\">0.00\u20ac\t\t\t\t\t\t\t\t\t<\/p>\t\t\t\t\t\t\t\t<p class=\"product-des 8\">DESCRI\u00c7\u00c3ODesign \u00fanico de baixo perfil, ajuda a manter uma \u00f3ptima veda\u00e7\u00e3o com uma press\u00e3o constanteCombina\u00e7\u00e3o de l\u00edquido e espuma, no interior dos an\u00e9is de veda\u00e7\u00e3o para maior confortoGrande espa\u00e7o no interior da concha ajuda a reduzir humidades e acumula\u00e7\u00e3o de calor Almofadas macias ajudam a reduzir ..<\/p>\n\t\t\t\t\t\t\t<\/div>\n                        <\/div>\n                    <\/div>                    <div class=\"product-layout product-list col-xs-12\">\n                        <div class=\"product-thumb\">\n                            <div class=\"image\">\n\t\t\t\t\t\t\t\t<a href=\"https:\/\/vww.pt\/index.php?route=product\/product&amp;path=25&amp;product_id=578\">\n\t\t\t\t\t\t\t\t\t<img src=\"https:\/\/vww.pt\/image\/cache\/catalog\/catalogo\/FARU\/PROT.%20AUDITIVA%20-%20OK\/Abafador%20Anti-ruido\/H510P3E_OPTIME%20I%20Capacete_3M\/H510P3E_OPTIME%20I%20Capacete_3M%20(1)-500x666.jpg\" alt=\"Auricular Optime I P\/capacete\" title=\"Auricular Optime I P\/capacete\" class=\"img-responsive\" \/>\t\t\t\t\t\t\t\t<\/a>\t\t\t\t\t\t\t\t<div class=\"action-links\">\n\t\t\t\t\t\t\t\t\t<button class=\"btn-cart\" type=\"button\" data-toggle=\"tooltip\" title=\"Adicionar ao Pedido\" onclick=\"cart.add('578', '1')\"><i class=\"ion-bag\"><\/i><span>Adicionar ao Pedido<\/span><\/button>\n\t\t\t\t\t\t\t\t\t<button class=\"btn-wishlist\" type=\"button\" data-toggle=\"tooltip\" title=\"Add \u00e0 Lista de preferencias\" onclick=\"wishlist.add('578');\"><i class=\"ion-android-favorite-outline\"><\/i><span>Add \u00e0 Lista de preferencias<\/span><\/button>\n\t\t\t\t\t\t\t\t\t<button class=\"btn-compare\" type=\"button\" data-toggle=\"tooltip\" title=\"Comparar\" onclick=\"compare.add('578');\"><i class=\"ion-android-options\"><\/i><span>Comparar<\/span><\/button>\n\t\t\t\t\t\t\t\t\t<button class=\"btn-quickview\" type=\"button\" data-toggle=\"tooltip\" title=\"Quick View\" onclick=\"ocquickview.ajaxView('https:\/\/vww.pt\/index.php?route=product\/product&amp;path=25&amp;product_id=578')\"><i class=\"ion-android-open\"><\/i><span>Quick View<\/span><\/button>\n\t\t\t\t\t\t\t\t<\/div>\n\t\t\t\t\t\t\t<\/div>\n\t\t\t\t\t\t\t<div class=\"caption\">\t\t\t\t\t\t\t\t<p class=\"manufacture-product\">\n\t\t\t\t\t\t\t\t\t<a href=\"https:\/\/vww.pt\/index.php?route=product\/manufacturer\/info&amp;manufacturer_id=12\">3M<\/a>\n\t\t\t\t\t\t\t\t<\/p>\t\t\t\t\t\t\t\t<h4 class=\"product-name\"><a href=\"https:\/\/vww.pt\/index.php?route=product\/product&amp;path=25&amp;product_id=578\">Auricular Optime I P\/capacete<\/a><\/h4>\t\t\t\t\t\t\t\t\t<p class=\"price\">0.00\u20ac\t\t\t\t\t\t\t\t\t<\/p>\t\t\t\t\t\t\t\t<p class=\"product-des 8\">DESCRI\u00c7\u00c3OProte\u00e7\u00e3o auditiva confort\u00e1vel e eficaz com acess\u00f3rio para Capacetes P3E para montagem no capaceteAs almofadas amplas e macias ajudam a reduzir a press\u00e3o \u00e0 volta dos ouvidos para melhorar o conforto e a facilidade de utiliza\u00e7\u00e3oO acess\u00f3rio para Capacetes P3E pode ser aplicado diretamente em m..<\/p>\n\t\t\t\t\t\t\t<\/div>\n                        <\/div>\n                    <\/div>                    <div class=\"product-layout product-list col-xs-12\">\n                        <div class=\"product-thumb\">\n                            <div class=\"image\">\n\t\t\t\t\t\t\t\t<a href=\"https:\/\/vww.pt\/index.php?route=product\/product&amp;path=25&amp;product_id=576\">\n\t\t\t\t\t\t\t\t\t<img src=\"https:\/\/vww.pt\/image\/cache\/catalog\/catalogo\/FARU\/PROT.%20AUDITIVA%20-%20OK\/Abafador%20Anti-ruido\/H510A_OPTIME%20I_cabeca_27snr_3M\/H510A_OPTIME%20I_cabeca_27snr_3M%20(3)-500x666.jpg\" alt=\"Auricular Optime I SNR 27\" title=\"Auricular Optime I SNR 27\" class=\"img-responsive\" \/>\t\t\t\t\t\t\t\t<\/a>\t\t\t\t\t\t\t\t<div class=\"action-links\">\n\t\t\t\t\t\t\t\t\t<button class=\"btn-cart\" type=\"button\" data-toggle=\"tooltip\" title=\"Adicionar ao Pedido\" onclick=\"cart.add('576', '1')\"><i class=\"ion-bag\"><\/i><span>Adicionar ao Pedido<\/span><\/button>\n\t\t\t\t\t\t\t\t\t<button class=\"btn-wishlist\" type=\"button\" data-toggle=\"tooltip\" title=\"Add \u00e0 Lista de preferencias\" onclick=\"wishlist.add('576');\"><i class=\"ion-android-favorite-outline\"><\/i><span>Add \u00e0 Lista de preferencias<\/span><\/button>\n\t\t\t\t\t\t\t\t\t<button class=\"btn-compare\" type=\"button\" data-toggle=\"tooltip\" title=\"Comparar\" onclick=\"compare.add('576');\"><i class=\"ion-android-options\"><\/i><span>Comparar<\/span><\/button>\n\t\t\t\t\t\t\t\t\t<button class=\"btn-quickview\" type=\"button\" data-toggle=\"tooltip\" title=\"Quick View\" onclick=\"ocquickview.ajaxView('https:\/\/vww.pt\/index.php?route=product\/product&amp;path=25&amp;product_id=576')\"><i class=\"ion-android-open\"><\/i><span>Quick View<\/span><\/button>\n\t\t\t\t\t\t\t\t<\/div>\n\t\t\t\t\t\t\t<\/div>\n\t\t\t\t\t\t\t<div class=\"caption\">\t\t\t\t\t\t\t\t<p class=\"manufacture-product\">\n\t\t\t\t\t\t\t\t\t<a href=\"https:\/\/vww.pt\/index.php?route=product\/manufacturer\/info&amp;manufacturer_id=12\">3M<\/a>\n\t\t\t\t\t\t\t\t<\/p>\t\t\t\t\t\t\t\t<h4 class=\"product-name\"><a href=\"https:\/\/vww.pt\/index.php?route=product\/product&amp;path=25&amp;product_id=576\">Auricular Optime I SNR 27<\/a><\/h4>\t\t\t\t\t\t\t\t\t<p class=\"price\">0.00\u20ac\t\t\t\t\t\t\t\t\t<\/p>\t\t\t\t\t\t\t\t<p class=\"product-des 8\">DESCRI\u00c7\u00c3OAuricular para Cabe\u00e7a Optime I, desenvolvidos para ambientes ruidosos, e s\u00e3o eficazes na redu\u00e7\u00e3o do som mesmo em frequ\u00eancias muito baixas.Os an\u00e9is est\u00e3o revestidos com uma combina\u00e7\u00e3o \u00fanica de l\u00edquido e espuma.O resultado \u00e9 uma veda\u00e7\u00e3o \u00f3ptima, com baixa press\u00e3o de contacto, o que proporciona..<\/p>\n\t\t\t\t\t\t\t<\/div>\n                        <\/div>\n                    <\/div>                    <div class=\"product-layout product-list col-xs-12\">\n                        <div class=\"product-thumb\">\n                            <div class=\"image\">\n\t\t\t\t\t\t\t\t<a href=\"https:\/\/vww.pt\/index.php?route=product\/product&amp;path=25&amp;product_id=1483\">\n\t\t\t\t\t\t\t\t\t<img src=\"https:\/\/vww.pt\/image\/cache\/catalog\/catalogo\/3%20M\/Prot.%20Auricular%20Peltor%20Optime%202%20de%20Nuca%20H520B%20(SNR%2031%20db).jpg-500x666.png\" alt=\"Auricular Optime II Nuca SNR 31dB\" title=\"Auricular Optime II Nuca SNR 31dB\" class=\"img-responsive\" \/>\t\t\t\t\t\t\t\t<\/a>\t\t\t\t\t\t\t\t<div class=\"action-links\">\n\t\t\t\t\t\t\t\t\t<button class=\"btn-cart\" type=\"button\" data-toggle=\"tooltip\" title=\"Adicionar ao Pedido\" onclick=\"cart.add('1483', '1')\"><i class=\"ion-bag\"><\/i><span>Adicionar ao Pedido<\/span><\/button>\n\t\t\t\t\t\t\t\t\t<button class=\"btn-wishlist\" type=\"button\" data-toggle=\"tooltip\" title=\"Add \u00e0 Lista de preferencias\" onclick=\"wishlist.add('1483');\"><i class=\"ion-android-favorite-outline\"><\/i><span>Add \u00e0 Lista de preferencias<\/span><\/button>\n\t\t\t\t\t\t\t\t\t<button class=\"btn-compare\" type=\"button\" data-toggle=\"tooltip\" title=\"Comparar\" onclick=\"compare.add('1483');\"><i class=\"ion-android-options\"><\/i><span>Comparar<\/span><\/button>\n\t\t\t\t\t\t\t\t\t<button class=\"btn-quickview\" type=\"button\" data-toggle=\"tooltip\" title=\"Quick View\" onclick=\"ocquickview.ajaxView('https:\/\/vww.pt\/index.php?route=product\/product&amp;path=25&amp;product_id=1483')\"><i class=\"ion-android-open\"><\/i><span>Quick View<\/span><\/button>\n\t\t\t\t\t\t\t\t<\/div>\n\t\t\t\t\t\t\t<\/div>\n\t\t\t\t\t\t\t<div class=\"caption\">\t\t\t\t\t\t\t\t<p class=\"manufacture-product\">\n\t\t\t\t\t\t\t\t\t<a href=\"https:\/\/vww.pt\/index.php?route=product\/manufacturer\/info&amp;manufacturer_id=12\">3M<\/a>\n\t\t\t\t\t\t\t\t<\/p>\t\t\t\t\t\t\t\t<h4 class=\"product-name\"><a href=\"https:\/\/vww.pt\/index.php?route=product\/product&amp;path=25&amp;product_id=1483\">Auricular Optime II Nuca SNR 31dB<\/a><\/h4>\t\t\t\t\t\t\t\t\t<p class=\"price\">0.00\u20ac\t\t\t\t\t\t\t\t\t<\/p>\t\t\t\t\t\t\t\t<p class=\"product-des 8\">DESCRI\u00c7\u00c3OCombina\u00e7\u00e3o de l\u00edquido e espuma, no interior dos an\u00e9is de veda\u00e7\u00e3o para conforto adicionalDesign \u00fanico de baixo perfil, ajuda a manter uma \u00f3ptima veda\u00e7\u00e3o com uma press\u00e3o constanteGrande espa\u00e7o no interior da concha ajuda a reduzir humidades e acumula\u00e7\u00e3o de calorAlmofadas macias ajudam a reduz..<\/p>\n\t\t\t\t\t\t\t<\/div>\n                        <\/div>\n                    <\/div>                    <div class=\"product-layout product-list col-xs-12\">\n                        <div class=\"product-thumb\">\n                            <div class=\"image\">\n\t\t\t\t\t\t\t\t<a href=\"https:\/\/vww.pt\/index.php?route=product\/product&amp;path=25&amp;product_id=577\">\n\t\t\t\t\t\t\t\t\t<img src=\"https:\/\/vww.pt\/image\/cache\/catalog\/catalogo\/FARU\/PROT.%20AUDITIVA%20-%20OK\/Abafador%20Anti-ruido\/H520P3E_OPTIME%20II_capacete_3M\/H520P3E_OPTIME%20II_cabec\u0327a_3M%20(6)-500x666.jpg\" alt=\"Auricular Optime II P\/capacete SNR 30 dB\" title=\"Auricular Optime II P\/capacete SNR 30 dB\" class=\"img-responsive\" \/>\t\t\t\t\t\t\t\t<\/a>\t\t\t\t\t\t\t\t<div class=\"action-links\">\n\t\t\t\t\t\t\t\t\t<button class=\"btn-cart\" type=\"button\" data-toggle=\"tooltip\" title=\"Adicionar ao Pedido\" onclick=\"cart.add('577', '1')\"><i class=\"ion-bag\"><\/i><span>Adicionar ao Pedido<\/span><\/button>\n\t\t\t\t\t\t\t\t\t<button class=\"btn-wishlist\" type=\"button\" data-toggle=\"tooltip\" title=\"Add \u00e0 Lista de preferencias\" onclick=\"wishlist.add('577');\"><i class=\"ion-android-favorite-outline\"><\/i><span>Add \u00e0 Lista de preferencias<\/span><\/button>\n\t\t\t\t\t\t\t\t\t<button class=\"btn-compare\" type=\"button\" data-toggle=\"tooltip\" title=\"Comparar\" onclick=\"compare.add('577');\"><i class=\"ion-android-options\"><\/i><span>Comparar<\/span><\/button>\n\t\t\t\t\t\t\t\t\t<button class=\"btn-quickview\" type=\"button\" data-toggle=\"tooltip\" title=\"Quick View\" onclick=\"ocquickview.ajaxView('https:\/\/vww.pt\/index.php?route=product\/product&amp;path=25&amp;product_id=577')\"><i class=\"ion-android-open\"><\/i><span>Quick View<\/span><\/button>\n\t\t\t\t\t\t\t\t<\/div>\n\t\t\t\t\t\t\t<\/div>\n\t\t\t\t\t\t\t<div class=\"caption\">\t\t\t\t\t\t\t\t<p class=\"manufacture-product\">\n\t\t\t\t\t\t\t\t\t<a href=\"https:\/\/vww.pt\/index.php?route=product\/manufacturer\/info&amp;manufacturer_id=12\">3M<\/a>\n\t\t\t\t\t\t\t\t<\/p>\t\t\t\t\t\t\t\t<h4 class=\"product-name\"><a href=\"https:\/\/vww.pt\/index.php?route=product\/product&amp;path=25&amp;product_id=577\">Auricular Optime II P\/capacete SNR 30 dB<\/a><\/h4>\t\t\t\t\t\t\t\t\t<p class=\"price\">0.00\u20ac\t\t\t\t\t\t\t\t\t<\/p>\t\t\t\t\t\t\t\t<p class=\"product-des 8\">DESCRI\u00c7\u00c3OGrande espa\u00e7o no interior da concha ajuda a reduzir humidades e acumula\u00e7\u00e3o de calorAlmofadas macias ajudam a reduzir a press\u00e3o \u00e0 volta das orelhas melhorando a utiliza\u00e7\u00e3o e o confortoConchas e anel de veda\u00e7\u00e3o de f\u00e1cil substitui\u00e7\u00e3o, ajuda a manter o equipamento devidamente higienizadoS\u00edmbolo..<\/p>\n\t\t\t\t\t\t\t<\/div>\n                        <\/div>\n                    <\/div>                    <div class=\"product-layout product-list col-xs-12\">\n                        <div class=\"product-thumb\">\n                            <div class=\"image\">\n\t\t\t\t\t\t\t\t<a href=\"https:\/\/vww.pt\/index.php?route=product\/product&amp;path=25&amp;product_id=579\">\n\t\t\t\t\t\t\t\t\t<img src=\"https:\/\/vww.pt\/image\/cache\/catalog\/catalogo\/FARU\/PROT.%20AUDITIVA%20-%20OK\/Abafador%20Anti-ruido\/H520A_OPTIME%20II_cabec\u0327a_31snr_3M\/H520A_OPTIME%20II_cabeca_3M%20(2)-500x666.jpg\" alt=\"Auricular Optime II SNR 31dB\" title=\"Auricular Optime II SNR 31dB\" class=\"img-responsive\" \/>\t\t\t\t\t\t\t\t<\/a>\t\t\t\t\t\t\t\t<div class=\"action-links\">\n\t\t\t\t\t\t\t\t\t<button class=\"btn-cart\" type=\"button\" data-toggle=\"tooltip\" title=\"Adicionar ao Pedido\" onclick=\"cart.add('579', '1')\"><i class=\"ion-bag\"><\/i><span>Adicionar ao Pedido<\/span><\/button>\n\t\t\t\t\t\t\t\t\t<button class=\"btn-wishlist\" type=\"button\" data-toggle=\"tooltip\" title=\"Add \u00e0 Lista de preferencias\" onclick=\"wishlist.add('579');\"><i class=\"ion-android-favorite-outline\"><\/i><span>Add \u00e0 Lista de preferencias<\/span><\/button>\n\t\t\t\t\t\t\t\t\t<button class=\"btn-compare\" type=\"button\" data-toggle=\"tooltip\" title=\"Comparar\" onclick=\"compare.add('579');\"><i class=\"ion-android-options\"><\/i><span>Comparar<\/span><\/button>\n\t\t\t\t\t\t\t\t\t<button class=\"btn-quickview\" type=\"button\" data-toggle=\"tooltip\" title=\"Quick View\" onclick=\"ocquickview.ajaxView('https:\/\/vww.pt\/index.php?route=product\/product&amp;path=25&amp;product_id=579')\"><i class=\"ion-android-open\"><\/i><span>Quick View<\/span><\/button>\n\t\t\t\t\t\t\t\t<\/div>\n\t\t\t\t\t\t\t<\/div>\n\t\t\t\t\t\t\t<div class=\"caption\">\t\t\t\t\t\t\t\t<p class=\"manufacture-product\">\n\t\t\t\t\t\t\t\t\t<a href=\"https:\/\/vww.pt\/index.php?route=product\/manufacturer\/info&amp;manufacturer_id=12\">3M<\/a>\n\t\t\t\t\t\t\t\t<\/p>\t\t\t\t\t\t\t\t<h4 class=\"product-name\"><a href=\"https:\/\/vww.pt\/index.php?route=product\/product&amp;path=25&amp;product_id=579\">Auricular Optime II SNR 31dB<\/a><\/h4>\t\t\t\t\t\t\t\t\t<p class=\"price\">0.00\u20ac\t\t\t\t\t\t\t\t\t<\/p>\t\t\t\t\t\t\t\t<p class=\"product-des 8\">DESCRI\u00c7\u00c3ODesign de concha moderno e eleganteCombina\u00e7\u00e3o de l\u00edquido e espuma, no interior dos an\u00e9is de veda\u00e7\u00e3o para conforto adicionalDesign \u00fanico de baixo perfil, ajuda a manter uma \u00f3ptima veda\u00e7\u00e3o com uma press\u00e3o constanteGrande espa\u00e7o no interior da concha ajuda a reduzir humidades e acumula\u00e7\u00e3o de c..<\/p>\n\t\t\t\t\t\t\t<\/div>\n                        <\/div>\n                    <\/div>                <\/div>\n                <div class=\"row toolbar4\">\n                    <div class=\"col-sm-6\"><ul class=\"pagination\"><li class=\"active\"><span>1<\/span><\/li><li><a href=\"https:\/\/vww.pt\/index.php?route=product\/category&path=25&amp;page=2\">2<\/a><\/li><li><a href=\"https:\/\/vww.pt\/index.php?route=product\/category&path=25&amp;page=3\">3<\/a><\/li><li><a href=\"https:\/\/vww.pt\/index.php?route=product\/category&path=25&amp;page=4\">4<\/a><\/li><li><a href=\"https:\/\/vww.pt\/index.php?route=product\/category&path=25&amp;page=5\">5<\/a><\/li><li><a href=\"https:\/\/vww.pt\/index.php?route=product\/category&path=25&amp;page=6\">6<\/a><\/li><li><a href=\"https:\/\/vww.pt\/index.php?route=product\/category&path=25&amp;page=7\">7<\/a><\/li><li><a href=\"https:\/\/vww.pt\/index.php?route=product\/category&path=25&amp;page=8\">8<\/a><\/li><li><a href=\"https:\/\/vww.pt\/index.php?route=product\/category&path=25&amp;page=9\">9<\/a><\/li><li><a href=\"https:\/\/vww.pt\/index.php?route=product\/category&path=25&amp;page=2\">&gt;<\/a><\/li><li><a href=\"https:\/\/vww.pt\/index.php?route=product\/category&path=25&amp;page=16\">&gt;|<\/a><\/li><\/ul><\/div>\n                    <div class=\"col-sm-6 text-right\">Exibindo 1 a 50 de 780 (16 P\u00e1ginas)<\/div>\n                <\/div><script type=\"text\/javascript\">\n    \/\/ Product List\n\t$('#list-view').click(function() {\n\t\t$('.custom-products').removeClass('custom-products-row');\n\t\t$(this).addClass('selected');\n\t\t$('#grid-view').removeClass('selected');\n\t\t$('#content .product-grid > .clearfix').remove();\n\n\t\t\/\/$('#content .product-layout').attr('class', 'product-layout product-list col-xs-12');\n\t\t$('#content .product-grid').attr('class', 'product-layout product-list col-xs-12');\n\t\t$('#content .product-list .caption').addClass('col-xs-8');\n\t\t$('#content .product-list .image').addClass('col-xs-4');\n\t\t\n\n\t\tlocalStorage.setItem('display', 'list');\n\t});\n    \n\t\/\/ Product Grid\n\t$('#grid-view').click(function() {\n\t\t$('.custom-products').addClass('custom-products-row');\n\t\t$(this).addClass('selected');\n\t\t$('#list-view').removeClass('selected');\n\t\t\/\/ What a shame bootstrap does not take into account dynamically loaded columns\n\t\tcols = $('#column-right, #column-left').length;\n\n\t\tif (cols == 2) {\n\t\t\t$('#content .product-layout').attr('class', 'product-layout product-grid col-md-6 col-sm-6 col-xs-6 two-items');\n\t\t} else if (cols == 1) {\n\t\t\t$('#content .product-layout').attr('class', 'product-layout product-grid col-md-4 col-sm-6 col-xs-6 three-items');\n\t\t} else {\n\t\t\t$('#content .product-layout').attr('class', 'product-layout product-grid col-md-3 col-sm-6 col-xs-6 four-items');\n\t\t}\n\t\t$('#content .product-grid .caption').removeClass('col-xs-8');\n\t\t$('#content .product-grid .image').removeClass('col-xs-4');\n\t\t\n\n\t\t localStorage.setItem('display', 'grid');\n\t});\n\n\tif (localStorage.getItem('display') == 'list') {\n\t\t\n\t\t$('#list-view').trigger('click');\n\t} else {\n\t\t$('#grid-view').trigger('click');\n\t}\n<\/script>\n\n","filter_action":"https:\/\/vww.pt\/index.php?route=extension\/module\/oclayerednavigation\/category&path=25","price_action":"https:\/\/vww.pt\/index.php?route=extension\/module\/oclayerednavigation\/category&path=25","layered_html":"<div class=\"list-group\">\n    <div class=\"filter-attribute-container filter-attribute-remove-container\">    <\/div>\n    <div class=\"filter-attribute-container filter-prices\">\n        <label>Price Filter<\/label>\n        <div class=\"list-group-item\">\n            <div class=\"filter-price\">\n                <div id=\"slider-price\"><\/div>\n                <div class=\"slider-values\">\n                    <span><\/span>\n                    <input id=\"price-from\" disabled=\"disabled\" class=\"input-price\" type=\"text\" value=\"0\" placeholder=\"Min\" name=\"price-from\"\/>\n                    <span>\u20ac<\/span> -\n                    <span><\/span>\n                    <input id=\"price-to\" disabled=\"disabled\" class=\"input-price\" type=\"text\" value=\"63\" placeholder=\"Max\" name=\"price-to\" \/>\n                    <span>\u20ac<\/span>\n                <\/div>\n            <\/div>\n        <\/div>\n    <\/div><\/div>\n"}