{"result_html":"                <div><a href=\"https:\/\/vww.pt\/index.php?route=product\/compare\" id=\"compare-total\">Produtos na compara\u00e7\u00e3o (0)<\/a><\/div>\n\t\t\t\t<div class=\"toolbar\">\n\t\t\t\t\t<div class=\"col-md-2 toolbar3 pull-left\">\n                        <div class=\"btn-group\">\n                            <button type=\"button\" id=\"list-view\" class=\"btn btn-default\"><i class=\"fa fa-th-list\"><\/i><\/button>\n                            <button type=\"button\" id=\"grid-view\" class=\"btn btn-default\"><i class=\"fa fa-th\"><\/i><\/button>\n                        <\/div>\n                    <\/div>\n                    <div class=\"col-md-2 toolbar1 pull-right\">\n                        <select id=\"input-sort\" class=\"form-control\" onchange=\"oclayerednavigationajax.filter(this.value)\">\t\t\t\t\t\t\t\t\t<option value=\"https:\/\/vww.pt\/index.php?route=extension\/module\/oclayerednavigation\/category&path=25&sort=p.sort_order&order=ASC\" selected=\"selected\">Ordenar por: Padr\u00e3o<\/option>\t\t\t\t\t\t\t\t\t<option value=\"https:\/\/vww.pt\/index.php?route=extension\/module\/oclayerednavigation\/category&path=25&sort=pd.name&order=ASC\">Ordenar por: Nome (A - Z)<\/option>\t\t\t\t\t\t\t\t\t<option value=\"https:\/\/vww.pt\/index.php?route=extension\/module\/oclayerednavigation\/category&path=25&sort=pd.name&order=DESC\">Ordenar por: Nome (Z - A)<\/option>\t\t\t\t\t\t\t\t\t<option value=\"https:\/\/vww.pt\/index.php?route=extension\/module\/oclayerednavigation\/category&path=25&sort=p.price&order=ASC\">Ordenar por: Pre\u00e7o (Menor &gt; Maior)<\/option>\t\t\t\t\t\t\t\t\t<option value=\"https:\/\/vww.pt\/index.php?route=extension\/module\/oclayerednavigation\/category&path=25&sort=p.price&order=DESC\">Ordenar por: Pre\u00e7o (Maior &gt; Menor)<\/option>\t\t\t\t\t\t\t\t\t<option value=\"https:\/\/vww.pt\/index.php?route=extension\/module\/oclayerednavigation\/category&path=25&sort=rating&order=DESC\">Ordenar por: Avalia\u00e7\u00e3o (Alta)<\/option>\t\t\t\t\t\t\t\t\t<option value=\"https:\/\/vww.pt\/index.php?route=extension\/module\/oclayerednavigation\/category&path=25&sort=rating&order=ASC\">Ordenar por: Avalia\u00e7\u00e3o (Baixa)<\/option>\t\t\t\t\t\t\t\t\t<option value=\"https:\/\/vww.pt\/index.php?route=extension\/module\/oclayerednavigation\/category&path=25&sort=p.model&order=ASC\">Ordenar por: Modelo (A - Z)<\/option>\t\t\t\t\t\t\t\t\t<option value=\"https:\/\/vww.pt\/index.php?route=extension\/module\/oclayerednavigation\/category&path=25&sort=p.model&order=DESC\">Ordenar por: Modelo (Z - A)<\/option>\t\t\t\t\t\t<\/select>\n                    <\/div>\n                    <div class=\"col-md-2 toolbar2 pull-right\">\n                        <select id=\"input-limit\" class=\"form-control\" onchange=\"oclayerednavigationajax.filter(this.value)\">\t\t\t\t\t\t\t\t\t<option value=\"https:\/\/vww.pt\/index.php?route=extension\/module\/oclayerednavigation\/category&path=25&limit=25\">Mostrar 25<\/option>\t\t\t\t\t\t\t\t\t<option value=\"https:\/\/vww.pt\/index.php?route=extension\/module\/oclayerednavigation\/category&path=25&limit=50\" selected=\"selected\">Mostrar 50<\/option>\t\t\t\t\t\t\t\t\t<option value=\"https:\/\/vww.pt\/index.php?route=extension\/module\/oclayerednavigation\/category&path=25&limit=75\">Mostrar 75<\/option>\t\t\t\t\t\t\t\t\t<option value=\"https:\/\/vww.pt\/index.php?route=extension\/module\/oclayerednavigation\/category&path=25&limit=100\">Mostrar 100<\/option>\t\t\t\t\t\t<\/select>\n                    <\/div>\n\t\t\t\t<\/div>\n                <div class=\"custom-products\">                    <div class=\"product-layout product-list col-xs-12\">\n                        <div class=\"product-thumb\">\n                            <div class=\"image\">\n\t\t\t\t\t\t\t\t<a href=\"https:\/\/vww.pt\/index.php?route=product\/product&amp;path=25&amp;product_id=1145\">\n\t\t\t\t\t\t\t\t\t<img src=\"https:\/\/vww.pt\/image\/cache\/catalog\/catalogo\/MARCA\/prot.%20oculaar\/2188_GNA.jpg-500x666.png\" alt=\"\u00d3culos Nitro Incolor\" title=\"\u00d3culos Nitro Incolor\" class=\"img-responsive\" \/>\t\t\t\t\t\t\t\t<\/a>\t\t\t\t\t\t\t\t<div class=\"action-links\">\n\t\t\t\t\t\t\t\t\t<button class=\"btn-cart\" type=\"button\" data-toggle=\"tooltip\" title=\"Adicionar ao Pedido\" onclick=\"cart.add('1145', '1')\"><i class=\"ion-bag\"><\/i><span>Adicionar ao Pedido<\/span><\/button>\n\t\t\t\t\t\t\t\t\t<button class=\"btn-wishlist\" type=\"button\" data-toggle=\"tooltip\" title=\"Add \u00e0 Lista de preferencias\" onclick=\"wishlist.add('1145');\"><i class=\"ion-android-favorite-outline\"><\/i><span>Add \u00e0 Lista de preferencias<\/span><\/button>\n\t\t\t\t\t\t\t\t\t<button class=\"btn-compare\" type=\"button\" data-toggle=\"tooltip\" title=\"Comparar\" onclick=\"compare.add('1145');\"><i class=\"ion-android-options\"><\/i><span>Comparar<\/span><\/button>\n\t\t\t\t\t\t\t\t\t<button class=\"btn-quickview\" type=\"button\" data-toggle=\"tooltip\" title=\"Quick View\" onclick=\"ocquickview.ajaxView('https:\/\/vww.pt\/index.php?route=product\/product&amp;path=25&amp;product_id=1145')\"><i class=\"ion-android-open\"><\/i><span>Quick View<\/span><\/button>\n\t\t\t\t\t\t\t\t<\/div>\n\t\t\t\t\t\t\t<\/div>\n\t\t\t\t\t\t\t<div class=\"caption\">\t\t\t\t\t\t\t\t<p class=\"manufacture-product\">\n\t\t\t\t\t\t\t\t\t<a href=\"https:\/\/vww.pt\/index.php?route=product\/manufacturer\/info&amp;manufacturer_id=32\">MARCA<\/a>\n\t\t\t\t\t\t\t\t<\/p>\t\t\t\t\t\t\t\t<h4 class=\"product-name\"><a href=\"https:\/\/vww.pt\/index.php?route=product\/product&amp;path=25&amp;product_id=1145\">\u00d3culos Nitro Incolor<\/a><\/h4>\t\t\t\t\t\t\t\t\t<p class=\"price\">0.00\u20ac\t\t\t\t\t\t\t\t\t<\/p>\t\t\t\t\t\t\t\t<p class=\"product-des 8\">DESCRI\u00c7\u00c3O\u00d3culos de policarbonato transparente, com tratamento anti-riscos e anti-embaciamentoLente de prote\u00e7\u00e3o contra filtros ultravioleta UVNORMAS E CERTEFICA\u00c7\u00d5ESEN 170..<\/p>\n\t\t\t\t\t\t\t<\/div>\n                        <\/div>\n                    <\/div>                    <div class=\"product-layout product-list col-xs-12\">\n                        <div class=\"product-thumb\">\n                            <div class=\"image\">\n\t\t\t\t\t\t\t\t<a href=\"https:\/\/vww.pt\/index.php?route=product\/product&amp;path=25&amp;product_id=1147\">\n\t\t\t\t\t\t\t\t\t<img src=\"https:\/\/vww.pt\/image\/cache\/catalog\/catalogo\/MARCA\/prot.%20oculaar\/2188_GNV.jpg-500x666.png\" alt=\"\u00d3culos Nitro IR5\" title=\"\u00d3culos Nitro IR5\" class=\"img-responsive\" \/>\t\t\t\t\t\t\t\t<\/a>\t\t\t\t\t\t\t\t<div class=\"action-links\">\n\t\t\t\t\t\t\t\t\t<button class=\"btn-cart\" type=\"button\" data-toggle=\"tooltip\" title=\"Adicionar ao Pedido\" onclick=\"cart.add('1147', '1')\"><i class=\"ion-bag\"><\/i><span>Adicionar ao Pedido<\/span><\/button>\n\t\t\t\t\t\t\t\t\t<button class=\"btn-wishlist\" type=\"button\" data-toggle=\"tooltip\" title=\"Add \u00e0 Lista de preferencias\" onclick=\"wishlist.add('1147');\"><i class=\"ion-android-favorite-outline\"><\/i><span>Add \u00e0 Lista de preferencias<\/span><\/button>\n\t\t\t\t\t\t\t\t\t<button class=\"btn-compare\" type=\"button\" data-toggle=\"tooltip\" title=\"Comparar\" onclick=\"compare.add('1147');\"><i class=\"ion-android-options\"><\/i><span>Comparar<\/span><\/button>\n\t\t\t\t\t\t\t\t\t<button class=\"btn-quickview\" type=\"button\" data-toggle=\"tooltip\" title=\"Quick View\" onclick=\"ocquickview.ajaxView('https:\/\/vww.pt\/index.php?route=product\/product&amp;path=25&amp;product_id=1147')\"><i class=\"ion-android-open\"><\/i><span>Quick View<\/span><\/button>\n\t\t\t\t\t\t\t\t<\/div>\n\t\t\t\t\t\t\t<\/div>\n\t\t\t\t\t\t\t<div class=\"caption\">\t\t\t\t\t\t\t\t<p class=\"manufacture-product\">\n\t\t\t\t\t\t\t\t\t<a href=\"https:\/\/vww.pt\/index.php?route=product\/manufacturer\/info&amp;manufacturer_id=32\">MARCA<\/a>\n\t\t\t\t\t\t\t\t<\/p>\t\t\t\t\t\t\t\t<h4 class=\"product-name\"><a href=\"https:\/\/vww.pt\/index.php?route=product\/product&amp;path=25&amp;product_id=1147\">\u00d3culos Nitro IR5<\/a><\/h4>\t\t\t\t\t\t\t\t\t<p class=\"price\">0.00\u20ac\t\t\t\t\t\t\t\t\t<\/p>\t\t\t\t\t\t\t\t<p class=\"product-des 8\">DESCRI\u00c7\u00c3O\u00d3culos de policarbonato verde, com tratamento anti-riscos e amplo campo de vis\u00e3oLente protetora verde para soldagem grau 5NORMAS E CERTEFICA\u00c7\u00d5ESEN 166F..<\/p>\n\t\t\t\t\t\t\t<\/div>\n                        <\/div>\n                    <\/div>                    <div class=\"product-layout product-list col-xs-12\">\n                        <div class=\"product-thumb\">\n                            <div class=\"image\">\n\t\t\t\t\t\t\t\t<a href=\"https:\/\/vww.pt\/index.php?route=product\/product&amp;path=25&amp;product_id=1362\">\n\t\t\t\t\t\t\t\t\t<img src=\"https:\/\/vww.pt\/image\/cache\/catalog\/catalogo\/PORTWEST\/PROT.%20OCULAR%20--%20OK\/Panoramicos\/PS24%20e%20PS22\/PS22CLR.jpg-500x666.png\" alt=\"\u00d3culos panor\u00e2micos c\/ prote\u00e7\u00e3o facial\" title=\"\u00d3culos panor\u00e2micos c\/ prote\u00e7\u00e3o facial\" class=\"img-responsive\" \/>\t\t\t\t\t\t\t\t<\/a>\t\t\t\t\t\t\t\t<div class=\"action-links\">\n\t\t\t\t\t\t\t\t\t<button class=\"btn-cart\" type=\"button\" data-toggle=\"tooltip\" title=\"Adicionar ao Pedido\" onclick=\"cart.add('1362', '1')\"><i class=\"ion-bag\"><\/i><span>Adicionar ao Pedido<\/span><\/button>\n\t\t\t\t\t\t\t\t\t<button class=\"btn-wishlist\" type=\"button\" data-toggle=\"tooltip\" title=\"Add \u00e0 Lista de preferencias\" onclick=\"wishlist.add('1362');\"><i class=\"ion-android-favorite-outline\"><\/i><span>Add \u00e0 Lista de preferencias<\/span><\/button>\n\t\t\t\t\t\t\t\t\t<button class=\"btn-compare\" type=\"button\" data-toggle=\"tooltip\" title=\"Comparar\" onclick=\"compare.add('1362');\"><i class=\"ion-android-options\"><\/i><span>Comparar<\/span><\/button>\n\t\t\t\t\t\t\t\t\t<button class=\"btn-quickview\" type=\"button\" data-toggle=\"tooltip\" title=\"Quick View\" onclick=\"ocquickview.ajaxView('https:\/\/vww.pt\/index.php?route=product\/product&amp;path=25&amp;product_id=1362')\"><i class=\"ion-android-open\"><\/i><span>Quick View<\/span><\/button>\n\t\t\t\t\t\t\t\t<\/div>\n\t\t\t\t\t\t\t<\/div>\n\t\t\t\t\t\t\t<div class=\"caption\">\t\t\t\t\t\t\t\t<p class=\"manufacture-product\">\n\t\t\t\t\t\t\t\t\t<a href=\"https:\/\/vww.pt\/index.php?route=product\/manufacturer\/info&amp;manufacturer_id=23\">PORTWEST<\/a>\n\t\t\t\t\t\t\t\t<\/p>\t\t\t\t\t\t\t\t<h4 class=\"product-name\"><a href=\"https:\/\/vww.pt\/index.php?route=product\/product&amp;path=25&amp;product_id=1362\">\u00d3culos panor\u00e2micos c\/ prote\u00e7\u00e3o facial<\/a><\/h4>\t\t\t\t\t\t\t\t\t<p class=\"price\">0.00\u20ac\t\t\t\t\t\t\t\t\t<\/p>\t\t\t\t\t\t\t\t<p class=\"product-des 8\">DESCRI\u00c7\u00c3O\u00d3culos com prote\u00e7\u00e3o de queixoProtetor de queixo com ventila\u00e7\u00e3o ajust\u00e1vel para melhor respirabilidadeO protetor de queixo pode ser levantado quando n\u00e3o estiver em uso\u00d3culos com ventila\u00e7\u00e3o indireta para evitar emba\u00e7amentoRevestimentos de lentes certificados pela KN para maior durabilidade e m..<\/p>\n\t\t\t\t\t\t\t<\/div>\n                        <\/div>\n                    <\/div>                    <div class=\"product-layout product-list col-xs-12\">\n                        <div class=\"product-thumb\">\n                            <div class=\"image\">\n\t\t\t\t\t\t\t\t<a href=\"https:\/\/vww.pt\/index.php?route=product\/product&amp;path=25&amp;product_id=1525\">\n\t\t\t\t\t\t\t\t\t<img src=\"https:\/\/vww.pt\/image\/cache\/catalog\/catalogo\/PORTWEST\/PROT.%20OCULAR%20--%20OK\/sobreposi\u00e7\u00e3o%20portwest\/ps23\/PS23%20-%20frente%20-%20incolor.jpg-500x666.png\" alt=\"\u00d3culos Peak KN - cinza ou incolor\" title=\"\u00d3culos Peak KN - cinza ou incolor\" class=\"img-responsive\" \/>\t\t\t\t\t\t\t\t<\/a>\t\t\t\t\t\t\t\t<div class=\"action-links\">\n\t\t\t\t\t\t\t\t\t<button class=\"btn-cart\" type=\"button\" data-toggle=\"tooltip\" title=\"Adicionar ao Pedido\" onclick=\"cart.add('1525', '1')\"><i class=\"ion-bag\"><\/i><span>Adicionar ao Pedido<\/span><\/button>\n\t\t\t\t\t\t\t\t\t<button class=\"btn-wishlist\" type=\"button\" data-toggle=\"tooltip\" title=\"Add \u00e0 Lista de preferencias\" onclick=\"wishlist.add('1525');\"><i class=\"ion-android-favorite-outline\"><\/i><span>Add \u00e0 Lista de preferencias<\/span><\/button>\n\t\t\t\t\t\t\t\t\t<button class=\"btn-compare\" type=\"button\" data-toggle=\"tooltip\" title=\"Comparar\" onclick=\"compare.add('1525');\"><i class=\"ion-android-options\"><\/i><span>Comparar<\/span><\/button>\n\t\t\t\t\t\t\t\t\t<button class=\"btn-quickview\" type=\"button\" data-toggle=\"tooltip\" title=\"Quick View\" onclick=\"ocquickview.ajaxView('https:\/\/vww.pt\/index.php?route=product\/product&amp;path=25&amp;product_id=1525')\"><i class=\"ion-android-open\"><\/i><span>Quick View<\/span><\/button>\n\t\t\t\t\t\t\t\t<\/div>\n\t\t\t\t\t\t\t<\/div>\n\t\t\t\t\t\t\t<div class=\"caption\">\t\t\t\t\t\t\t\t<p class=\"manufacture-product\">\n\t\t\t\t\t\t\t\t\t<a href=\"https:\/\/vww.pt\/index.php?route=product\/manufacturer\/info&amp;manufacturer_id=23\">PORTWEST<\/a>\n\t\t\t\t\t\t\t\t<\/p>\t\t\t\t\t\t\t\t<h4 class=\"product-name\"><a href=\"https:\/\/vww.pt\/index.php?route=product\/product&amp;path=25&amp;product_id=1525\">\u00d3culos Peak KN - cinza ou incolor<\/a><\/h4>\t\t\t\t\t\t\t\t\t<p class=\"price\">0.00\u20ac\t\t\t\t\t\t\t\t\t<\/p>\t\t\t\t\t\t\t\t<p class=\"product-des 8\">DESCRI\u00c7\u00c3OProte\u00e7\u00e3o extra de part\u00edculas, impacto e encandeamento por testa de TPE co-injectadaPe\u00e7a nasal TPR macia para ajuste universalBra\u00e7os laterais inclin\u00e1veis \u200b\u200bpara um ajuste idealTemplos co-injectados de cor dupla e extremamente flex\u00edveis para o m\u00e1ximo confortoPe\u00e7a nasal TPR macia para ajuste u..<\/p>\n\t\t\t\t\t\t\t<\/div>\n                        <\/div>\n                    <\/div>                    <div class=\"product-layout product-list col-xs-12\">\n                        <div class=\"product-thumb\">\n                            <div class=\"image\">\n\t\t\t\t\t\t\t\t<a href=\"https:\/\/vww.pt\/index.php?route=product\/product&amp;path=25&amp;product_id=1521\">\n\t\t\t\t\t\t\t\t\t<img src=\"https:\/\/vww.pt\/image\/cache\/catalog\/catalogo\/PORTWEST\/PROT.%20OCULAR%20--%20OK\/sobreposi\u00e7\u00e3o%20portwest\/PS24%20-%20frente.jpg-500x666.png\" alt=\"\u00d3culos Peak OTG\" title=\"\u00d3culos Peak OTG\" class=\"img-responsive\" \/>\t\t\t\t\t\t\t\t<\/a>\t\t\t\t\t\t\t\t<div class=\"action-links\">\n\t\t\t\t\t\t\t\t\t<button class=\"btn-cart\" type=\"button\" data-toggle=\"tooltip\" title=\"Adicionar ao Pedido\" onclick=\"cart.add('1521', '1')\"><i class=\"ion-bag\"><\/i><span>Adicionar ao Pedido<\/span><\/button>\n\t\t\t\t\t\t\t\t\t<button class=\"btn-wishlist\" type=\"button\" data-toggle=\"tooltip\" title=\"Add \u00e0 Lista de preferencias\" onclick=\"wishlist.add('1521');\"><i class=\"ion-android-favorite-outline\"><\/i><span>Add \u00e0 Lista de preferencias<\/span><\/button>\n\t\t\t\t\t\t\t\t\t<button class=\"btn-compare\" type=\"button\" data-toggle=\"tooltip\" title=\"Comparar\" onclick=\"compare.add('1521');\"><i class=\"ion-android-options\"><\/i><span>Comparar<\/span><\/button>\n\t\t\t\t\t\t\t\t\t<button class=\"btn-quickview\" type=\"button\" data-toggle=\"tooltip\" title=\"Quick View\" onclick=\"ocquickview.ajaxView('https:\/\/vww.pt\/index.php?route=product\/product&amp;path=25&amp;product_id=1521')\"><i class=\"ion-android-open\"><\/i><span>Quick View<\/span><\/button>\n\t\t\t\t\t\t\t\t<\/div>\n\t\t\t\t\t\t\t<\/div>\n\t\t\t\t\t\t\t<div class=\"caption\">\t\t\t\t\t\t\t\t<p class=\"manufacture-product\">\n\t\t\t\t\t\t\t\t\t<a href=\"https:\/\/vww.pt\/index.php?route=product\/manufacturer\/info&amp;manufacturer_id=23\">PORTWEST<\/a>\n\t\t\t\t\t\t\t\t<\/p>\t\t\t\t\t\t\t\t<h4 class=\"product-name\"><a href=\"https:\/\/vww.pt\/index.php?route=product\/product&amp;path=25&amp;product_id=1521\">\u00d3culos Peak OTG<\/a><\/h4>\t\t\t\t\t\t\t\t\t<p class=\"price\">0.00\u20ac\t\t\t\t\t\t\t\t\t<\/p>\t\t\t\t\t\t\t\t<p class=\"product-des 8\">DESCRI\u00c7\u00c3O\u00d3culos de seguran\u00e7a modernos &quot;por cima dos \u00f3culos&quot; (ideais para utilizadores de \u00f3culos com receita)Bra\u00e7os laterais de cor duplaPontas da t\u00eampora de borracha macia para um ajuste antideslizanteProte\u00e7\u00e3o extra de part\u00edculas - impacto e encandeamento por testa de TPE co-injectadaConcebida com u..<\/p>\n\t\t\t\t\t\t\t<\/div>\n                        <\/div>\n                    <\/div>                    <div class=\"product-layout product-list col-xs-12\">\n                        <div class=\"product-thumb\">\n                            <div class=\"image\">\n\t\t\t\t\t\t\t\t<a href=\"https:\/\/vww.pt\/index.php?route=product\/product&amp;path=25&amp;product_id=1148\">\n\t\t\t\t\t\t\t\t\t<img src=\"https:\/\/vww.pt\/image\/cache\/catalog\/catalogo\/MARCA\/prot.%20oculaar\/2188_GVC.jpg-500x666.png\" alt=\"\u00d3culos sobreposi\u00e7\u00e3o incolor\" title=\"\u00d3culos sobreposi\u00e7\u00e3o incolor\" class=\"img-responsive\" \/>\t\t\t\t\t\t\t\t<\/a>\t\t\t\t\t\t\t\t<div class=\"action-links\">\n\t\t\t\t\t\t\t\t\t<button class=\"btn-cart\" type=\"button\" data-toggle=\"tooltip\" title=\"Adicionar ao Pedido\" onclick=\"cart.add('1148', '1')\"><i class=\"ion-bag\"><\/i><span>Adicionar ao Pedido<\/span><\/button>\n\t\t\t\t\t\t\t\t\t<button class=\"btn-wishlist\" type=\"button\" data-toggle=\"tooltip\" title=\"Add \u00e0 Lista de preferencias\" onclick=\"wishlist.add('1148');\"><i class=\"ion-android-favorite-outline\"><\/i><span>Add \u00e0 Lista de preferencias<\/span><\/button>\n\t\t\t\t\t\t\t\t\t<button class=\"btn-compare\" type=\"button\" data-toggle=\"tooltip\" title=\"Comparar\" onclick=\"compare.add('1148');\"><i class=\"ion-android-options\"><\/i><span>Comparar<\/span><\/button>\n\t\t\t\t\t\t\t\t\t<button class=\"btn-quickview\" type=\"button\" data-toggle=\"tooltip\" title=\"Quick View\" onclick=\"ocquickview.ajaxView('https:\/\/vww.pt\/index.php?route=product\/product&amp;path=25&amp;product_id=1148')\"><i class=\"ion-android-open\"><\/i><span>Quick View<\/span><\/button>\n\t\t\t\t\t\t\t\t<\/div>\n\t\t\t\t\t\t\t<\/div>\n\t\t\t\t\t\t\t<div class=\"caption\">\t\t\t\t\t\t\t\t<p class=\"manufacture-product\">\n\t\t\t\t\t\t\t\t\t<a href=\"https:\/\/vww.pt\/index.php?route=product\/manufacturer\/info&amp;manufacturer_id=32\">MARCA<\/a>\n\t\t\t\t\t\t\t\t<\/p>\t\t\t\t\t\t\t\t<h4 class=\"product-name\"><a href=\"https:\/\/vww.pt\/index.php?route=product\/product&amp;path=25&amp;product_id=1148\">\u00d3culos sobreposi\u00e7\u00e3o incolor<\/a><\/h4>\t\t\t\t\t\t\t\t\t<p class=\"price\">0.00\u20ac\t\t\t\t\t\t\t\t\t<\/p>\t\t\t\t\t\t\t\t<p class=\"product-des 8\">DESCRI\u00c7\u00c3O\u00d3culos de policarbonato anti-riscos e anti-embaciamento, para riscos mec\u00e2nicos (projec\u00e7\u00f5es) e riscos de radia\u00e7\u00e3o (Ultravioleta UV)Compat\u00edvel com a maioria dos \u00f3culos graduadosTratamento anti-riscos (maior dura\u00e7\u00e3o e qualidade de vis\u00e3o) e anti-embaciamentoPeso: 38 gQualidade \u00f3ptica: Classe 1N..<\/p>\n\t\t\t\t\t\t\t<\/div>\n                        <\/div>\n                    <\/div>                    <div class=\"product-layout product-list col-xs-12\">\n                        <div class=\"product-thumb\">\n                            <div class=\"image\">\n\t\t\t\t\t\t\t\t<a href=\"https:\/\/vww.pt\/index.php?route=product\/product&amp;path=25&amp;product_id=1149\">\n\t\t\t\t\t\t\t\t\t<img src=\"https:\/\/vww.pt\/image\/cache\/catalog\/catalogo\/MARCA\/prot.%20oculaar\/2188_GVCV.jpg-500x666.png\" alt=\"\u00d3culos sobreposi\u00e7\u00e3o IR5\" title=\"\u00d3culos sobreposi\u00e7\u00e3o IR5\" class=\"img-responsive\" \/>\t\t\t\t\t\t\t\t<\/a>\t\t\t\t\t\t\t\t<div class=\"action-links\">\n\t\t\t\t\t\t\t\t\t<button class=\"btn-cart\" type=\"button\" data-toggle=\"tooltip\" title=\"Adicionar ao Pedido\" onclick=\"cart.add('1149', '1')\"><i class=\"ion-bag\"><\/i><span>Adicionar ao Pedido<\/span><\/button>\n\t\t\t\t\t\t\t\t\t<button class=\"btn-wishlist\" type=\"button\" data-toggle=\"tooltip\" title=\"Add \u00e0 Lista de preferencias\" onclick=\"wishlist.add('1149');\"><i class=\"ion-android-favorite-outline\"><\/i><span>Add \u00e0 Lista de preferencias<\/span><\/button>\n\t\t\t\t\t\t\t\t\t<button class=\"btn-compare\" type=\"button\" data-toggle=\"tooltip\" title=\"Comparar\" onclick=\"compare.add('1149');\"><i class=\"ion-android-options\"><\/i><span>Comparar<\/span><\/button>\n\t\t\t\t\t\t\t\t\t<button class=\"btn-quickview\" type=\"button\" data-toggle=\"tooltip\" title=\"Quick View\" onclick=\"ocquickview.ajaxView('https:\/\/vww.pt\/index.php?route=product\/product&amp;path=25&amp;product_id=1149')\"><i class=\"ion-android-open\"><\/i><span>Quick View<\/span><\/button>\n\t\t\t\t\t\t\t\t<\/div>\n\t\t\t\t\t\t\t<\/div>\n\t\t\t\t\t\t\t<div class=\"caption\">\t\t\t\t\t\t\t\t<p class=\"manufacture-product\">\n\t\t\t\t\t\t\t\t\t<a href=\"https:\/\/vww.pt\/index.php?route=product\/manufacturer\/info&amp;manufacturer_id=32\">MARCA<\/a>\n\t\t\t\t\t\t\t\t<\/p>\t\t\t\t\t\t\t\t<h4 class=\"product-name\"><a href=\"https:\/\/vww.pt\/index.php?route=product\/product&amp;path=25&amp;product_id=1149\">\u00d3culos sobreposi\u00e7\u00e3o IR5<\/a><\/h4>\t\t\t\t\t\t\t\t\t<p class=\"price\">0.00\u20ac\t\t\t\t\t\t\t\t\t<\/p>\t\t\t\t\t\t\t\t<p class=\"product-des 8\">DESCRI\u00c7\u00c3O\u00d3culos de policarbonato verde IR 5.0, anti-riscos e anti-emba\u00e7ante, para riscos mec\u00e2nicos (proje\u00e7\u00f5es) e riscos de radia\u00e7\u00e3o (IR Infravermelho)Compat\u00edvel com a maioria dos \u00f3culos graduadosTratamento anti-riscos (maior dura\u00e7\u00e3o e qualidade de vis\u00e3o) e anti-embaciamentoPeso: 38 gQualidade \u00f3ptica..<\/p>\n\t\t\t\t\t\t\t<\/div>\n                        <\/div>\n                    <\/div>                    <div class=\"product-layout product-list col-xs-12\">\n                        <div class=\"product-thumb\">\n                            <div class=\"image\">\n\t\t\t\t\t\t\t\t<a href=\"https:\/\/vww.pt\/index.php?route=product\/product&amp;path=25&amp;product_id=1144\">\n\t\t\t\t\t\t\t\t\t<img src=\"https:\/\/vww.pt\/image\/cache\/catalog\/catalogo\/MARCA\/prot.%20oculaar\/2188_GSC.jpg-500x666.png\" alt=\"\u00d3culos Spy City\" title=\"\u00d3culos Spy City\" class=\"img-responsive\" \/>\t\t\t\t\t\t\t\t<\/a>\t\t\t\t\t\t\t\t<div class=\"action-links\">\n\t\t\t\t\t\t\t\t\t<button class=\"btn-cart\" type=\"button\" data-toggle=\"tooltip\" title=\"Adicionar ao Pedido\" onclick=\"cart.add('1144', '1')\"><i class=\"ion-bag\"><\/i><span>Adicionar ao Pedido<\/span><\/button>\n\t\t\t\t\t\t\t\t\t<button class=\"btn-wishlist\" type=\"button\" data-toggle=\"tooltip\" title=\"Add \u00e0 Lista de preferencias\" onclick=\"wishlist.add('1144');\"><i class=\"ion-android-favorite-outline\"><\/i><span>Add \u00e0 Lista de preferencias<\/span><\/button>\n\t\t\t\t\t\t\t\t\t<button class=\"btn-compare\" type=\"button\" data-toggle=\"tooltip\" title=\"Comparar\" onclick=\"compare.add('1144');\"><i class=\"ion-android-options\"><\/i><span>Comparar<\/span><\/button>\n\t\t\t\t\t\t\t\t\t<button class=\"btn-quickview\" type=\"button\" data-toggle=\"tooltip\" title=\"Quick View\" onclick=\"ocquickview.ajaxView('https:\/\/vww.pt\/index.php?route=product\/product&amp;path=25&amp;product_id=1144')\"><i class=\"ion-android-open\"><\/i><span>Quick View<\/span><\/button>\n\t\t\t\t\t\t\t\t<\/div>\n\t\t\t\t\t\t\t<\/div>\n\t\t\t\t\t\t\t<div class=\"caption\">\t\t\t\t\t\t\t\t<p class=\"manufacture-product\">\n\t\t\t\t\t\t\t\t\t<a href=\"https:\/\/vww.pt\/index.php?route=product\/manufacturer\/info&amp;manufacturer_id=32\">MARCA<\/a>\n\t\t\t\t\t\t\t\t<\/p>\t\t\t\t\t\t\t\t<h4 class=\"product-name\"><a href=\"https:\/\/vww.pt\/index.php?route=product\/product&amp;path=25&amp;product_id=1144\">\u00d3culos Spy City<\/a><\/h4>\t\t\t\t\t\t\t\t\t<p class=\"price\">0.00\u20ac\t\t\t\t\t\t\t\t\t<\/p>\t\t\t\t\t\t\t\t<p class=\"product-des 8\">DESCRI\u00c7\u00c3O\u00d3culos de policarbonato transparente, com tratamento anti-riscos e anti-embaciamentoLente de prote\u00e7\u00e3o contra filtros ultravioleta UVDesign desportivo, muito confort\u00e1vel e ultraleve (19 g)NORMAS E CERTEFICA\u00c7\u00d5ESEN 170..<\/p>\n\t\t\t\t\t\t\t<\/div>\n                        <\/div>\n                    <\/div>                    <div class=\"product-layout product-list col-xs-12\">\n                        <div class=\"product-thumb\">\n                            <div class=\"image\">\n\t\t\t\t\t\t\t\t<a href=\"https:\/\/vww.pt\/index.php?route=product\/product&amp;path=25&amp;product_id=1159\">\n\t\t\t\t\t\t\t\t\t<img src=\"https:\/\/vww.pt\/image\/cache\/catalog\/catalogo\/MARCA\/prot.%20oculaar\/2188_GSPG.jpg-500x666.png\" alt=\"\u00d3culos Spy Pro\" title=\"\u00d3culos Spy Pro\" class=\"img-responsive\" \/>\t\t\t\t\t\t\t\t<\/a>\t\t\t\t\t\t\t\t<div class=\"action-links\">\n\t\t\t\t\t\t\t\t\t<button class=\"btn-cart\" type=\"button\" data-toggle=\"tooltip\" title=\"Adicionar ao Pedido\" onclick=\"cart.add('1159', '1')\"><i class=\"ion-bag\"><\/i><span>Adicionar ao Pedido<\/span><\/button>\n\t\t\t\t\t\t\t\t\t<button class=\"btn-wishlist\" type=\"button\" data-toggle=\"tooltip\" title=\"Add \u00e0 Lista de preferencias\" onclick=\"wishlist.add('1159');\"><i class=\"ion-android-favorite-outline\"><\/i><span>Add \u00e0 Lista de preferencias<\/span><\/button>\n\t\t\t\t\t\t\t\t\t<button class=\"btn-compare\" type=\"button\" data-toggle=\"tooltip\" title=\"Comparar\" onclick=\"compare.add('1159');\"><i class=\"ion-android-options\"><\/i><span>Comparar<\/span><\/button>\n\t\t\t\t\t\t\t\t\t<button class=\"btn-quickview\" type=\"button\" data-toggle=\"tooltip\" title=\"Quick View\" onclick=\"ocquickview.ajaxView('https:\/\/vww.pt\/index.php?route=product\/product&amp;path=25&amp;product_id=1159')\"><i class=\"ion-android-open\"><\/i><span>Quick View<\/span><\/button>\n\t\t\t\t\t\t\t\t<\/div>\n\t\t\t\t\t\t\t<\/div>\n\t\t\t\t\t\t\t<div class=\"caption\">\t\t\t\t\t\t\t\t<p class=\"manufacture-product\">\n\t\t\t\t\t\t\t\t\t<a href=\"https:\/\/vww.pt\/index.php?route=product\/manufacturer\/info&amp;manufacturer_id=32\">MARCA<\/a>\n\t\t\t\t\t\t\t\t<\/p>\t\t\t\t\t\t\t\t<h4 class=\"product-name\"><a href=\"https:\/\/vww.pt\/index.php?route=product\/product&amp;path=25&amp;product_id=1159\">\u00d3culos Spy Pro<\/a><\/h4>\t\t\t\t\t\t\t\t\t<p class=\"price\">0.00\u20ac\t\t\t\t\t\t\t\t\t<\/p>\t\t\t\t\t\t\t\t<p class=\"product-des 8\">DESCRI\u00c7\u00c3O\u00d3culos de policarbonato cinza, com tratamento anti-riscos e anti-embaciamentoLente de prote\u00e7\u00e3o contra&amp;nbsp;riscos mec\u00e2nicos (proje\u00e7\u00f5es) e riscos de radia\u00e7\u00e3o (luz solar)Hastes flex\u00edveis de silicone hipoalerg\u00eanico para maior confortoNORMAS E CERTEFICA\u00c7\u00d5ESEN 166EN 172..<\/p>\n\t\t\t\t\t\t\t<\/div>\n                        <\/div>\n                    <\/div>                    <div class=\"product-layout product-list col-xs-12\">\n                        <div class=\"product-thumb\">\n                            <div class=\"image\">\n\t\t\t\t\t\t\t\t<a href=\"https:\/\/vww.pt\/index.php?route=product\/product&amp;path=25&amp;product_id=1570\">\n\t\t\t\t\t\t\t\t\t<img src=\"https:\/\/vww.pt\/image\/cache\/catalog\/EPI'S\/Prot.%20Ocular\/3X1\/PS11\/PS11-incolor-1-500x666.jpg\" alt=\"\u00d3culos Tech Look Plus\" title=\"\u00d3culos Tech Look Plus\" class=\"img-responsive\" \/>\t\t\t\t\t\t\t\t<\/a>\t\t\t\t\t\t\t\t<div class=\"action-links\">\n\t\t\t\t\t\t\t\t\t<button class=\"btn-cart\" type=\"button\" data-toggle=\"tooltip\" title=\"Adicionar ao Pedido\" onclick=\"cart.add('1570', '1')\"><i class=\"ion-bag\"><\/i><span>Adicionar ao Pedido<\/span><\/button>\n\t\t\t\t\t\t\t\t\t<button class=\"btn-wishlist\" type=\"button\" data-toggle=\"tooltip\" title=\"Add \u00e0 Lista de preferencias\" onclick=\"wishlist.add('1570');\"><i class=\"ion-android-favorite-outline\"><\/i><span>Add \u00e0 Lista de preferencias<\/span><\/button>\n\t\t\t\t\t\t\t\t\t<button class=\"btn-compare\" type=\"button\" data-toggle=\"tooltip\" title=\"Comparar\" onclick=\"compare.add('1570');\"><i class=\"ion-android-options\"><\/i><span>Comparar<\/span><\/button>\n\t\t\t\t\t\t\t\t\t<button class=\"btn-quickview\" type=\"button\" data-toggle=\"tooltip\" title=\"Quick View\" onclick=\"ocquickview.ajaxView('https:\/\/vww.pt\/index.php?route=product\/product&amp;path=25&amp;product_id=1570')\"><i class=\"ion-android-open\"><\/i><span>Quick View<\/span><\/button>\n\t\t\t\t\t\t\t\t<\/div>\n\t\t\t\t\t\t\t<\/div>\n\t\t\t\t\t\t\t<div class=\"caption\">\t\t\t\t\t\t\t\t<p class=\"manufacture-product\">\n\t\t\t\t\t\t\t\t\t<a href=\"https:\/\/vww.pt\/index.php?route=product\/manufacturer\/info&amp;manufacturer_id=23\">PORTWEST<\/a>\n\t\t\t\t\t\t\t\t<\/p>\t\t\t\t\t\t\t\t<h4 class=\"product-name\"><a href=\"https:\/\/vww.pt\/index.php?route=product\/product&amp;path=25&amp;product_id=1570\">\u00d3culos Tech Look Plus<\/a><\/h4>\t\t\t\t\t\t\t\t\t<p class=\"price\">0.00\u20ac\t\t\t\t\t\t\t\t\t<\/p>\t\t\t\t\t\t\t\t<p class=\"product-des 8\">DESCRI\u00c7\u00c3ODupla utiliza\u00e7\u00e3o com bra\u00e7os cl\u00e1ssicos ou com el\u00e1stico largo Espuma remov\u00edvel oferece protec\u00e7\u00e3o adicional contra choques e poeira Bra\u00e7os flex\u00edveis para maior conforto Estilo envolvente para vista panor\u00e2mica Pontas de arma\u00e7\u00e3o suaves para ultra conforto Aberturas laterais para maior conforto A..<\/p>\n\t\t\t\t\t\t\t<\/div>\n                        <\/div>\n                    <\/div>                    <div class=\"product-layout product-list col-xs-12\">\n                        <div class=\"product-thumb\">\n                            <div class=\"image\">\n\t\t\t\t\t\t\t\t<a href=\"https:\/\/vww.pt\/index.php?route=product\/product&amp;path=25&amp;product_id=1150\">\n\t\t\t\t\t\t\t\t\t<img src=\"https:\/\/vww.pt\/image\/cache\/catalog\/catalogo\/MARCA\/prot.%20oculaar\/2188_GVE.jpg-500x666.png\" alt=\"\u00d3culos Visitante\" title=\"\u00d3culos Visitante\" class=\"img-responsive\" \/>\t\t\t\t\t\t\t\t<\/a>\t\t\t\t\t\t\t\t<div class=\"action-links\">\n\t\t\t\t\t\t\t\t\t<button class=\"btn-cart\" type=\"button\" data-toggle=\"tooltip\" title=\"Adicionar ao Pedido\" onclick=\"cart.add('1150', '1')\"><i class=\"ion-bag\"><\/i><span>Adicionar ao Pedido<\/span><\/button>\n\t\t\t\t\t\t\t\t\t<button class=\"btn-wishlist\" type=\"button\" data-toggle=\"tooltip\" title=\"Add \u00e0 Lista de preferencias\" onclick=\"wishlist.add('1150');\"><i class=\"ion-android-favorite-outline\"><\/i><span>Add \u00e0 Lista de preferencias<\/span><\/button>\n\t\t\t\t\t\t\t\t\t<button class=\"btn-compare\" type=\"button\" data-toggle=\"tooltip\" title=\"Comparar\" onclick=\"compare.add('1150');\"><i class=\"ion-android-options\"><\/i><span>Comparar<\/span><\/button>\n\t\t\t\t\t\t\t\t\t<button class=\"btn-quickview\" type=\"button\" data-toggle=\"tooltip\" title=\"Quick View\" onclick=\"ocquickview.ajaxView('https:\/\/vww.pt\/index.php?route=product\/product&amp;path=25&amp;product_id=1150')\"><i class=\"ion-android-open\"><\/i><span>Quick View<\/span><\/button>\n\t\t\t\t\t\t\t\t<\/div>\n\t\t\t\t\t\t\t<\/div>\n\t\t\t\t\t\t\t<div class=\"caption\">\t\t\t\t\t\t\t\t<p class=\"manufacture-product\">\n\t\t\t\t\t\t\t\t\t<a href=\"https:\/\/vww.pt\/index.php?route=product\/manufacturer\/info&amp;manufacturer_id=32\">MARCA<\/a>\n\t\t\t\t\t\t\t\t<\/p>\t\t\t\t\t\t\t\t<h4 class=\"product-name\"><a href=\"https:\/\/vww.pt\/index.php?route=product\/product&amp;path=25&amp;product_id=1150\">\u00d3culos Visitante<\/a><\/h4>\t\t\t\t\t\t\t\t\t<p class=\"price\">0.00\u20ac\t\t\t\t\t\t\t\t\t<\/p>\t\t\t\t\t\t\t\t<p class=\"product-des 8\">DESCRI\u00c7\u00c3OVidros em policarbonato Unilent, com tratamento anti-riscosLente de prote\u00e7\u00e3o contra filtros ultravioleta UVVentila\u00e7\u00e3o lateralNORMAS E CERTEFICA\u00c7\u00d5ESEN 170..<\/p>\n\t\t\t\t\t\t\t<\/div>\n                        <\/div>\n                    <\/div>                    <div class=\"product-layout product-list col-xs-12\">\n                        <div class=\"product-thumb\">\n                            <div class=\"image\">\n\t\t\t\t\t\t\t\t<a href=\"https:\/\/vww.pt\/index.php?route=product\/product&amp;path=25&amp;product_id=1151\">\n\t\t\t\t\t\t\t\t\t<img src=\"https:\/\/vww.pt\/image\/cache\/catalog\/catalogo\/MARCA\/prot.%20oculaar\/2188_GIX8.jpg-500x666.png\" alt=\"\u00d3culos X8 Pro\" title=\"\u00d3culos X8 Pro\" class=\"img-responsive\" \/>\t\t\t\t\t\t\t\t<\/a>\t\t\t\t\t\t\t\t<div class=\"action-links\">\n\t\t\t\t\t\t\t\t\t<button class=\"btn-cart\" type=\"button\" data-toggle=\"tooltip\" title=\"Adicionar ao Pedido\" onclick=\"cart.add('1151', '1')\"><i class=\"ion-bag\"><\/i><span>Adicionar ao Pedido<\/span><\/button>\n\t\t\t\t\t\t\t\t\t<button class=\"btn-wishlist\" type=\"button\" data-toggle=\"tooltip\" title=\"Add \u00e0 Lista de preferencias\" onclick=\"wishlist.add('1151');\"><i class=\"ion-android-favorite-outline\"><\/i><span>Add \u00e0 Lista de preferencias<\/span><\/button>\n\t\t\t\t\t\t\t\t\t<button class=\"btn-compare\" type=\"button\" data-toggle=\"tooltip\" title=\"Comparar\" onclick=\"compare.add('1151');\"><i class=\"ion-android-options\"><\/i><span>Comparar<\/span><\/button>\n\t\t\t\t\t\t\t\t\t<button class=\"btn-quickview\" type=\"button\" data-toggle=\"tooltip\" title=\"Quick View\" onclick=\"ocquickview.ajaxView('https:\/\/vww.pt\/index.php?route=product\/product&amp;path=25&amp;product_id=1151')\"><i class=\"ion-android-open\"><\/i><span>Quick View<\/span><\/button>\n\t\t\t\t\t\t\t\t<\/div>\n\t\t\t\t\t\t\t<\/div>\n\t\t\t\t\t\t\t<div class=\"caption\">\t\t\t\t\t\t\t\t<p class=\"manufacture-product\">\n\t\t\t\t\t\t\t\t\t<a href=\"https:\/\/vww.pt\/index.php?route=product\/manufacturer\/info&amp;manufacturer_id=32\">MARCA<\/a>\n\t\t\t\t\t\t\t\t<\/p>\t\t\t\t\t\t\t\t<h4 class=\"product-name\"><a href=\"https:\/\/vww.pt\/index.php?route=product\/product&amp;path=25&amp;product_id=1151\">\u00d3culos X8 Pro<\/a><\/h4>\t\t\t\t\t\t\t\t\t<p class=\"price\">0.00\u20ac\t\t\t\t\t\t\t\t\t<\/p>\t\t\t\t\t\t\t\t<p class=\"product-des 8\">DESCRI\u00c7\u00c3O\u00d3culos panor\u00e2micos integrais de 180\u00b0 em PVCAnti-abras\u00e3o e anti-embaciamento com certifica\u00e7\u00e3o N para riscos mec\u00e2nicos e qu\u00edmicos&amp;nbsp;e riscos devidos \u00e0 radia\u00e7\u00e3o ultravioleta (UV)Estrutura de refor\u00e7o interior para evitar a entrada de l\u00edquidosImpacto de part\u00edculas em alta velocidade e m\u00e9dia e..<\/p>\n\t\t\t\t\t\t\t<\/div>\n                        <\/div>\n                    <\/div>                    <div class=\"product-layout product-list col-xs-12\">\n                        <div class=\"product-thumb\">\n                            <div class=\"image\">\n\t\t\t\t\t\t\t\t<a href=\"https:\/\/vww.pt\/index.php?route=product\/product&amp;path=25&amp;product_id=1152\">\n\t\t\t\t\t\t\t\t\t<img src=\"https:\/\/vww.pt\/image\/cache\/catalog\/catalogo\/MARCA\/prot.%20oculaar\/2188_GIX9.jpg-500x666.png\" alt=\"\u00d3culos X9\" title=\"\u00d3culos X9\" class=\"img-responsive\" \/>\t\t\t\t\t\t\t\t<\/a>\t\t\t\t\t\t\t\t<div class=\"action-links\">\n\t\t\t\t\t\t\t\t\t<button class=\"btn-cart\" type=\"button\" data-toggle=\"tooltip\" title=\"Adicionar ao Pedido\" onclick=\"cart.add('1152', '1')\"><i class=\"ion-bag\"><\/i><span>Adicionar ao Pedido<\/span><\/button>\n\t\t\t\t\t\t\t\t\t<button class=\"btn-wishlist\" type=\"button\" data-toggle=\"tooltip\" title=\"Add \u00e0 Lista de preferencias\" onclick=\"wishlist.add('1152');\"><i class=\"ion-android-favorite-outline\"><\/i><span>Add \u00e0 Lista de preferencias<\/span><\/button>\n\t\t\t\t\t\t\t\t\t<button class=\"btn-compare\" type=\"button\" data-toggle=\"tooltip\" title=\"Comparar\" onclick=\"compare.add('1152');\"><i class=\"ion-android-options\"><\/i><span>Comparar<\/span><\/button>\n\t\t\t\t\t\t\t\t\t<button class=\"btn-quickview\" type=\"button\" data-toggle=\"tooltip\" title=\"Quick View\" onclick=\"ocquickview.ajaxView('https:\/\/vww.pt\/index.php?route=product\/product&amp;path=25&amp;product_id=1152')\"><i class=\"ion-android-open\"><\/i><span>Quick View<\/span><\/button>\n\t\t\t\t\t\t\t\t<\/div>\n\t\t\t\t\t\t\t<\/div>\n\t\t\t\t\t\t\t<div class=\"caption\">\t\t\t\t\t\t\t\t<p class=\"manufacture-product\">\n\t\t\t\t\t\t\t\t\t<a href=\"https:\/\/vww.pt\/index.php?route=product\/manufacturer\/info&amp;manufacturer_id=32\">MARCA<\/a>\n\t\t\t\t\t\t\t\t<\/p>\t\t\t\t\t\t\t\t<h4 class=\"product-name\"><a href=\"https:\/\/vww.pt\/index.php?route=product\/product&amp;path=25&amp;product_id=1152\">\u00d3culos X9<\/a><\/h4>\t\t\t\t\t\t\t\t\t<p class=\"price\">0.00\u20ac\t\t\t\t\t\t\t\t\t<\/p>\t\t\t\t\t\t\t\t<p class=\"product-des 8\">DESCRI\u00c7\u00c3O\u00d3culos panor\u00e2micos integrais de 180\u00b0 em PVCAnti-abras\u00e3o e anti-embaciamento com certifica\u00e7\u00e3o N para riscos&amp;nbsp;&amp;nbsp;mec\u00e2nicos (proje\u00e7\u00f5es, respingos de l\u00edquidos -3- e respingos de metais fundidos e s\u00f3lidos quentes -9)Impacto de part\u00edculas em alta velocidade e temperaturas extremas de m\u00e9dia..<\/p>\n\t\t\t\t\t\t\t<\/div>\n                        <\/div>\n                    <\/div>                    <div class=\"product-layout product-list col-xs-12\">\n                        <div class=\"product-thumb\">\n                            <div class=\"image\">\n\t\t\t\t\t\t\t\t<a href=\"https:\/\/vww.pt\/index.php?route=product\/product&amp;path=25&amp;product_id=698\">\n\t\t\t\t\t\t\t\t\t<img src=\"https:\/\/vww.pt\/image\/cache\/catalog\/catalogo\/KRATOS\/Salvamento%20I%20Resgate\/FA7000400_8%20P.%20Trabalhos%20altura\/FA%2070%20004%2000-500x666.png\" alt=\"Oitos auto-evacua\u00e7\u00e3o em altura\" title=\"Oitos auto-evacua\u00e7\u00e3o em altura\" class=\"img-responsive\" \/>\t\t\t\t\t\t\t\t<\/a>\t\t\t\t\t\t\t\t<div class=\"action-links\">\n\t\t\t\t\t\t\t\t\t<button class=\"btn-cart\" type=\"button\" data-toggle=\"tooltip\" title=\"Adicionar ao Pedido\" onclick=\"cart.add('698', '1')\"><i class=\"ion-bag\"><\/i><span>Adicionar ao Pedido<\/span><\/button>\n\t\t\t\t\t\t\t\t\t<button class=\"btn-wishlist\" type=\"button\" data-toggle=\"tooltip\" title=\"Add \u00e0 Lista de preferencias\" onclick=\"wishlist.add('698');\"><i class=\"ion-android-favorite-outline\"><\/i><span>Add \u00e0 Lista de preferencias<\/span><\/button>\n\t\t\t\t\t\t\t\t\t<button class=\"btn-compare\" type=\"button\" data-toggle=\"tooltip\" title=\"Comparar\" onclick=\"compare.add('698');\"><i class=\"ion-android-options\"><\/i><span>Comparar<\/span><\/button>\n\t\t\t\t\t\t\t\t\t<button class=\"btn-quickview\" type=\"button\" data-toggle=\"tooltip\" title=\"Quick View\" onclick=\"ocquickview.ajaxView('https:\/\/vww.pt\/index.php?route=product\/product&amp;path=25&amp;product_id=698')\"><i class=\"ion-android-open\"><\/i><span>Quick View<\/span><\/button>\n\t\t\t\t\t\t\t\t<\/div>\n\t\t\t\t\t\t\t<\/div>\n\t\t\t\t\t\t\t<div class=\"caption\">\t\t\t\t\t\t\t\t<p class=\"manufacture-product\">\n\t\t\t\t\t\t\t\t\t<a href=\"https:\/\/vww.pt\/index.php?route=product\/manufacturer\/info&amp;manufacturer_id=18\">KRATOS<\/a>\n\t\t\t\t\t\t\t\t<\/p>\t\t\t\t\t\t\t\t<h4 class=\"product-name\"><a href=\"https:\/\/vww.pt\/index.php?route=product\/product&amp;path=25&amp;product_id=698\">Oitos auto-evacua\u00e7\u00e3o em altura<\/a><\/h4>\t\t\t\t\t\t\t\t\t<p class=\"price\">0.00\u20ac\t\t\t\t\t\t\t\t\t<\/p>\t\t\t\t\t\t\t\t<p class=\"product-des 8\">DESCRI\u00c7\u00c3OMaterial: Feito de liga de alum\u00ednioAcabamento anodizadoFunciona em corda kernmantle de 9-11 mmDi\u00e2metros internos de 52 mm e 26 mmAltura: 145 mmPeso: 0,14 kgResist\u00eancia \u00e0 ruptura&amp;nbsp;: &amp;gt; 50 kNNORMAS E CONFORMIDADESEN 15151-2:2012..<\/p>\n\t\t\t\t\t\t\t<\/div>\n                        <\/div>\n                    <\/div>                    <div class=\"product-layout product-list col-xs-12\">\n                        <div class=\"product-thumb\">\n                            <div class=\"image\">\n\t\t\t\t\t\t\t\t<a href=\"https:\/\/vww.pt\/index.php?route=product\/product&amp;path=25&amp;product_id=671\">\n\t\t\t\t\t\t\t\t\t<img src=\"https:\/\/vww.pt\/image\/cache\/catalog\/catalogo\/PORTWEST\/PROTEcaO%20CABEcA%20--%20OK\/Acessorios%20OK\/PA91_Pack%20Etiquetas%20Reflectoras_PW\/PA91SIR_2-700x933-500x666.jpg\" alt=\"Pack Etiquetas Reflectoras\" title=\"Pack Etiquetas Reflectoras\" class=\"img-responsive\" \/>\t\t\t\t\t\t\t\t<\/a>\t\t\t\t\t\t\t\t<div class=\"action-links\">\n\t\t\t\t\t\t\t\t\t<button class=\"btn-cart\" type=\"button\" data-toggle=\"tooltip\" title=\"Adicionar ao Pedido\" onclick=\"cart.add('671', '1')\"><i class=\"ion-bag\"><\/i><span>Adicionar ao Pedido<\/span><\/button>\n\t\t\t\t\t\t\t\t\t<button class=\"btn-wishlist\" type=\"button\" data-toggle=\"tooltip\" title=\"Add \u00e0 Lista de preferencias\" onclick=\"wishlist.add('671');\"><i class=\"ion-android-favorite-outline\"><\/i><span>Add \u00e0 Lista de preferencias<\/span><\/button>\n\t\t\t\t\t\t\t\t\t<button class=\"btn-compare\" type=\"button\" data-toggle=\"tooltip\" title=\"Comparar\" onclick=\"compare.add('671');\"><i class=\"ion-android-options\"><\/i><span>Comparar<\/span><\/button>\n\t\t\t\t\t\t\t\t\t<button class=\"btn-quickview\" type=\"button\" data-toggle=\"tooltip\" title=\"Quick View\" onclick=\"ocquickview.ajaxView('https:\/\/vww.pt\/index.php?route=product\/product&amp;path=25&amp;product_id=671')\"><i class=\"ion-android-open\"><\/i><span>Quick View<\/span><\/button>\n\t\t\t\t\t\t\t\t<\/div>\n\t\t\t\t\t\t\t<\/div>\n\t\t\t\t\t\t\t<div class=\"caption\">\t\t\t\t\t\t\t\t<p class=\"manufacture-product\">\n\t\t\t\t\t\t\t\t\t<a href=\"https:\/\/vww.pt\/index.php?route=product\/manufacturer\/info&amp;manufacturer_id=23\">PORTWEST<\/a>\n\t\t\t\t\t\t\t\t<\/p>\t\t\t\t\t\t\t\t<h4 class=\"product-name\"><a href=\"https:\/\/vww.pt\/index.php?route=product\/product&amp;path=25&amp;product_id=671\">Pack Etiquetas Reflectoras<\/a><\/h4>\t\t\t\t\t\t\t\t\t<p class=\"price\">0.00\u20ac\t\t\t\t\t\t\t\t\t<\/p>\t\t\t\t\t\t\t\t<p class=\"product-des 8\">DESCRI\u00c7\u00c3OPack de autocolantes refletores para v\u00e1rios tipos de capacetesCARATERISTICASApropriada para a maioria de capacetes padr\u00e3oEtiquetas refletoras de alta qualidade com padr\u00e3o de mel para melhor visibilidadeSaco de retalho para melhor apresenta\u00e7\u00e3o de vendas ao p\u00fablicoEmbalado individual para m\u00e1q..<\/p>\n\t\t\t\t\t\t\t<\/div>\n                        <\/div>\n                    <\/div>                    <div class=\"product-layout product-list col-xs-12\">\n                        <div class=\"product-thumb\">\n                            <div class=\"image\">\n\t\t\t\t\t\t\t\t<a href=\"https:\/\/vww.pt\/index.php?route=product\/product&amp;path=25&amp;product_id=886\">\n\t\t\t\t\t\t\t\t\t<img src=\"https:\/\/vww.pt\/image\/cache\/catalog\/prot.%20p\u00e9s\/acessorios\/spodos_blue.jpg-500x666.png\" alt=\"Palmilha\" title=\"Palmilha\" class=\"img-responsive\" \/>\t\t\t\t\t\t\t\t<\/a>\t\t\t\t\t\t\t\t<div class=\"action-links\">\n\t\t\t\t\t\t\t\t\t<button class=\"btn-cart\" type=\"button\" data-toggle=\"tooltip\" title=\"Adicionar ao Pedido\" onclick=\"cart.add('886', '1')\"><i class=\"ion-bag\"><\/i><span>Adicionar ao Pedido<\/span><\/button>\n\t\t\t\t\t\t\t\t\t<button class=\"btn-wishlist\" type=\"button\" data-toggle=\"tooltip\" title=\"Add \u00e0 Lista de preferencias\" onclick=\"wishlist.add('886');\"><i class=\"ion-android-favorite-outline\"><\/i><span>Add \u00e0 Lista de preferencias<\/span><\/button>\n\t\t\t\t\t\t\t\t\t<button class=\"btn-compare\" type=\"button\" data-toggle=\"tooltip\" title=\"Comparar\" onclick=\"compare.add('886');\"><i class=\"ion-android-options\"><\/i><span>Comparar<\/span><\/button>\n\t\t\t\t\t\t\t\t\t<button class=\"btn-quickview\" type=\"button\" data-toggle=\"tooltip\" title=\"Quick View\" onclick=\"ocquickview.ajaxView('https:\/\/vww.pt\/index.php?route=product\/product&amp;path=25&amp;product_id=886')\"><i class=\"ion-android-open\"><\/i><span>Quick View<\/span><\/button>\n\t\t\t\t\t\t\t\t<\/div>\n\t\t\t\t\t\t\t<\/div>\n\t\t\t\t\t\t\t<div class=\"caption\">\t\t\t\t\t\t\t\t<p class=\"manufacture-product\">\n\t\t\t\t\t\t\t\t\t<a href=\"https:\/\/vww.pt\/index.php?route=product\/manufacturer\/info&amp;manufacturer_id=19\">LAVORO<\/a>\n\t\t\t\t\t\t\t\t<\/p>\t\t\t\t\t\t\t\t<h4 class=\"product-name\"><a href=\"https:\/\/vww.pt\/index.php?route=product\/product&amp;path=25&amp;product_id=886\">Palmilha<\/a><\/h4>\t\t\t\t\t\t\t\t\t<p class=\"price\">0.00\u20ac\t\t\t\t\t\t\t\t\t<\/p>\t\t\t\t\t\t\t\t<p class=\"product-des 8\">DESCRI\u00c7\u00c3OAnti-microbianasCarbono activo na sua constitui\u00e7\u00e3oEfeito termoreguladorPerme\u00e1veis ao vapor100% respir\u00e1veisLav\u00e1veisResistentes \u00e0 abras\u00e3oAnti-est\u00e1ticasFabricadas em materiais reciclados<br \/>\r\n<br \/>\r\nAzul - Medium - p\u00e9 plano<br \/>\r\nVerde - Low - p\u00e9 normal<br \/>\r\nVermelho - High - p\u00e9 cavo..<\/p>\n\t\t\t\t\t\t\t<\/div>\n                        <\/div>\n                    <\/div>                    <div class=\"product-layout product-list col-xs-12\">\n                        <div class=\"product-thumb\">\n                            <div class=\"image\">\n\t\t\t\t\t\t\t\t<a href=\"https:\/\/vww.pt\/index.php?route=product\/product&amp;path=25&amp;product_id=961\">\n\t\t\t\t\t\t\t\t\t<img src=\"https:\/\/vww.pt\/image\/cache\/catalog\/prot.%20p\u00e9s\/acessorios\/metatarsal-01-500x666.png\" alt=\"Palmilha Metatarsal\" title=\"Palmilha Metatarsal\" class=\"img-responsive\" \/>\t\t\t\t\t\t\t\t<\/a>\t\t\t\t\t\t\t\t<div class=\"action-links\">\n\t\t\t\t\t\t\t\t\t<button class=\"btn-cart\" type=\"button\" data-toggle=\"tooltip\" title=\"Adicionar ao Pedido\" onclick=\"cart.add('961', '1')\"><i class=\"ion-bag\"><\/i><span>Adicionar ao Pedido<\/span><\/button>\n\t\t\t\t\t\t\t\t\t<button class=\"btn-wishlist\" type=\"button\" data-toggle=\"tooltip\" title=\"Add \u00e0 Lista de preferencias\" onclick=\"wishlist.add('961');\"><i class=\"ion-android-favorite-outline\"><\/i><span>Add \u00e0 Lista de preferencias<\/span><\/button>\n\t\t\t\t\t\t\t\t\t<button class=\"btn-compare\" type=\"button\" data-toggle=\"tooltip\" title=\"Comparar\" onclick=\"compare.add('961');\"><i class=\"ion-android-options\"><\/i><span>Comparar<\/span><\/button>\n\t\t\t\t\t\t\t\t\t<button class=\"btn-quickview\" type=\"button\" data-toggle=\"tooltip\" title=\"Quick View\" onclick=\"ocquickview.ajaxView('https:\/\/vww.pt\/index.php?route=product\/product&amp;path=25&amp;product_id=961')\"><i class=\"ion-android-open\"><\/i><span>Quick View<\/span><\/button>\n\t\t\t\t\t\t\t\t<\/div>\n\t\t\t\t\t\t\t<\/div>\n\t\t\t\t\t\t\t<div class=\"caption\">\t\t\t\t\t\t\t\t<p class=\"manufacture-product\">\n\t\t\t\t\t\t\t\t\t<a href=\"https:\/\/vww.pt\/index.php?route=product\/manufacturer\/info&amp;manufacturer_id=14\">COFRA<\/a>\n\t\t\t\t\t\t\t\t<\/p>\t\t\t\t\t\t\t\t<h4 class=\"product-name\"><a href=\"https:\/\/vww.pt\/index.php?route=product\/product&amp;path=25&amp;product_id=961\">Palmilha Metatarsal<\/a><\/h4>\t\t\t\t\t\t\t\t\t<p class=\"price\">0.00\u20ac\t\t\t\t\t\t\t\t\t<\/p>\t\t\t\t\t\t\t\t<p class=\"product-des 8\">DESCRI\u00c7\u00c3OPalmilha de poliuretano,&amp;nbsp;macia, antiest\u00e1tica, anat\u00f4mica, perfurada e forrada com tecidoInser\u00e7\u00e3o de gel macio na regi\u00e3o do metatarso garante estabilidade e conforto em qualquer tipo de superf\u00edcieEfeito termo reguladorIsola do frio e do calor..<\/p>\n\t\t\t\t\t\t\t<\/div>\n                        <\/div>\n                    <\/div>                    <div class=\"product-layout product-list col-xs-12\">\n                        <div class=\"product-thumb\">\n                            <div class=\"image\">\n\t\t\t\t\t\t\t\t<a href=\"https:\/\/vww.pt\/index.php?route=product\/product&amp;path=25&amp;product_id=1545\">\n\t\t\t\t\t\t\t\t\t<img src=\"https:\/\/vww.pt\/image\/cache\/catalog\/EPI'S\/Prot.%20Respirat\u00f3ria\/PAPR%20SERIE%20PA500\/PAPR-SERIE-PA500-500x666.jpg\" alt=\"Papr serie pa500\" title=\"Papr serie pa500\" class=\"img-responsive\" \/>\t\t\t\t\t\t\t\t<\/a>\t\t\t\t\t\t\t\t<div class=\"action-links\">\n\t\t\t\t\t\t\t\t\t<button class=\"btn-cart\" type=\"button\" data-toggle=\"tooltip\" title=\"Adicionar ao Pedido\" onclick=\"cart.add('1545', '1')\"><i class=\"ion-bag\"><\/i><span>Adicionar ao Pedido<\/span><\/button>\n\t\t\t\t\t\t\t\t\t<button class=\"btn-wishlist\" type=\"button\" data-toggle=\"tooltip\" title=\"Add \u00e0 Lista de preferencias\" onclick=\"wishlist.add('1545');\"><i class=\"ion-android-favorite-outline\"><\/i><span>Add \u00e0 Lista de preferencias<\/span><\/button>\n\t\t\t\t\t\t\t\t\t<button class=\"btn-compare\" type=\"button\" data-toggle=\"tooltip\" title=\"Comparar\" onclick=\"compare.add('1545');\"><i class=\"ion-android-options\"><\/i><span>Comparar<\/span><\/button>\n\t\t\t\t\t\t\t\t\t<button class=\"btn-quickview\" type=\"button\" data-toggle=\"tooltip\" title=\"Quick View\" onclick=\"ocquickview.ajaxView('https:\/\/vww.pt\/index.php?route=product\/product&amp;path=25&amp;product_id=1545')\"><i class=\"ion-android-open\"><\/i><span>Quick View<\/span><\/button>\n\t\t\t\t\t\t\t\t<\/div>\n\t\t\t\t\t\t\t<\/div>\n\t\t\t\t\t\t\t<div class=\"caption\">\t\t\t\t\t\t\t\t<p class=\"manufacture-product\">\n\t\t\t\t\t\t\t\t\t<a href=\"https:\/\/vww.pt\/index.php?route=product\/manufacturer\/info&amp;manufacturer_id=5\">HONEYWELL<\/a>\n\t\t\t\t\t\t\t\t<\/p>\t\t\t\t\t\t\t\t<h4 class=\"product-name\"><a href=\"https:\/\/vww.pt\/index.php?route=product\/product&amp;path=25&amp;product_id=1545\">Papr serie pa500<\/a><\/h4>\t\t\t\t\t\t\t\t\t<p class=\"price\">0.00\u20ac\t\t\t\t\t\t\t\t\t<\/p>\t\t\t\t\t\t\t\t<p class=\"product-des 8\">DESCRI\u00c7\u00c3OUltraleve e compacto \u2013 ideal para longos turnos e trabalho em espa\u00e7os confinadosDesign bem equilibrado que reduz a tens\u00e3o nas costas e aumenta a liberdade de movimentoAlmofada de conforto remov\u00edvelOp\u00e7\u00e3o de uso como mochila, a mais leve do mercadoMontagem r\u00e1pida e f\u00e1cilSistema de trava de ca..<\/p>\n\t\t\t\t\t\t\t<\/div>\n                        <\/div>\n                    <\/div>                    <div class=\"product-layout product-list col-xs-12\">\n                        <div class=\"product-thumb\">\n                            <div class=\"image\">\n\t\t\t\t\t\t\t\t<a href=\"https:\/\/vww.pt\/index.php?route=product\/product&amp;path=25&amp;product_id=1196\">\n\t\t\t\t\t\t\t\t\t<img src=\"https:\/\/vww.pt\/image\/cache\/catalog\/catalogo\/TOPTEX\/PARKAS\/PS_K657_BLACK-500x666.png\" alt=\"Parka 3 em 1\" title=\"Parka 3 em 1\" class=\"img-responsive\" \/>\t\t\t\t\t\t\t\t<\/a>\t\t\t\t\t\t\t\t<div class=\"action-links\">\n\t\t\t\t\t\t\t\t\t<button class=\"btn-cart\" type=\"button\" data-toggle=\"tooltip\" title=\"Adicionar ao Pedido\" onclick=\"cart.add('1196', '1')\"><i class=\"ion-bag\"><\/i><span>Adicionar ao Pedido<\/span><\/button>\n\t\t\t\t\t\t\t\t\t<button class=\"btn-wishlist\" type=\"button\" data-toggle=\"tooltip\" title=\"Add \u00e0 Lista de preferencias\" onclick=\"wishlist.add('1196');\"><i class=\"ion-android-favorite-outline\"><\/i><span>Add \u00e0 Lista de preferencias<\/span><\/button>\n\t\t\t\t\t\t\t\t\t<button class=\"btn-compare\" type=\"button\" data-toggle=\"tooltip\" title=\"Comparar\" onclick=\"compare.add('1196');\"><i class=\"ion-android-options\"><\/i><span>Comparar<\/span><\/button>\n\t\t\t\t\t\t\t\t\t<button class=\"btn-quickview\" type=\"button\" data-toggle=\"tooltip\" title=\"Quick View\" onclick=\"ocquickview.ajaxView('https:\/\/vww.pt\/index.php?route=product\/product&amp;path=25&amp;product_id=1196')\"><i class=\"ion-android-open\"><\/i><span>Quick View<\/span><\/button>\n\t\t\t\t\t\t\t\t<\/div>\n\t\t\t\t\t\t\t<\/div>\n\t\t\t\t\t\t\t<div class=\"caption\">\t\t\t\t\t\t\t\t<p class=\"manufacture-product\">\n\t\t\t\t\t\t\t\t\t<a href=\"https:\/\/vww.pt\/index.php?route=product\/manufacturer\/info&amp;manufacturer_id=17\">KARIBAN<\/a>\n\t\t\t\t\t\t\t\t<\/p>\t\t\t\t\t\t\t\t<h4 class=\"product-name\"><a href=\"https:\/\/vww.pt\/index.php?route=product\/product&amp;path=25&amp;product_id=1196\">Parka 3 em 1<\/a><\/h4>\t\t\t\t\t\t\t\t\t<p class=\"price\">0.00\u20ac\t\t\t\t\t\t\t\t\t<\/p>\t\t\t\t\t\t\t\t<p class=\"product-des 8\">DESCRI\u00c7\u00c3O3 em 1, pode utilizar-se s\u00f3 a parka, s\u00f3 o casaco polar ou os 2 em simult\u00e2neoBlus\u00e3o: 100% poli\u00e9sterCapuz amov\u00edvel4 bolsos frontais2 bolsos lateraisCosturas termo coladas para impermeabiliza\u00e7\u00e3oForro: 100% poli\u00e9sterForro polar na golaFecho inteiroFecho de acesso para personaliza\u00e7\u00e3o100% poli\u00e9st..<\/p>\n\t\t\t\t\t\t\t<\/div>\n                        <\/div>\n                    <\/div>                    <div class=\"product-layout product-list col-xs-12\">\n                        <div class=\"product-thumb\">\n                            <div class=\"image\">\n\t\t\t\t\t\t\t\t<a href=\"https:\/\/vww.pt\/index.php?route=product\/product&amp;path=25&amp;product_id=1383\">\n\t\t\t\t\t\t\t\t\t<img src=\"https:\/\/vww.pt\/image\/cache\/catalog\/catalogo\/PORTWEST\/VESTUaRIO%20TeCNICO--%20OK\/Alta-Visibilidade\/Blusoes,%20Casacos%20e%20Parkas\/S766_Parka%205x1%20Essential_PW\/S766YBR.jpg-500x666.png\" alt=\"Parka 5x1 Hi-Vis\" title=\"Parka 5x1 Hi-Vis\" class=\"img-responsive\" \/>\t\t\t\t\t\t\t\t<\/a>\t\t\t\t\t\t\t\t<div class=\"action-links\">\n\t\t\t\t\t\t\t\t\t<button class=\"btn-cart\" type=\"button\" data-toggle=\"tooltip\" title=\"Adicionar ao Pedido\" onclick=\"cart.add('1383', '1')\"><i class=\"ion-bag\"><\/i><span>Adicionar ao Pedido<\/span><\/button>\n\t\t\t\t\t\t\t\t\t<button class=\"btn-wishlist\" type=\"button\" data-toggle=\"tooltip\" title=\"Add \u00e0 Lista de preferencias\" onclick=\"wishlist.add('1383');\"><i class=\"ion-android-favorite-outline\"><\/i><span>Add \u00e0 Lista de preferencias<\/span><\/button>\n\t\t\t\t\t\t\t\t\t<button class=\"btn-compare\" type=\"button\" data-toggle=\"tooltip\" title=\"Comparar\" onclick=\"compare.add('1383');\"><i class=\"ion-android-options\"><\/i><span>Comparar<\/span><\/button>\n\t\t\t\t\t\t\t\t\t<button class=\"btn-quickview\" type=\"button\" data-toggle=\"tooltip\" title=\"Quick View\" onclick=\"ocquickview.ajaxView('https:\/\/vww.pt\/index.php?route=product\/product&amp;path=25&amp;product_id=1383')\"><i class=\"ion-android-open\"><\/i><span>Quick View<\/span><\/button>\n\t\t\t\t\t\t\t\t<\/div>\n\t\t\t\t\t\t\t<\/div>\n\t\t\t\t\t\t\t<div class=\"caption\">\t\t\t\t\t\t\t\t<p class=\"manufacture-product\">\n\t\t\t\t\t\t\t\t\t<a href=\"https:\/\/vww.pt\/index.php?route=product\/manufacturer\/info&amp;manufacturer_id=23\">PORTWEST<\/a>\n\t\t\t\t\t\t\t\t<\/p>\t\t\t\t\t\t\t\t<h4 class=\"product-name\"><a href=\"https:\/\/vww.pt\/index.php?route=product\/product&amp;path=25&amp;product_id=1383\">Parka 5x1 Hi-Vis<\/a><\/h4>\t\t\t\t\t\t\t\t\t<p class=\"price\">0.00\u20ac\t\t\t\t\t\t\t\t\t<\/p>\t\t\t\t\t\t\t\t<p class=\"product-des 8\">DESCRI\u00c7\u00c3OImperme\u00e1vel com costuras seladas que impedem a penetra\u00e7\u00e3o de \u00e1gua Acabamento t\u00eaxtil Texpel\u2122 Splash Eco extremamente resistente \u00e0 \u00e1gua e livre de PFASProte\u00e7\u00e3o contra frio certificada at\u00e9 -36\u00b0C Punhos ajust\u00e1veis \u200b\u200bpor encaixe para um ajuste seguro Dois inferiores bolsos Pain\u00e9is contrastantes ..<\/p>\n\t\t\t\t\t\t\t<\/div>\n                        <\/div>\n                    <\/div>                    <div class=\"product-layout product-list col-xs-12\">\n                        <div class=\"product-thumb\">\n                            <div class=\"image\">\n\t\t\t\t\t\t\t\t<a href=\"https:\/\/vww.pt\/index.php?route=product\/product&amp;path=25&amp;product_id=1573\">\n\t\t\t\t\t\t\t\t\t<img src=\"https:\/\/vww.pt\/image\/cache\/catalog\/EPI'S\/Prot.%20Corpo\/Hi-Vis\/PW367\/Parka-5X1-Respir\u00e1vel---amarelo-1-500x666.jpg\" alt=\"Parka 5X1 Respir\u00e1vel\" title=\"Parka 5X1 Respir\u00e1vel\" class=\"img-responsive\" \/>\t\t\t\t\t\t\t\t<\/a>\t\t\t\t\t\t\t\t<div class=\"action-links\">\n\t\t\t\t\t\t\t\t\t<button class=\"btn-cart\" type=\"button\" data-toggle=\"tooltip\" title=\"Adicionar ao Pedido\" onclick=\"cart.add('1573', '1')\"><i class=\"ion-bag\"><\/i><span>Adicionar ao Pedido<\/span><\/button>\n\t\t\t\t\t\t\t\t\t<button class=\"btn-wishlist\" type=\"button\" data-toggle=\"tooltip\" title=\"Add \u00e0 Lista de preferencias\" onclick=\"wishlist.add('1573');\"><i class=\"ion-android-favorite-outline\"><\/i><span>Add \u00e0 Lista de preferencias<\/span><\/button>\n\t\t\t\t\t\t\t\t\t<button class=\"btn-compare\" type=\"button\" data-toggle=\"tooltip\" title=\"Comparar\" onclick=\"compare.add('1573');\"><i class=\"ion-android-options\"><\/i><span>Comparar<\/span><\/button>\n\t\t\t\t\t\t\t\t\t<button class=\"btn-quickview\" type=\"button\" data-toggle=\"tooltip\" title=\"Quick View\" onclick=\"ocquickview.ajaxView('https:\/\/vww.pt\/index.php?route=product\/product&amp;path=25&amp;product_id=1573')\"><i class=\"ion-android-open\"><\/i><span>Quick View<\/span><\/button>\n\t\t\t\t\t\t\t\t<\/div>\n\t\t\t\t\t\t\t<\/div>\n\t\t\t\t\t\t\t<div class=\"caption\">\t\t\t\t\t\t\t\t<p class=\"manufacture-product\">\n\t\t\t\t\t\t\t\t\t<a href=\"https:\/\/vww.pt\/index.php?route=product\/manufacturer\/info&amp;manufacturer_id=23\">PORTWEST<\/a>\n\t\t\t\t\t\t\t\t<\/p>\t\t\t\t\t\t\t\t<h4 class=\"product-name\"><a href=\"https:\/\/vww.pt\/index.php?route=product\/product&amp;path=25&amp;product_id=1573\">Parka 5X1 Respir\u00e1vel<\/a><\/h4>\t\t\t\t\t\t\t\t\t<p class=\"price\">0.00\u20ac\t\t\t\t\t\t\t\t\t<\/p>\t\t\t\t\t\t\t\t<p class=\"product-des 8\">DESCRI\u00c7\u00c3OImperme\u00e1vel com costuras termoseladas que impedem a penetra\u00e7\u00e3o da \u00e1guaAcabamento de tecido Texpel\u2122 Splash Eco extremamente resistente \u00e0 \u00e1gua e sem PFAS, a \u00e1gua afasta-se da superf\u00edcie do tecidoEN342 Protec\u00e7\u00e3o contra o frio, certificada at\u00e9 -40\u00b0CGola forrada a polar para reter e aumentar o c..<\/p>\n\t\t\t\t\t\t\t<\/div>\n                        <\/div>\n                    <\/div>                    <div class=\"product-layout product-list col-xs-12\">\n                        <div class=\"product-thumb\">\n                            <div class=\"image\">\n\t\t\t\t\t\t\t\t<a href=\"https:\/\/vww.pt\/index.php?route=product\/product&amp;path=25&amp;product_id=1424\">\n\t\t\t\t\t\t\t\t\t<img src=\"https:\/\/vww.pt\/image\/cache\/catalog\/catalogo\/PORTWEST\/VESTUaRIO%20TeCNICO--%20OK\/Alta-Visibilidade\/Blusoes,%20Casacos%20e%20Parkas\/S426\/S426YNR.jpg-500x666.png\" alt=\"Parka 7x1 bicolor Hi-Vis\" title=\"Parka 7x1 bicolor Hi-Vis\" class=\"img-responsive\" \/>\t\t\t\t\t\t\t\t<\/a>\t\t\t\t\t\t\t\t<div class=\"action-links\">\n\t\t\t\t\t\t\t\t\t<button class=\"btn-cart\" type=\"button\" data-toggle=\"tooltip\" title=\"Adicionar ao Pedido\" onclick=\"cart.add('1424', '1')\"><i class=\"ion-bag\"><\/i><span>Adicionar ao Pedido<\/span><\/button>\n\t\t\t\t\t\t\t\t\t<button class=\"btn-wishlist\" type=\"button\" data-toggle=\"tooltip\" title=\"Add \u00e0 Lista de preferencias\" onclick=\"wishlist.add('1424');\"><i class=\"ion-android-favorite-outline\"><\/i><span>Add \u00e0 Lista de preferencias<\/span><\/button>\n\t\t\t\t\t\t\t\t\t<button class=\"btn-compare\" type=\"button\" data-toggle=\"tooltip\" title=\"Comparar\" onclick=\"compare.add('1424');\"><i class=\"ion-android-options\"><\/i><span>Comparar<\/span><\/button>\n\t\t\t\t\t\t\t\t\t<button class=\"btn-quickview\" type=\"button\" data-toggle=\"tooltip\" title=\"Quick View\" onclick=\"ocquickview.ajaxView('https:\/\/vww.pt\/index.php?route=product\/product&amp;path=25&amp;product_id=1424')\"><i class=\"ion-android-open\"><\/i><span>Quick View<\/span><\/button>\n\t\t\t\t\t\t\t\t<\/div>\n\t\t\t\t\t\t\t<\/div>\n\t\t\t\t\t\t\t<div class=\"caption\">\t\t\t\t\t\t\t\t<p class=\"manufacture-product\">\n\t\t\t\t\t\t\t\t\t<a href=\"https:\/\/vww.pt\/index.php?route=product\/manufacturer\/info&amp;manufacturer_id=23\">PORTWEST<\/a>\n\t\t\t\t\t\t\t\t<\/p>\t\t\t\t\t\t\t\t<h4 class=\"product-name\"><a href=\"https:\/\/vww.pt\/index.php?route=product\/product&amp;path=25&amp;product_id=1424\">Parka 7x1 bicolor Hi-Vis<\/a><\/h4>\t\t\t\t\t\t\t\t\t<p class=\"price\">0.00\u20ac\t\t\t\t\t\t\t\t\t<\/p>\t\t\t\t\t\t\t\t<p class=\"product-des 8\">DESCRI\u00c7\u00c3O\u00c0 prova d&#039;\u00e1gua com costuras seladas evitando penetra\u00e7\u00e3o de \u00e1gua Acabamento de tecido Texpel\u2122 Splash Eco extremamente resistente \u00e0 \u00e1gua e sem PFASProte\u00e7\u00e3o EN342 contra frio certificada at\u00e9 -40\u00b0C Gola de l\u00e3 contrastante para prote\u00e7\u00e3o contra sujidadePunhos de velcro para um ajuste seguro Punho..<\/p>\n\t\t\t\t\t\t\t<\/div>\n                        <\/div>\n                    <\/div>                    <div class=\"product-layout product-list col-xs-12\">\n                        <div class=\"product-thumb\">\n                            <div class=\"image\">\n\t\t\t\t\t\t\t\t<a href=\"https:\/\/vww.pt\/index.php?route=product\/product&amp;path=25&amp;product_id=1313\">\n\t\t\t\t\t\t\t\t\t<img src=\"https:\/\/vww.pt\/image\/cache\/catalog\/catalogo\/VALENTO\/parkass\/Parka%20BOREAL.jpg-500x666.png\" alt=\"Parka Boreal\" title=\"Parka Boreal\" class=\"img-responsive\" \/>\t\t\t\t\t\t\t\t<\/a>\t\t\t\t\t\t\t\t<div class=\"action-links\">\n\t\t\t\t\t\t\t\t\t<button class=\"btn-cart\" type=\"button\" data-toggle=\"tooltip\" title=\"Adicionar ao Pedido\" onclick=\"cart.add('1313', '1')\"><i class=\"ion-bag\"><\/i><span>Adicionar ao Pedido<\/span><\/button>\n\t\t\t\t\t\t\t\t\t<button class=\"btn-wishlist\" type=\"button\" data-toggle=\"tooltip\" title=\"Add \u00e0 Lista de preferencias\" onclick=\"wishlist.add('1313');\"><i class=\"ion-android-favorite-outline\"><\/i><span>Add \u00e0 Lista de preferencias<\/span><\/button>\n\t\t\t\t\t\t\t\t\t<button class=\"btn-compare\" type=\"button\" data-toggle=\"tooltip\" title=\"Comparar\" onclick=\"compare.add('1313');\"><i class=\"ion-android-options\"><\/i><span>Comparar<\/span><\/button>\n\t\t\t\t\t\t\t\t\t<button class=\"btn-quickview\" type=\"button\" data-toggle=\"tooltip\" title=\"Quick View\" onclick=\"ocquickview.ajaxView('https:\/\/vww.pt\/index.php?route=product\/product&amp;path=25&amp;product_id=1313')\"><i class=\"ion-android-open\"><\/i><span>Quick View<\/span><\/button>\n\t\t\t\t\t\t\t\t<\/div>\n\t\t\t\t\t\t\t<\/div>\n\t\t\t\t\t\t\t<div class=\"caption\">\t\t\t\t\t\t\t\t<p class=\"manufacture-product\">\n\t\t\t\t\t\t\t\t\t<a href=\"https:\/\/vww.pt\/index.php?route=product\/manufacturer\/info&amp;manufacturer_id=33\">VALENTO<\/a>\n\t\t\t\t\t\t\t\t<\/p>\t\t\t\t\t\t\t\t<h4 class=\"product-name\"><a href=\"https:\/\/vww.pt\/index.php?route=product\/product&amp;path=25&amp;product_id=1313\">Parka Boreal<\/a><\/h4>\t\t\t\t\t\t\t\t\t<p class=\"price\">0.00\u20ac\t\t\t\t\t\t\t\t\t<\/p>\t\t\t\t\t\t\t\t<p class=\"product-des 8\">DESCRI\u00c7\u00c3OParka&amp;nbsp;imperme\u00e1vel&amp;nbsp;com capuzConfecionada com&amp;nbsp;tecido&amp;nbsp;imperme\u00e1vel&amp;nbsp;Rip-Stop no exterior, acolchoado, forro interior liso e polar&amp;nbsp;anti-pilling&amp;nbsp;na gola e bolsosCosturas termosseladas para evitar a infiltra\u00e7\u00e3o de \u00e1gua e manter o corpo seco da chuva&amp;nbsp;Punhos aj..<\/p>\n\t\t\t\t\t\t\t<\/div>\n                        <\/div>\n                    <\/div>                    <div class=\"product-layout product-list col-xs-12\">\n                        <div class=\"product-thumb\">\n                            <div class=\"image\">\n\t\t\t\t\t\t\t\t<a href=\"https:\/\/vww.pt\/index.php?route=product\/product&amp;path=25&amp;product_id=840\">\n\t\t\t\t\t\t\t\t\t<img src=\"https:\/\/vww.pt\/image\/cache\/catalog\/Vestu\u00e1rio%20promocional\/parkas-blus\u00f5es-casacos\/BRUSSELS%20(1).jpg-500x666.png\" alt=\"Parka Brussels\" title=\"Parka Brussels\" class=\"img-responsive\" \/>\t\t\t\t\t\t\t\t<\/a>\t\t\t\t\t\t\t\t<div class=\"action-links\">\n\t\t\t\t\t\t\t\t\t<button class=\"btn-cart\" type=\"button\" data-toggle=\"tooltip\" title=\"Adicionar ao Pedido\" onclick=\"cart.add('840', '1')\"><i class=\"ion-bag\"><\/i><span>Adicionar ao Pedido<\/span><\/button>\n\t\t\t\t\t\t\t\t\t<button class=\"btn-wishlist\" type=\"button\" data-toggle=\"tooltip\" title=\"Add \u00e0 Lista de preferencias\" onclick=\"wishlist.add('840');\"><i class=\"ion-android-favorite-outline\"><\/i><span>Add \u00e0 Lista de preferencias<\/span><\/button>\n\t\t\t\t\t\t\t\t\t<button class=\"btn-compare\" type=\"button\" data-toggle=\"tooltip\" title=\"Comparar\" onclick=\"compare.add('840');\"><i class=\"ion-android-options\"><\/i><span>Comparar<\/span><\/button>\n\t\t\t\t\t\t\t\t\t<button class=\"btn-quickview\" type=\"button\" data-toggle=\"tooltip\" title=\"Quick View\" onclick=\"ocquickview.ajaxView('https:\/\/vww.pt\/index.php?route=product\/product&amp;path=25&amp;product_id=840')\"><i class=\"ion-android-open\"><\/i><span>Quick View<\/span><\/button>\n\t\t\t\t\t\t\t\t<\/div>\n\t\t\t\t\t\t\t<\/div>\n\t\t\t\t\t\t\t<div class=\"caption\">\t\t\t\t\t\t\t\t<p class=\"manufacture-product\">\n\t\t\t\t\t\t\t\t\t<a href=\"https:\/\/vww.pt\/index.php?route=product\/manufacturer\/info&amp;manufacturer_id=37\">TH CLOTHES<\/a>\n\t\t\t\t\t\t\t\t<\/p>\t\t\t\t\t\t\t\t<h4 class=\"product-name\"><a href=\"https:\/\/vww.pt\/index.php?route=product\/product&amp;path=25&amp;product_id=840\">Parka Brussels<\/a><\/h4>\t\t\t\t\t\t\t\t\t<p class=\"price\">0.00\u20ac\t\t\t\t\t\t\t\t\t<\/p>\t\t\t\t\t\t\t\t<p class=\"product-des 8\">DESCRI\u00c7\u00c3OParka comprida acolchoada unissexoExterior - 75 g\/m2 \/ Interior - 50 g\/m2 \/ Enchimento - 75 g\/m2Exterior: 300T poli\u00e9ster pongee&amp;nbsp;revestimento | Interior: 100% poli\u00e9ster | Enchimento: 100% poli\u00e9sterFechos \u00e0 prova de \u00e1guaPunhos interiores em rib na mesma corCosturas decorativasCapuz acolc..<\/p>\n\t\t\t\t\t\t\t<\/div>\n                        <\/div>\n                    <\/div>                    <div class=\"product-layout product-list col-xs-12\">\n                        <div class=\"product-thumb\">\n                            <div class=\"image\">\n\t\t\t\t\t\t\t\t<a href=\"https:\/\/vww.pt\/index.php?route=product\/product&amp;path=25&amp;product_id=1198\">\n\t\t\t\t\t\t\t\t\t<img src=\"https:\/\/vww.pt\/image\/cache\/catalog\/catalogo\/TOPTEX\/PARKAS\/PS_K693_DARKGREY-500x666.png\" alt=\"Parka c\/mangas amov\u00edveis \" title=\"Parka c\/mangas amov\u00edveis \" class=\"img-responsive\" \/>\t\t\t\t\t\t\t\t<\/a>\t\t\t\t\t\t\t\t<div class=\"action-links\">\n\t\t\t\t\t\t\t\t\t<button class=\"btn-cart\" type=\"button\" data-toggle=\"tooltip\" title=\"Adicionar ao Pedido\" onclick=\"cart.add('1198', '1')\"><i class=\"ion-bag\"><\/i><span>Adicionar ao Pedido<\/span><\/button>\n\t\t\t\t\t\t\t\t\t<button class=\"btn-wishlist\" type=\"button\" data-toggle=\"tooltip\" title=\"Add \u00e0 Lista de preferencias\" onclick=\"wishlist.add('1198');\"><i class=\"ion-android-favorite-outline\"><\/i><span>Add \u00e0 Lista de preferencias<\/span><\/button>\n\t\t\t\t\t\t\t\t\t<button class=\"btn-compare\" type=\"button\" data-toggle=\"tooltip\" title=\"Comparar\" onclick=\"compare.add('1198');\"><i class=\"ion-android-options\"><\/i><span>Comparar<\/span><\/button>\n\t\t\t\t\t\t\t\t\t<button class=\"btn-quickview\" type=\"button\" data-toggle=\"tooltip\" title=\"Quick View\" onclick=\"ocquickview.ajaxView('https:\/\/vww.pt\/index.php?route=product\/product&amp;path=25&amp;product_id=1198')\"><i class=\"ion-android-open\"><\/i><span>Quick View<\/span><\/button>\n\t\t\t\t\t\t\t\t<\/div>\n\t\t\t\t\t\t\t<\/div>\n\t\t\t\t\t\t\t<div class=\"caption\">\t\t\t\t\t\t\t\t<p class=\"manufacture-product\">\n\t\t\t\t\t\t\t\t\t<a href=\"https:\/\/vww.pt\/index.php?route=product\/manufacturer\/info&amp;manufacturer_id=17\">KARIBAN<\/a>\n\t\t\t\t\t\t\t\t<\/p>\t\t\t\t\t\t\t\t<h4 class=\"product-name\"><a href=\"https:\/\/vww.pt\/index.php?route=product\/product&amp;path=25&amp;product_id=1198\">Parka c\/mangas amov\u00edveis <\/a><\/h4>\t\t\t\t\t\t\t\t\t<p class=\"price\">0.00\u20ac\t\t\t\t\t\t\t\t\t<\/p>\t\t\t\t\t\t\t\t<p class=\"product-des 8\">DESCRI\u00c7\u00c3OExterior: 100% poli\u00e9ster com revestimento PVCInterior: 100% poli\u00e9sterFecho inteiro e molasMangas amov\u00edveisIdeal para fardamento2 bolsos frontais1 bolso interior1 bolso para telem\u00f3velPunhos ajust\u00e1veis com velcroCapuz no interior da golaCord\u00e3o el\u00e1stico de ajuste no c\u00f3sPeso: 475 g\/m\u00b2..<\/p>\n\t\t\t\t\t\t\t<\/div>\n                        <\/div>\n                    <\/div>                    <div class=\"product-layout product-list col-xs-12\">\n                        <div class=\"product-thumb\">\n                            <div class=\"image\">\n\t\t\t\t\t\t\t\t<a href=\"https:\/\/vww.pt\/index.php?route=product\/product&amp;path=25&amp;product_id=1123\">\n\t\t\t\t\t\t\t\t\t<img src=\"https:\/\/vww.pt\/image\/cache\/catalog\/catalogo\/MARCA\/ALTA%20VISIBILIDADE%20-%20HI%20VIS\/288_PFY_Mix.jpg-500x666.png\" alt=\"Parka Combinada Hi-Vis\" title=\"Parka Combinada Hi-Vis\" class=\"img-responsive\" \/>\t\t\t\t\t\t\t\t<\/a>\t\t\t\t\t\t\t\t<div class=\"action-links\">\n\t\t\t\t\t\t\t\t\t<button class=\"btn-cart\" type=\"button\" data-toggle=\"tooltip\" title=\"Adicionar ao Pedido\" onclick=\"cart.add('1123', '1')\"><i class=\"ion-bag\"><\/i><span>Adicionar ao Pedido<\/span><\/button>\n\t\t\t\t\t\t\t\t\t<button class=\"btn-wishlist\" type=\"button\" data-toggle=\"tooltip\" title=\"Add \u00e0 Lista de preferencias\" onclick=\"wishlist.add('1123');\"><i class=\"ion-android-favorite-outline\"><\/i><span>Add \u00e0 Lista de preferencias<\/span><\/button>\n\t\t\t\t\t\t\t\t\t<button class=\"btn-compare\" type=\"button\" data-toggle=\"tooltip\" title=\"Comparar\" onclick=\"compare.add('1123');\"><i class=\"ion-android-options\"><\/i><span>Comparar<\/span><\/button>\n\t\t\t\t\t\t\t\t\t<button class=\"btn-quickview\" type=\"button\" data-toggle=\"tooltip\" title=\"Quick View\" onclick=\"ocquickview.ajaxView('https:\/\/vww.pt\/index.php?route=product\/product&amp;path=25&amp;product_id=1123')\"><i class=\"ion-android-open\"><\/i><span>Quick View<\/span><\/button>\n\t\t\t\t\t\t\t\t<\/div>\n\t\t\t\t\t\t\t<\/div>\n\t\t\t\t\t\t\t<div class=\"caption\">\t\t\t\t\t\t\t\t<p class=\"manufacture-product\">\n\t\t\t\t\t\t\t\t\t<a href=\"https:\/\/vww.pt\/index.php?route=product\/manufacturer\/info&amp;manufacturer_id=32\">MARCA<\/a>\n\t\t\t\t\t\t\t\t<\/p>\t\t\t\t\t\t\t\t<h4 class=\"product-name\"><a href=\"https:\/\/vww.pt\/index.php?route=product\/product&amp;path=25&amp;product_id=1123\">Parka Combinada Hi-Vis<\/a><\/h4>\t\t\t\t\t\t\t\t\t<p class=\"price\">0.00\u20ac\t\t\t\t\t\t\t\t\t<\/p>\t\t\t\t\t\t\t\t<p class=\"product-des 8\">DESCRI\u00c7\u00c3OParka b\u00e1sica com costuras seladas a quenteCapuz ajust\u00e1vel com cord\u00e3o e al\u00e7as que podem ser amarradas com n\u00f32 bolsos inferiores em ambas as frentes com aba1 bolso interior de chapa com boca horizontal localizado \u00e0 esquerda do utilizadorCOMPOSI\u00c7\u00c3OExterior: 100% poli\u00e9ster Oxford 150D \/ PU - 17..<\/p>\n\t\t\t\t\t\t\t<\/div>\n                        <\/div>\n                    <\/div>                    <div class=\"product-layout product-list col-xs-12\">\n                        <div class=\"product-thumb\">\n                            <div class=\"image\">\n\t\t\t\t\t\t\t\t<a href=\"https:\/\/vww.pt\/index.php?route=product\/product&amp;path=25&amp;product_id=1124\">\n\t\t\t\t\t\t\t\t\t<img src=\"https:\/\/vww.pt\/image\/cache\/catalog\/catalogo\/MARCA\/ALTA%20VISIBILIDADE%20-%20HI%20VIS\/parka%20288PKFMIXYFA\/288_PKFY.jpg-500x666.png\" alt=\"Parka Combinada Hi-Vis- triplo uso\" title=\"Parka Combinada Hi-Vis- triplo uso\" class=\"img-responsive\" \/>\t\t\t\t\t\t\t\t<\/a>\t\t\t\t\t\t\t\t<div class=\"action-links\">\n\t\t\t\t\t\t\t\t\t<button class=\"btn-cart\" type=\"button\" data-toggle=\"tooltip\" title=\"Adicionar ao Pedido\" onclick=\"cart.add('1124', '1')\"><i class=\"ion-bag\"><\/i><span>Adicionar ao Pedido<\/span><\/button>\n\t\t\t\t\t\t\t\t\t<button class=\"btn-wishlist\" type=\"button\" data-toggle=\"tooltip\" title=\"Add \u00e0 Lista de preferencias\" onclick=\"wishlist.add('1124');\"><i class=\"ion-android-favorite-outline\"><\/i><span>Add \u00e0 Lista de preferencias<\/span><\/button>\n\t\t\t\t\t\t\t\t\t<button class=\"btn-compare\" type=\"button\" data-toggle=\"tooltip\" title=\"Comparar\" onclick=\"compare.add('1124');\"><i class=\"ion-android-options\"><\/i><span>Comparar<\/span><\/button>\n\t\t\t\t\t\t\t\t\t<button class=\"btn-quickview\" type=\"button\" data-toggle=\"tooltip\" title=\"Quick View\" onclick=\"ocquickview.ajaxView('https:\/\/vww.pt\/index.php?route=product\/product&amp;path=25&amp;product_id=1124')\"><i class=\"ion-android-open\"><\/i><span>Quick View<\/span><\/button>\n\t\t\t\t\t\t\t\t<\/div>\n\t\t\t\t\t\t\t<\/div>\n\t\t\t\t\t\t\t<div class=\"caption\">\t\t\t\t\t\t\t\t<p class=\"manufacture-product\">\n\t\t\t\t\t\t\t\t\t<a href=\"https:\/\/vww.pt\/index.php?route=product\/manufacturer\/info&amp;manufacturer_id=32\">MARCA<\/a>\n\t\t\t\t\t\t\t\t<\/p>\t\t\t\t\t\t\t\t<h4 class=\"product-name\"><a href=\"https:\/\/vww.pt\/index.php?route=product\/product&amp;path=25&amp;product_id=1124\">Parka Combinada Hi-Vis- triplo uso<\/a><\/h4>\t\t\t\t\t\t\t\t\t<p class=\"price\">0.00\u20ac\t\t\t\t\t\t\t\t\t<\/p>\t\t\t\t\t\t\t\t<p class=\"product-des 8\">DESCRI\u00c7\u00c3OParka tripla utiliza\u00e7\u00e3o de alta visibilidade bicolorCosturas seladas termicamenteCapuz ajust\u00e1vel com cord\u00e3o com al\u00e7as que podem ser fixadas com n\u00f3Fixado ao husky por meio de 2 z\u00edperes internos paralelos ao z\u00edper principal2 bolsos na parte inferior de ambas as frentesHusky: 2 bolsos inferior..<\/p>\n\t\t\t\t\t\t\t<\/div>\n                        <\/div>\n                    <\/div>                    <div class=\"product-layout product-list col-xs-12\">\n                        <div class=\"product-thumb\">\n                            <div class=\"image\">\n\t\t\t\t\t\t\t\t<a href=\"https:\/\/vww.pt\/index.php?route=product\/product&amp;path=25&amp;product_id=1385\">\n\t\t\t\t\t\t\t\t\t<img src=\"https:\/\/vww.pt\/image\/cache\/catalog\/catalogo\/PORTWEST\/VESTUaRIO%20TeCNICO--%20OK\/Alta-Visibilidade\/LINHA%20PW\/t400\/T400OBR-larj.prt.jpg-500x666.png\" alt=\"Parka de inverno PW3\" title=\"Parka de inverno PW3\" class=\"img-responsive\" \/>\t\t\t\t\t\t\t\t<\/a>\t\t\t\t\t\t\t\t<div class=\"action-links\">\n\t\t\t\t\t\t\t\t\t<button class=\"btn-cart\" type=\"button\" data-toggle=\"tooltip\" title=\"Adicionar ao Pedido\" onclick=\"cart.add('1385', '1')\"><i class=\"ion-bag\"><\/i><span>Adicionar ao Pedido<\/span><\/button>\n\t\t\t\t\t\t\t\t\t<button class=\"btn-wishlist\" type=\"button\" data-toggle=\"tooltip\" title=\"Add \u00e0 Lista de preferencias\" onclick=\"wishlist.add('1385');\"><i class=\"ion-android-favorite-outline\"><\/i><span>Add \u00e0 Lista de preferencias<\/span><\/button>\n\t\t\t\t\t\t\t\t\t<button class=\"btn-compare\" type=\"button\" data-toggle=\"tooltip\" title=\"Comparar\" onclick=\"compare.add('1385');\"><i class=\"ion-android-options\"><\/i><span>Comparar<\/span><\/button>\n\t\t\t\t\t\t\t\t\t<button class=\"btn-quickview\" type=\"button\" data-toggle=\"tooltip\" title=\"Quick View\" onclick=\"ocquickview.ajaxView('https:\/\/vww.pt\/index.php?route=product\/product&amp;path=25&amp;product_id=1385')\"><i class=\"ion-android-open\"><\/i><span>Quick View<\/span><\/button>\n\t\t\t\t\t\t\t\t<\/div>\n\t\t\t\t\t\t\t<\/div>\n\t\t\t\t\t\t\t<div class=\"caption\">\t\t\t\t\t\t\t\t<p class=\"manufacture-product\">\n\t\t\t\t\t\t\t\t\t<a href=\"https:\/\/vww.pt\/index.php?route=product\/manufacturer\/info&amp;manufacturer_id=23\">PORTWEST<\/a>\n\t\t\t\t\t\t\t\t<\/p>\t\t\t\t\t\t\t\t<h4 class=\"product-name\"><a href=\"https:\/\/vww.pt\/index.php?route=product\/product&amp;path=25&amp;product_id=1385\">Parka de inverno PW3<\/a><\/h4>\t\t\t\t\t\t\t\t\t<p class=\"price\">0.00\u20ac\t\t\t\t\t\t\t\t\t<\/p>\t\t\t\t\t\t\t\t<p class=\"product-des 8\">DESCRI\u00c7\u00c3OImperme\u00e1vel com costuras seladas que impedem a penetra\u00e7\u00e3o de \u00e1gua Acabamento t\u00eaxtil Texpel\u2122 Splash Eco \u00e9 extremamente resistente \u00e0 \u00e1gua e livre de PFASForro Insulatex para refletir o calor de volta ao corpo, garantindo o m\u00e1ximo calor e conforto Prote\u00e7\u00e3o contra frio at\u00e9 -40\u00b0C Costuras com co..<\/p>\n\t\t\t\t\t\t\t<\/div>\n                        <\/div>\n                    <\/div>                    <div class=\"product-layout product-list col-xs-12\">\n                        <div class=\"product-thumb\">\n                            <div class=\"image\">\n\t\t\t\t\t\t\t\t<a href=\"https:\/\/vww.pt\/index.php?route=product\/product&amp;path=25&amp;product_id=1381\">\n\t\t\t\t\t\t\t\t\t<img src=\"https:\/\/vww.pt\/image\/cache\/catalog\/catalogo\/PORTWEST\/VESTUaRIO%20TeCNICO--%20OK\/Alta-Visibilidade\/LINHA%20PW\/PW382YBR.jpg-500x666.png\" alt=\"Parka de inverno PW3 - Mulher\" title=\"Parka de inverno PW3 - Mulher\" class=\"img-responsive\" \/>\t\t\t\t\t\t\t\t<\/a>\t\t\t\t\t\t\t\t<div class=\"action-links\">\n\t\t\t\t\t\t\t\t\t<button class=\"btn-cart\" type=\"button\" data-toggle=\"tooltip\" title=\"Adicionar ao Pedido\" onclick=\"cart.add('1381', '1')\"><i class=\"ion-bag\"><\/i><span>Adicionar ao Pedido<\/span><\/button>\n\t\t\t\t\t\t\t\t\t<button class=\"btn-wishlist\" type=\"button\" data-toggle=\"tooltip\" title=\"Add \u00e0 Lista de preferencias\" onclick=\"wishlist.add('1381');\"><i class=\"ion-android-favorite-outline\"><\/i><span>Add \u00e0 Lista de preferencias<\/span><\/button>\n\t\t\t\t\t\t\t\t\t<button class=\"btn-compare\" type=\"button\" data-toggle=\"tooltip\" title=\"Comparar\" onclick=\"compare.add('1381');\"><i class=\"ion-android-options\"><\/i><span>Comparar<\/span><\/button>\n\t\t\t\t\t\t\t\t\t<button class=\"btn-quickview\" type=\"button\" data-toggle=\"tooltip\" title=\"Quick View\" onclick=\"ocquickview.ajaxView('https:\/\/vww.pt\/index.php?route=product\/product&amp;path=25&amp;product_id=1381')\"><i class=\"ion-android-open\"><\/i><span>Quick View<\/span><\/button>\n\t\t\t\t\t\t\t\t<\/div>\n\t\t\t\t\t\t\t<\/div>\n\t\t\t\t\t\t\t<div class=\"caption\">\t\t\t\t\t\t\t\t<p class=\"manufacture-product\">\n\t\t\t\t\t\t\t\t\t<a href=\"https:\/\/vww.pt\/index.php?route=product\/manufacturer\/info&amp;manufacturer_id=23\">PORTWEST<\/a>\n\t\t\t\t\t\t\t\t<\/p>\t\t\t\t\t\t\t\t<h4 class=\"product-name\"><a href=\"https:\/\/vww.pt\/index.php?route=product\/product&amp;path=25&amp;product_id=1381\">Parka de inverno PW3 - Mulher<\/a><\/h4>\t\t\t\t\t\t\t\t\t<p class=\"price\">0.00\u20ac\t\t\t\t\t\t\t\t\t<\/p>\t\t\t\t\t\t\t\t<p class=\"product-des 8\">DESCRI\u00c7\u00c3OImperme\u00e1vel com costuras seladas que impedem a penetra\u00e7\u00e3o de \u00e1gua Acabamento t\u00eaxtil Texpel\u2122 Splash Eco \u00e9 extremamente resistente \u00e0 \u00e1gua e livre de PFASForro Insulatex para refletir o calor de volta ao corpo, garantindo o m\u00e1ximo calor e conforto Prote\u00e7\u00e3o contra frio at\u00e9 -36\u00b0C Costuras com co..<\/p>\n\t\t\t\t\t\t\t<\/div>\n                        <\/div>\n                    <\/div>                    <div class=\"product-layout product-list col-xs-12\">\n                        <div class=\"product-thumb\">\n                            <div class=\"image\">\n\t\t\t\t\t\t\t\t<a href=\"https:\/\/vww.pt\/index.php?route=product\/product&amp;path=25&amp;product_id=1122\">\n\t\t\t\t\t\t\t\t\t<img src=\"https:\/\/vww.pt\/image\/cache\/catalog\/catalogo\/MARCA\/ALTA%20VISIBILIDADE%20-%20HI%20VIS\/288_PFE.jpg-500x666.png\" alt=\"Parka Hi-Vis\" title=\"Parka Hi-Vis\" class=\"img-responsive\" \/>\t\t\t\t\t\t\t\t<\/a>\t\t\t\t\t\t\t\t<div class=\"action-links\">\n\t\t\t\t\t\t\t\t\t<button class=\"btn-cart\" type=\"button\" data-toggle=\"tooltip\" title=\"Adicionar ao Pedido\" onclick=\"cart.add('1122', '1')\"><i class=\"ion-bag\"><\/i><span>Adicionar ao Pedido<\/span><\/button>\n\t\t\t\t\t\t\t\t\t<button class=\"btn-wishlist\" type=\"button\" data-toggle=\"tooltip\" title=\"Add \u00e0 Lista de preferencias\" onclick=\"wishlist.add('1122');\"><i class=\"ion-android-favorite-outline\"><\/i><span>Add \u00e0 Lista de preferencias<\/span><\/button>\n\t\t\t\t\t\t\t\t\t<button class=\"btn-compare\" type=\"button\" data-toggle=\"tooltip\" title=\"Comparar\" onclick=\"compare.add('1122');\"><i class=\"ion-android-options\"><\/i><span>Comparar<\/span><\/button>\n\t\t\t\t\t\t\t\t\t<button class=\"btn-quickview\" type=\"button\" data-toggle=\"tooltip\" title=\"Quick View\" onclick=\"ocquickview.ajaxView('https:\/\/vww.pt\/index.php?route=product\/product&amp;path=25&amp;product_id=1122')\"><i class=\"ion-android-open\"><\/i><span>Quick View<\/span><\/button>\n\t\t\t\t\t\t\t\t<\/div>\n\t\t\t\t\t\t\t<\/div>\n\t\t\t\t\t\t\t<div class=\"caption\">\t\t\t\t\t\t\t\t<p class=\"manufacture-product\">\n\t\t\t\t\t\t\t\t\t<a href=\"https:\/\/vww.pt\/index.php?route=product\/manufacturer\/info&amp;manufacturer_id=32\">MARCA<\/a>\n\t\t\t\t\t\t\t\t<\/p>\t\t\t\t\t\t\t\t<h4 class=\"product-name\"><a href=\"https:\/\/vww.pt\/index.php?route=product\/product&amp;path=25&amp;product_id=1122\">Parka Hi-Vis<\/a><\/h4>\t\t\t\t\t\t\t\t\t<p class=\"price\">0.00\u20ac\t\t\t\t\t\t\t\t\t<\/p>\t\t\t\t\t\t\t\t<p class=\"product-des 8\">DESCRI\u00c7\u00c3OParka b\u00e1sica com costuras seladas a quenteCapuz ajust\u00e1vel com cord\u00e3o e al\u00e7as que podem ser amarradas com n\u00f32 bolsos inferiores em ambas as frentes com aba1 bolso interior de chapa com boca horizontal localizado \u00e0 esquerda do utilizadorCOMPOSI\u00c7\u00c3OExterior: 100% poli\u00e9ster Oxford 150D \/ PU - 17..<\/p>\n\t\t\t\t\t\t\t<\/div>\n                        <\/div>\n                    <\/div>                    <div class=\"product-layout product-list col-xs-12\">\n                        <div class=\"product-thumb\">\n                            <div class=\"image\">\n\t\t\t\t\t\t\t\t<a href=\"https:\/\/vww.pt\/index.php?route=product\/product&amp;path=25&amp;product_id=1102\">\n\t\t\t\t\t\t\t\t\t<img src=\"https:\/\/vww.pt\/image\/cache\/catalog\/catalogo\/MARCA\/988_PKIA_AE.jpg-500x666.png\" alt=\"Parka ign\u00edfuga\" title=\"Parka ign\u00edfuga\" class=\"img-responsive\" \/>\t\t\t\t\t\t\t\t<\/a>\t\t\t\t\t\t\t\t<div class=\"action-links\">\n\t\t\t\t\t\t\t\t\t<button class=\"btn-cart\" type=\"button\" data-toggle=\"tooltip\" title=\"Adicionar ao Pedido\" onclick=\"cart.add('1102', '1')\"><i class=\"ion-bag\"><\/i><span>Adicionar ao Pedido<\/span><\/button>\n\t\t\t\t\t\t\t\t\t<button class=\"btn-wishlist\" type=\"button\" data-toggle=\"tooltip\" title=\"Add \u00e0 Lista de preferencias\" onclick=\"wishlist.add('1102');\"><i class=\"ion-android-favorite-outline\"><\/i><span>Add \u00e0 Lista de preferencias<\/span><\/button>\n\t\t\t\t\t\t\t\t\t<button class=\"btn-compare\" type=\"button\" data-toggle=\"tooltip\" title=\"Comparar\" onclick=\"compare.add('1102');\"><i class=\"ion-android-options\"><\/i><span>Comparar<\/span><\/button>\n\t\t\t\t\t\t\t\t\t<button class=\"btn-quickview\" type=\"button\" data-toggle=\"tooltip\" title=\"Quick View\" onclick=\"ocquickview.ajaxView('https:\/\/vww.pt\/index.php?route=product\/product&amp;path=25&amp;product_id=1102')\"><i class=\"ion-android-open\"><\/i><span>Quick View<\/span><\/button>\n\t\t\t\t\t\t\t\t<\/div>\n\t\t\t\t\t\t\t<\/div>\n\t\t\t\t\t\t\t<div class=\"caption\">\t\t\t\t\t\t\t\t<p class=\"manufacture-product\">\n\t\t\t\t\t\t\t\t\t<a href=\"https:\/\/vww.pt\/index.php?route=product\/manufacturer\/info&amp;manufacturer_id=32\">MARCA<\/a>\n\t\t\t\t\t\t\t\t<\/p>\t\t\t\t\t\t\t\t<h4 class=\"product-name\"><a href=\"https:\/\/vww.pt\/index.php?route=product\/product&amp;path=25&amp;product_id=1102\">Parka ign\u00edfuga<\/a><\/h4>\t\t\t\t\t\t\t\t\t<p class=\"price\">0.00\u20ac\t\t\t\t\t\t\t\t\t<\/p>\t\t\t\t\t\t\t\t<p class=\"product-des 8\">DESCRI\u00c7\u00c3OExterior de algod\u00e3o 280gProte\u00e7\u00e3o contra o calor, a soldagem e processos afins, tal como prote\u00e7\u00e3o anti est\u00e1tica (evita a forma\u00e7\u00e3o de fa\u00edscas que possam provocar uma deflagra\u00e7\u00e3o)Protege perante o arco el\u00e9tricoNORMAS E CERTEFICA\u00c7\u00d5ESEN 13688..<\/p>\n\t\t\t\t\t\t\t<\/div>\n                        <\/div>\n                    <\/div>                    <div class=\"product-layout product-list col-xs-12\">\n                        <div class=\"product-thumb\">\n                            <div class=\"image\">\n\t\t\t\t\t\t\t\t<a href=\"https:\/\/vww.pt\/index.php?route=product\/product&amp;path=25&amp;product_id=1200\">\n\t\t\t\t\t\t\t\t\t<img src=\"https:\/\/vww.pt\/image\/cache\/catalog\/catalogo\/TOPTEX\/PARKAS\/PS_K6108_SNOWGREY-500x666.png\" alt=\"Parka K6108 - Mulher\" title=\"Parka K6108 - Mulher\" class=\"img-responsive\" \/>\t\t\t\t\t\t\t\t<\/a>\t\t\t\t\t\t\t\t<div class=\"action-links\">\n\t\t\t\t\t\t\t\t\t<button class=\"btn-cart\" type=\"button\" data-toggle=\"tooltip\" title=\"Adicionar ao Pedido\" onclick=\"cart.add('1200', '1')\"><i class=\"ion-bag\"><\/i><span>Adicionar ao Pedido<\/span><\/button>\n\t\t\t\t\t\t\t\t\t<button class=\"btn-wishlist\" type=\"button\" data-toggle=\"tooltip\" title=\"Add \u00e0 Lista de preferencias\" onclick=\"wishlist.add('1200');\"><i class=\"ion-android-favorite-outline\"><\/i><span>Add \u00e0 Lista de preferencias<\/span><\/button>\n\t\t\t\t\t\t\t\t\t<button class=\"btn-compare\" type=\"button\" data-toggle=\"tooltip\" title=\"Comparar\" onclick=\"compare.add('1200');\"><i class=\"ion-android-options\"><\/i><span>Comparar<\/span><\/button>\n\t\t\t\t\t\t\t\t\t<button class=\"btn-quickview\" type=\"button\" data-toggle=\"tooltip\" title=\"Quick View\" onclick=\"ocquickview.ajaxView('https:\/\/vww.pt\/index.php?route=product\/product&amp;path=25&amp;product_id=1200')\"><i class=\"ion-android-open\"><\/i><span>Quick View<\/span><\/button>\n\t\t\t\t\t\t\t\t<\/div>\n\t\t\t\t\t\t\t<\/div>\n\t\t\t\t\t\t\t<div class=\"caption\">\t\t\t\t\t\t\t\t<p class=\"manufacture-product\">\n\t\t\t\t\t\t\t\t\t<a href=\"https:\/\/vww.pt\/index.php?route=product\/manufacturer\/info&amp;manufacturer_id=17\">KARIBAN<\/a>\n\t\t\t\t\t\t\t\t<\/p>\t\t\t\t\t\t\t\t<h4 class=\"product-name\"><a href=\"https:\/\/vww.pt\/index.php?route=product\/product&amp;path=25&amp;product_id=1200\">Parka K6108 - Mulher<\/a><\/h4>\t\t\t\t\t\t\t\t\t<p class=\"price\">0.00\u20ac\t\t\t\t\t\t\t\t\t<\/p>\t\t\t\t\t\t\t\t<p class=\"product-des 8\">DESCRI\u00c7\u00c3OExterior: 100% poli\u00e9ster OxfordInterior: poli\u00e9ster acolchoadoCom fecho e pala com molas invis\u00edveis2 bolsos exteriores com fecho1 bolso interiorCapuz amov\u00edvelGola em forro polar no interiorPeso: 475 g\/m\u00b2..<\/p>\n\t\t\t\t\t\t\t<\/div>\n                        <\/div>\n                    <\/div>                    <div class=\"product-layout product-list col-xs-12\">\n                        <div class=\"product-thumb\">\n                            <div class=\"image\">\n\t\t\t\t\t\t\t\t<a href=\"https:\/\/vww.pt\/index.php?route=product\/product&amp;path=25&amp;product_id=1197\">\n\t\t\t\t\t\t\t\t\t<img src=\"https:\/\/vww.pt\/image\/cache\/catalog\/catalogo\/TOPTEX\/PARKAS\/PS_K677_SNOWGREY-500x666.png\" alt=\"Parka K677\" title=\"Parka K677\" class=\"img-responsive\" \/>\t\t\t\t\t\t\t\t<\/a>\t\t\t\t\t\t\t\t<div class=\"action-links\">\n\t\t\t\t\t\t\t\t\t<button class=\"btn-cart\" type=\"button\" data-toggle=\"tooltip\" title=\"Adicionar ao Pedido\" onclick=\"cart.add('1197', '1')\"><i class=\"ion-bag\"><\/i><span>Adicionar ao Pedido<\/span><\/button>\n\t\t\t\t\t\t\t\t\t<button class=\"btn-wishlist\" type=\"button\" data-toggle=\"tooltip\" title=\"Add \u00e0 Lista de preferencias\" onclick=\"wishlist.add('1197');\"><i class=\"ion-android-favorite-outline\"><\/i><span>Add \u00e0 Lista de preferencias<\/span><\/button>\n\t\t\t\t\t\t\t\t\t<button class=\"btn-compare\" type=\"button\" data-toggle=\"tooltip\" title=\"Comparar\" onclick=\"compare.add('1197');\"><i class=\"ion-android-options\"><\/i><span>Comparar<\/span><\/button>\n\t\t\t\t\t\t\t\t\t<button class=\"btn-quickview\" type=\"button\" data-toggle=\"tooltip\" title=\"Quick View\" onclick=\"ocquickview.ajaxView('https:\/\/vww.pt\/index.php?route=product\/product&amp;path=25&amp;product_id=1197')\"><i class=\"ion-android-open\"><\/i><span>Quick View<\/span><\/button>\n\t\t\t\t\t\t\t\t<\/div>\n\t\t\t\t\t\t\t<\/div>\n\t\t\t\t\t\t\t<div class=\"caption\">\t\t\t\t\t\t\t\t<p class=\"manufacture-product\">\n\t\t\t\t\t\t\t\t\t<a href=\"https:\/\/vww.pt\/index.php?route=product\/manufacturer\/info&amp;manufacturer_id=17\">KARIBAN<\/a>\n\t\t\t\t\t\t\t\t<\/p>\t\t\t\t\t\t\t\t<h4 class=\"product-name\"><a href=\"https:\/\/vww.pt\/index.php?route=product\/product&amp;path=25&amp;product_id=1197\">Parka K677<\/a><\/h4>\t\t\t\t\t\t\t\t\t<p class=\"price\">0.00\u20ac\t\t\t\t\t\t\t\t\t<\/p>\t\t\t\t\t\t\t\t<p class=\"product-des 8\">DESCRI\u00c7\u00c3OExterior: Poli\u00e9ster OxfordRevestimento e interior em poli\u00e9ster2 Bolsos frontais com fecho2 bolsos interiores (1 para telem\u00f3vel com fecho em velcro)Capuz no interior da golaPunhos ajust\u00e1veis com velcroGola em forro polar no interiorFecho de acesso para personaliza\u00e7\u00e3oPeso: 475 g\/m\u00b2..<\/p>\n\t\t\t\t\t\t\t<\/div>\n                        <\/div>\n                    <\/div>                    <div class=\"product-layout product-list col-xs-12\">\n                        <div class=\"product-thumb\">\n                            <div class=\"image\">\n\t\t\t\t\t\t\t\t<a href=\"https:\/\/vww.pt\/index.php?route=product\/product&amp;path=25&amp;product_id=841\">\n\t\t\t\t\t\t\t\t\t<img src=\"https:\/\/vww.pt\/image\/cache\/catalog\/Vestu\u00e1rio%20promocional\/parkas-blus\u00f5es-casacos\/THC-LIUBLIANA%20(2).jpg-500x666.png\" alt=\"Parka Liubliana\" title=\"Parka Liubliana\" class=\"img-responsive\" \/>\t\t\t\t\t\t\t\t<\/a>\t\t\t\t\t\t\t\t<div class=\"action-links\">\n\t\t\t\t\t\t\t\t\t<button class=\"btn-cart\" type=\"button\" data-toggle=\"tooltip\" title=\"Adicionar ao Pedido\" onclick=\"cart.add('841', '1')\"><i class=\"ion-bag\"><\/i><span>Adicionar ao Pedido<\/span><\/button>\n\t\t\t\t\t\t\t\t\t<button class=\"btn-wishlist\" type=\"button\" data-toggle=\"tooltip\" title=\"Add \u00e0 Lista de preferencias\" onclick=\"wishlist.add('841');\"><i class=\"ion-android-favorite-outline\"><\/i><span>Add \u00e0 Lista de preferencias<\/span><\/button>\n\t\t\t\t\t\t\t\t\t<button class=\"btn-compare\" type=\"button\" data-toggle=\"tooltip\" title=\"Comparar\" onclick=\"compare.add('841');\"><i class=\"ion-android-options\"><\/i><span>Comparar<\/span><\/button>\n\t\t\t\t\t\t\t\t\t<button class=\"btn-quickview\" type=\"button\" data-toggle=\"tooltip\" title=\"Quick View\" onclick=\"ocquickview.ajaxView('https:\/\/vww.pt\/index.php?route=product\/product&amp;path=25&amp;product_id=841')\"><i class=\"ion-android-open\"><\/i><span>Quick View<\/span><\/button>\n\t\t\t\t\t\t\t\t<\/div>\n\t\t\t\t\t\t\t<\/div>\n\t\t\t\t\t\t\t<div class=\"caption\">\t\t\t\t\t\t\t\t<p class=\"manufacture-product\">\n\t\t\t\t\t\t\t\t\t<a href=\"https:\/\/vww.pt\/index.php?route=product\/manufacturer\/info&amp;manufacturer_id=37\">TH CLOTHES<\/a>\n\t\t\t\t\t\t\t\t<\/p>\t\t\t\t\t\t\t\t<h4 class=\"product-name\"><a href=\"https:\/\/vww.pt\/index.php?route=product\/product&amp;path=25&amp;product_id=841\">Parka Liubliana<\/a><\/h4>\t\t\t\t\t\t\t\t\t<p class=\"price\">0.00\u20ac\t\t\t\t\t\t\t\t\t<\/p>\t\t\t\t\t\t\t\t<p class=\"product-des 8\">DESCRI\u00c7\u00c3OParka unissexo acolchoada&amp;nbsp;Exterior - 240 g\/m2 \/ Interior - 65 g\/m2 \/ Enchimento - 80 g\/m2Exterior: 100% poli\u00e9ster Ponj\u00e9 240 e revestimento em PVC imperme\u00e1vel | Interior: 100% poli\u00e9ster tafet\u00e1 | Enchimento: 100% poli\u00e9sterGola forrada a malha polar preta que fecha com uma tira de velcroC..<\/p>\n\t\t\t\t\t\t\t<\/div>\n                        <\/div>\n                    <\/div>                    <div class=\"product-layout product-list col-xs-12\">\n                        <div class=\"product-thumb\">\n                            <div class=\"image\">\n\t\t\t\t\t\t\t\t<a href=\"https:\/\/vww.pt\/index.php?route=product\/product&amp;path=25&amp;product_id=624\">\n\t\t\t\t\t\t\t\t\t<img src=\"https:\/\/vww.pt\/image\/cache\/catalog\/catalogo\/PORTWEST\/VESTUaRIO%20TeCNICO--%20OK\/Bombeiros\/FB30_Casaco%20Nomex_PW\/FB30NAR-700x933.jpg-500x666.png\" alt=\"Parka Nomex Bombeiro\" title=\"Parka Nomex Bombeiro\" class=\"img-responsive\" \/>\t\t\t\t\t\t\t\t<\/a>\t\t\t\t\t\t\t\t<div class=\"action-links\">\n\t\t\t\t\t\t\t\t\t<button class=\"btn-cart\" type=\"button\" data-toggle=\"tooltip\" title=\"Adicionar ao Pedido\" onclick=\"cart.add('624', '1')\"><i class=\"ion-bag\"><\/i><span>Adicionar ao Pedido<\/span><\/button>\n\t\t\t\t\t\t\t\t\t<button class=\"btn-wishlist\" type=\"button\" data-toggle=\"tooltip\" title=\"Add \u00e0 Lista de preferencias\" onclick=\"wishlist.add('624');\"><i class=\"ion-android-favorite-outline\"><\/i><span>Add \u00e0 Lista de preferencias<\/span><\/button>\n\t\t\t\t\t\t\t\t\t<button class=\"btn-compare\" type=\"button\" data-toggle=\"tooltip\" title=\"Comparar\" onclick=\"compare.add('624');\"><i class=\"ion-android-options\"><\/i><span>Comparar<\/span><\/button>\n\t\t\t\t\t\t\t\t\t<button class=\"btn-quickview\" type=\"button\" data-toggle=\"tooltip\" title=\"Quick View\" onclick=\"ocquickview.ajaxView('https:\/\/vww.pt\/index.php?route=product\/product&amp;path=25&amp;product_id=624')\"><i class=\"ion-android-open\"><\/i><span>Quick View<\/span><\/button>\n\t\t\t\t\t\t\t\t<\/div>\n\t\t\t\t\t\t\t<\/div>\n\t\t\t\t\t\t\t<div class=\"caption\">\t\t\t\t\t\t\t\t<p class=\"manufacture-product\">\n\t\t\t\t\t\t\t\t\t<a href=\"https:\/\/vww.pt\/index.php?route=product\/manufacturer\/info&amp;manufacturer_id=23\">PORTWEST<\/a>\n\t\t\t\t\t\t\t\t<\/p>\t\t\t\t\t\t\t\t<h4 class=\"product-name\"><a href=\"https:\/\/vww.pt\/index.php?route=product\/product&amp;path=25&amp;product_id=624\">Parka Nomex Bombeiro<\/a><\/h4>\t\t\t\t\t\t\t\t\t<p class=\"price\">0.00\u20ac\t\t\t\t\t\t\t\t\t<\/p>\t\t\t\t\t\t\t\t<p class=\"product-des 8\">DESCRI\u00c7\u00c3OO Casaco FB30 \u00e9 fabricado usando o tecido resistente de alta performance&amp;nbsp;Nomex\u00ae \/ Lenzing\u00ae FR ViscoseProte\u00e7\u00e3o contra calor de contato, radiante e convectivoImperme\u00e1vel e respir\u00e1vel com costuras t\u00e9rmicas para evitar a penetra\u00e7\u00e3o da \u00e1guaBolsos avan\u00e7ados com fechos de velcroBolso de r\u00e1dio..<\/p>\n\t\t\t\t\t\t\t<\/div>\n                        <\/div>\n                    <\/div>                    <div class=\"product-layout product-list col-xs-12\">\n                        <div class=\"product-thumb\">\n                            <div class=\"image\">\n\t\t\t\t\t\t\t\t<a href=\"https:\/\/vww.pt\/index.php?route=product\/product&amp;path=25&amp;product_id=1240\">\n\t\t\t\t\t\t\t\t\t<img src=\"https:\/\/vww.pt\/image\/cache\/catalog\/catalogo\/TOPTEX\/SOFTSHELL'S\/PS_K650_DARKROYALBLUE-500x666.png\" alt=\"Parka Softshell acolchoada c\/ capuz\" title=\"Parka Softshell acolchoada c\/ capuz\" class=\"img-responsive\" \/>\t\t\t\t\t\t\t\t<\/a>\t\t\t\t\t\t\t\t<div class=\"action-links\">\n\t\t\t\t\t\t\t\t\t<button class=\"btn-cart\" type=\"button\" data-toggle=\"tooltip\" title=\"Adicionar ao Pedido\" onclick=\"cart.add('1240', '1')\"><i class=\"ion-bag\"><\/i><span>Adicionar ao Pedido<\/span><\/button>\n\t\t\t\t\t\t\t\t\t<button class=\"btn-wishlist\" type=\"button\" data-toggle=\"tooltip\" title=\"Add \u00e0 Lista de preferencias\" onclick=\"wishlist.add('1240');\"><i class=\"ion-android-favorite-outline\"><\/i><span>Add \u00e0 Lista de preferencias<\/span><\/button>\n\t\t\t\t\t\t\t\t\t<button class=\"btn-compare\" type=\"button\" data-toggle=\"tooltip\" title=\"Comparar\" onclick=\"compare.add('1240');\"><i class=\"ion-android-options\"><\/i><span>Comparar<\/span><\/button>\n\t\t\t\t\t\t\t\t\t<button class=\"btn-quickview\" type=\"button\" data-toggle=\"tooltip\" title=\"Quick View\" onclick=\"ocquickview.ajaxView('https:\/\/vww.pt\/index.php?route=product\/product&amp;path=25&amp;product_id=1240')\"><i class=\"ion-android-open\"><\/i><span>Quick View<\/span><\/button>\n\t\t\t\t\t\t\t\t<\/div>\n\t\t\t\t\t\t\t<\/div>\n\t\t\t\t\t\t\t<div class=\"caption\">\t\t\t\t\t\t\t\t<p class=\"manufacture-product\">\n\t\t\t\t\t\t\t\t\t<a href=\"https:\/\/vww.pt\/index.php?route=product\/manufacturer\/info&amp;manufacturer_id=17\">KARIBAN<\/a>\n\t\t\t\t\t\t\t\t<\/p>\t\t\t\t\t\t\t\t<h4 class=\"product-name\"><a href=\"https:\/\/vww.pt\/index.php?route=product\/product&amp;path=25&amp;product_id=1240\">Parka Softshell acolchoada c\/ capuz<\/a><\/h4>\t\t\t\t\t\t\t\t\t<p class=\"price\">0.00\u20ac\t\t\t\t\t\t\t\t\t<\/p>\t\t\t\t\t\t\t\t<p class=\"product-des 8\">DESCRI\u00c7\u00c3OTecido termocolado com 3 camadas respir\u00e1velRespir\u00e1vel at\u00e9 3000 g\/m\u00b2Tecido respir\u00e1vel&amp;nbsp;e resistente \u00e0 \u00e1gua at\u00e9 8000 mmExterior: 95% poli\u00e9ster \/ 5% elastano com membrana interm\u00e9dia respir\u00e1vel e interior em micropolarCamada interm\u00e9dia: membrana respir\u00e1velCamada interior: micropolarTecido q..<\/p>\n\t\t\t\t\t\t\t<\/div>\n                        <\/div>\n                    <\/div>                    <div class=\"product-layout product-list col-xs-12\">\n                        <div class=\"product-thumb\">\n                            <div class=\"image\">\n\t\t\t\t\t\t\t\t<a href=\"https:\/\/vww.pt\/index.php?route=product\/product&amp;path=25&amp;product_id=1241\">\n\t\t\t\t\t\t\t\t\t<img src=\"https:\/\/vww.pt\/image\/cache\/catalog\/catalogo\/TOPTEX\/SOFTSHELL'S\/PS_K651_DARKROYALBLUE-500x666.png\" alt=\"Parka Softshell acolchoada c\/ capuz - Mulher\" title=\"Parka Softshell acolchoada c\/ capuz - Mulher\" class=\"img-responsive\" \/>\t\t\t\t\t\t\t\t<\/a>\t\t\t\t\t\t\t\t<div class=\"action-links\">\n\t\t\t\t\t\t\t\t\t<button class=\"btn-cart\" type=\"button\" data-toggle=\"tooltip\" title=\"Adicionar ao Pedido\" onclick=\"cart.add('1241', '1')\"><i class=\"ion-bag\"><\/i><span>Adicionar ao Pedido<\/span><\/button>\n\t\t\t\t\t\t\t\t\t<button class=\"btn-wishlist\" type=\"button\" data-toggle=\"tooltip\" title=\"Add \u00e0 Lista de preferencias\" onclick=\"wishlist.add('1241');\"><i class=\"ion-android-favorite-outline\"><\/i><span>Add \u00e0 Lista de preferencias<\/span><\/button>\n\t\t\t\t\t\t\t\t\t<button class=\"btn-compare\" type=\"button\" data-toggle=\"tooltip\" title=\"Comparar\" onclick=\"compare.add('1241');\"><i class=\"ion-android-options\"><\/i><span>Comparar<\/span><\/button>\n\t\t\t\t\t\t\t\t\t<button class=\"btn-quickview\" type=\"button\" data-toggle=\"tooltip\" title=\"Quick View\" onclick=\"ocquickview.ajaxView('https:\/\/vww.pt\/index.php?route=product\/product&amp;path=25&amp;product_id=1241')\"><i class=\"ion-android-open\"><\/i><span>Quick View<\/span><\/button>\n\t\t\t\t\t\t\t\t<\/div>\n\t\t\t\t\t\t\t<\/div>\n\t\t\t\t\t\t\t<div class=\"caption\">\t\t\t\t\t\t\t\t<p class=\"manufacture-product\">\n\t\t\t\t\t\t\t\t\t<a href=\"https:\/\/vww.pt\/index.php?route=product\/manufacturer\/info&amp;manufacturer_id=17\">KARIBAN<\/a>\n\t\t\t\t\t\t\t\t<\/p>\t\t\t\t\t\t\t\t<h4 class=\"product-name\"><a href=\"https:\/\/vww.pt\/index.php?route=product\/product&amp;path=25&amp;product_id=1241\">Parka Softshell acolchoada c\/ capuz - Mulher<\/a><\/h4>\t\t\t\t\t\t\t\t\t<p class=\"price\">0.00\u20ac\t\t\t\t\t\t\t\t\t<\/p>\t\t\t\t\t\t\t\t<p class=\"product-des 8\">DESCRI\u00c7\u00c3OTecido termocolado com 3 camadas respir\u00e1velRespir\u00e1vel at\u00e9 3000 g\/m\u00b2Tecido respir\u00e1vel&amp;nbsp;e resistente \u00e0 \u00e1gua at\u00e9 8000 mmExterior: 95% poli\u00e9ster \/ 5% elastano com membrana interm\u00e9dia respir\u00e1vel e interior em micropolarCamada interm\u00e9dia: membrana respir\u00e1velCamada interior: micropolar&amp;nbsp;Fo..<\/p>\n\t\t\t\t\t\t\t<\/div>\n                        <\/div>\n                    <\/div>                    <div class=\"product-layout product-list col-xs-12\">\n                        <div class=\"product-thumb\">\n                            <div class=\"image\">\n\t\t\t\t\t\t\t\t<a href=\"https:\/\/vww.pt\/index.php?route=product\/product&amp;path=25&amp;product_id=1291\">\n\t\t\t\t\t\t\t\t\t<img src=\"https:\/\/vww.pt\/image\/cache\/catalog\/catalogo\/VALENTO\/balaclava\/Balaclava%20FOREST-2.jpg-500x666.png\" alt=\"Passa montanhas forest\" title=\"Passa montanhas forest\" class=\"img-responsive\" \/>\t\t\t\t\t\t\t\t<\/a>\t\t\t\t\t\t\t\t<div class=\"action-links\">\n\t\t\t\t\t\t\t\t\t<button class=\"btn-cart\" type=\"button\" data-toggle=\"tooltip\" title=\"Adicionar ao Pedido\" onclick=\"cart.add('1291', '1')\"><i class=\"ion-bag\"><\/i><span>Adicionar ao Pedido<\/span><\/button>\n\t\t\t\t\t\t\t\t\t<button class=\"btn-wishlist\" type=\"button\" data-toggle=\"tooltip\" title=\"Add \u00e0 Lista de preferencias\" onclick=\"wishlist.add('1291');\"><i class=\"ion-android-favorite-outline\"><\/i><span>Add \u00e0 Lista de preferencias<\/span><\/button>\n\t\t\t\t\t\t\t\t\t<button class=\"btn-compare\" type=\"button\" data-toggle=\"tooltip\" title=\"Comparar\" onclick=\"compare.add('1291');\"><i class=\"ion-android-options\"><\/i><span>Comparar<\/span><\/button>\n\t\t\t\t\t\t\t\t\t<button class=\"btn-quickview\" type=\"button\" data-toggle=\"tooltip\" title=\"Quick View\" onclick=\"ocquickview.ajaxView('https:\/\/vww.pt\/index.php?route=product\/product&amp;path=25&amp;product_id=1291')\"><i class=\"ion-android-open\"><\/i><span>Quick View<\/span><\/button>\n\t\t\t\t\t\t\t\t<\/div>\n\t\t\t\t\t\t\t<\/div>\n\t\t\t\t\t\t\t<div class=\"caption\">\t\t\t\t\t\t\t\t<p class=\"manufacture-product\">\n\t\t\t\t\t\t\t\t\t<a href=\"https:\/\/vww.pt\/index.php?route=product\/manufacturer\/info&amp;manufacturer_id=33\">VALENTO<\/a>\n\t\t\t\t\t\t\t\t<\/p>\t\t\t\t\t\t\t\t<h4 class=\"product-name\"><a href=\"https:\/\/vww.pt\/index.php?route=product\/product&amp;path=25&amp;product_id=1291\">Passa montanhas forest<\/a><\/h4>\t\t\t\t\t\t\t\t\t<p class=\"price\">0.00\u20ac\t\t\t\t\t\t\t\t\t<\/p>\t\t\t\t\t\t\t\t<p class=\"product-des 8\">DESCRI\u00c7\u00c3OConfeccionada em tecido tric\u00f4 grosso&amp;nbsp;100% acr\u00edlico&amp;nbsp;com alta reten\u00e7\u00e3o t\u00e9rmicaAbertura para olhos e nariz e viseira r\u00edgida para melhor apoio no rostoM\u00e9todos de marca\u00e7\u00e3o adequados: bordado, costuraCOMPOSI\u00c7\u00c3O100% Acr\u00edlicoPeso: 400&amp;nbsp;g\/m\u00b2..<\/p>\n\t\t\t\t\t\t\t<\/div>\n                        <\/div>\n                    <\/div>                    <div class=\"product-layout product-list col-xs-12\">\n                        <div class=\"product-thumb\">\n                            <div class=\"image\">\n\t\t\t\t\t\t\t\t<a href=\"https:\/\/vww.pt\/index.php?route=product\/product&amp;path=25&amp;product_id=1077\">\n\t\t\t\t\t\t\t\t\t<img src=\"https:\/\/vww.pt\/image\/cache\/catalog\/catalogo\/FARU\/VESTU\u00c1RIO%20ALUMINIZADO\/c811-500x666.png\" alt=\"Polainas em fibra aram\u00eddica aluminizada\" title=\"Polainas em fibra aram\u00eddica aluminizada\" class=\"img-responsive\" \/>\t\t\t\t\t\t\t\t<\/a>\t\t\t\t\t\t\t\t<div class=\"action-links\">\n\t\t\t\t\t\t\t\t\t<button class=\"btn-cart\" type=\"button\" data-toggle=\"tooltip\" title=\"Adicionar ao Pedido\" onclick=\"cart.add('1077', '1')\"><i class=\"ion-bag\"><\/i><span>Adicionar ao Pedido<\/span><\/button>\n\t\t\t\t\t\t\t\t\t<button class=\"btn-wishlist\" type=\"button\" data-toggle=\"tooltip\" title=\"Add \u00e0 Lista de preferencias\" onclick=\"wishlist.add('1077');\"><i class=\"ion-android-favorite-outline\"><\/i><span>Add \u00e0 Lista de preferencias<\/span><\/button>\n\t\t\t\t\t\t\t\t\t<button class=\"btn-compare\" type=\"button\" data-toggle=\"tooltip\" title=\"Comparar\" onclick=\"compare.add('1077');\"><i class=\"ion-android-options\"><\/i><span>Comparar<\/span><\/button>\n\t\t\t\t\t\t\t\t\t<button class=\"btn-quickview\" type=\"button\" data-toggle=\"tooltip\" title=\"Quick View\" onclick=\"ocquickview.ajaxView('https:\/\/vww.pt\/index.php?route=product\/product&amp;path=25&amp;product_id=1077')\"><i class=\"ion-android-open\"><\/i><span>Quick View<\/span><\/button>\n\t\t\t\t\t\t\t\t<\/div>\n\t\t\t\t\t\t\t<\/div>\n\t\t\t\t\t\t\t<div class=\"caption\">\t\t\t\t\t\t\t\t<p class=\"manufacture-product\">\n\t\t\t\t\t\t\t\t\t<a href=\"https:\/\/vww.pt\/index.php?route=product\/manufacturer\/info&amp;manufacturer_id=11\">FARU<\/a>\n\t\t\t\t\t\t\t\t<\/p>\t\t\t\t\t\t\t\t<h4 class=\"product-name\"><a href=\"https:\/\/vww.pt\/index.php?route=product\/product&amp;path=25&amp;product_id=1077\">Polainas em fibra aram\u00eddica aluminizada<\/a><\/h4>\t\t\t\t\t\t\t\t\t<p class=\"price\">0.00\u20ac\t\t\t\t\t\t\t\t\t<\/p>\t\t\t\t\t\t\t\t<p class=\"product-des 8\">DESCRI\u00c7\u00c3OPolainas com fecho de velcro e fibra aram\u00eddica aluminizadaTrabalhos de soldagem, para prote\u00e7\u00e3o da parte inferior da perna, da parte inferior ao p\u00e9, ajust\u00e1vel por meio de fita de velcro ao longo da panturrilha ou haste da polaina e no p\u00e9 por meio de el\u00e1sticoAs vestimentas anti-calor n\u00e3o s\u00e3o ..<\/p>\n\t\t\t\t\t\t\t<\/div>\n                        <\/div>\n                    <\/div>                    <div class=\"product-layout product-list col-xs-12\">\n                        <div class=\"product-thumb\">\n                            <div class=\"image\">\n\t\t\t\t\t\t\t\t<a href=\"https:\/\/vww.pt\/index.php?route=product\/product&amp;path=25&amp;product_id=1087\">\n\t\t\t\t\t\t\t\t\t<img src=\"https:\/\/vww.pt\/image\/cache\/catalog\/catalogo\/vww\/vest.%20soldador\/Polinitosdesoldadoremcrute.jpg-500x666.png\" alt=\"Polainitos em crute\" title=\"Polainitos em crute\" class=\"img-responsive\" \/>\t\t\t\t\t\t\t\t<\/a>\t\t\t\t\t\t\t\t<div class=\"action-links\">\n\t\t\t\t\t\t\t\t\t<button class=\"btn-cart\" type=\"button\" data-toggle=\"tooltip\" title=\"Adicionar ao Pedido\" onclick=\"cart.add('1087', '1')\"><i class=\"ion-bag\"><\/i><span>Adicionar ao Pedido<\/span><\/button>\n\t\t\t\t\t\t\t\t\t<button class=\"btn-wishlist\" type=\"button\" data-toggle=\"tooltip\" title=\"Add \u00e0 Lista de preferencias\" onclick=\"wishlist.add('1087');\"><i class=\"ion-android-favorite-outline\"><\/i><span>Add \u00e0 Lista de preferencias<\/span><\/button>\n\t\t\t\t\t\t\t\t\t<button class=\"btn-compare\" type=\"button\" data-toggle=\"tooltip\" title=\"Comparar\" onclick=\"compare.add('1087');\"><i class=\"ion-android-options\"><\/i><span>Comparar<\/span><\/button>\n\t\t\t\t\t\t\t\t\t<button class=\"btn-quickview\" type=\"button\" data-toggle=\"tooltip\" title=\"Quick View\" onclick=\"ocquickview.ajaxView('https:\/\/vww.pt\/index.php?route=product\/product&amp;path=25&amp;product_id=1087')\"><i class=\"ion-android-open\"><\/i><span>Quick View<\/span><\/button>\n\t\t\t\t\t\t\t\t<\/div>\n\t\t\t\t\t\t\t<\/div>\n\t\t\t\t\t\t\t<div class=\"caption\">\t\t\t\t\t\t\t\t<p class=\"manufacture-product\">\n\t\t\t\t\t\t\t\t\t<a href=\"https:\/\/vww.pt\/index.php?route=product\/manufacturer\/info&amp;manufacturer_id=28\">VWW<\/a>\n\t\t\t\t\t\t\t\t<\/p>\t\t\t\t\t\t\t\t<h4 class=\"product-name\"><a href=\"https:\/\/vww.pt\/index.php?route=product\/product&amp;path=25&amp;product_id=1087\">Polainitos em crute<\/a><\/h4>\t\t\t\t\t\t\t\t\t<p class=\"price\">0.00\u20ac\t\t\t\t\t\t\t\t\t<\/p>\t\t\t\t\t\t\t\t<p class=\"product-des 8\">DESCRI\u00c7\u00c3OCrute de vaca naturalAperto em VelcroTamanho \u00fanicoAPLICA\u00c7\u00d5ES A UTILIZARCarpintariaSerralhariaSoldaduraTrabalhos Industriais PesadosNORMAS E CONFORMIDADESEN 340EN 420..<\/p>\n\t\t\t\t\t\t\t<\/div>\n                        <\/div>\n                    <\/div>                    <div class=\"product-layout product-list col-xs-12\">\n                        <div class=\"product-thumb\">\n                            <div class=\"image\">\n\t\t\t\t\t\t\t\t<a href=\"https:\/\/vww.pt\/index.php?route=product\/product&amp;path=25&amp;product_id=1311\">\n\t\t\t\t\t\t\t\t\t<img src=\"https:\/\/vww.pt\/image\/cache\/catalog\/catalogo\/VALENTO\/Dakota%20Polar_Valento\/Forro%20polar%20DAKOTA.jpg-500x666.png\" alt=\"Polar Dakota\" title=\"Polar Dakota\" class=\"img-responsive\" \/>\t\t\t\t\t\t\t\t<\/a>\t\t\t\t\t\t\t\t<div class=\"action-links\">\n\t\t\t\t\t\t\t\t\t<button class=\"btn-cart\" type=\"button\" data-toggle=\"tooltip\" title=\"Adicionar ao Pedido\" onclick=\"cart.add('1311', '1')\"><i class=\"ion-bag\"><\/i><span>Adicionar ao Pedido<\/span><\/button>\n\t\t\t\t\t\t\t\t\t<button class=\"btn-wishlist\" type=\"button\" data-toggle=\"tooltip\" title=\"Add \u00e0 Lista de preferencias\" onclick=\"wishlist.add('1311');\"><i class=\"ion-android-favorite-outline\"><\/i><span>Add \u00e0 Lista de preferencias<\/span><\/button>\n\t\t\t\t\t\t\t\t\t<button class=\"btn-compare\" type=\"button\" data-toggle=\"tooltip\" title=\"Comparar\" onclick=\"compare.add('1311');\"><i class=\"ion-android-options\"><\/i><span>Comparar<\/span><\/button>\n\t\t\t\t\t\t\t\t\t<button class=\"btn-quickview\" type=\"button\" data-toggle=\"tooltip\" title=\"Quick View\" onclick=\"ocquickview.ajaxView('https:\/\/vww.pt\/index.php?route=product\/product&amp;path=25&amp;product_id=1311')\"><i class=\"ion-android-open\"><\/i><span>Quick View<\/span><\/button>\n\t\t\t\t\t\t\t\t<\/div>\n\t\t\t\t\t\t\t<\/div>\n\t\t\t\t\t\t\t<div class=\"caption\">\t\t\t\t\t\t\t\t<p class=\"manufacture-product\">\n\t\t\t\t\t\t\t\t\t<a href=\"https:\/\/vww.pt\/index.php?route=product\/manufacturer\/info&amp;manufacturer_id=33\">VALENTO<\/a>\n\t\t\t\t\t\t\t\t<\/p>\t\t\t\t\t\t\t\t<h4 class=\"product-name\"><a href=\"https:\/\/vww.pt\/index.php?route=product\/product&amp;path=25&amp;product_id=1311\">Polar Dakota<\/a><\/h4>\t\t\t\t\t\t\t\t\t<p class=\"price\">0.00\u20ac\t\t\t\t\t\t\t\t\t<\/p>\t\t\t\t\t\t\t\t<p class=\"product-des 8\">DESCRI\u00c7\u00c3OConfecionado em tecido de micropolar denso com&amp;nbsp;anti-pilling&amp;nbsp;no exterior e cardado no interiorGola de dupla camada com&amp;nbsp;fecho de correr completo&amp;nbsp;para maior calor e conforto, fita interior na gola e refor\u00e7o semi-circular nas costasPunhos com el\u00e1stico franzido e cintura reta..<\/p>\n\t\t\t\t\t\t\t<\/div>\n                        <\/div>\n                    <\/div>                    <div class=\"product-layout product-list col-xs-12\">\n                        <div class=\"product-thumb\">\n                            <div class=\"image\">\n\t\t\t\t\t\t\t\t<a href=\"https:\/\/vww.pt\/index.php?route=product\/product&amp;path=25&amp;product_id=843\">\n\t\t\t\t\t\t\t\t\t<img src=\"https:\/\/vww.pt\/image\/cache\/catalog\/Vestu\u00e1rio%20promocional\/Polares\/GAMA-AZUL.jpg-500x666.png\" alt=\"Polar Gama\" title=\"Polar Gama\" class=\"img-responsive\" \/>\t\t\t\t\t\t\t\t<\/a>\t\t\t\t\t\t\t\t<div class=\"action-links\">\n\t\t\t\t\t\t\t\t\t<button class=\"btn-cart\" type=\"button\" data-toggle=\"tooltip\" title=\"Adicionar ao Pedido\" onclick=\"cart.add('843', '1')\"><i class=\"ion-bag\"><\/i><span>Adicionar ao Pedido<\/span><\/button>\n\t\t\t\t\t\t\t\t\t<button class=\"btn-wishlist\" type=\"button\" data-toggle=\"tooltip\" title=\"Add \u00e0 Lista de preferencias\" onclick=\"wishlist.add('843');\"><i class=\"ion-android-favorite-outline\"><\/i><span>Add \u00e0 Lista de preferencias<\/span><\/button>\n\t\t\t\t\t\t\t\t\t<button class=\"btn-compare\" type=\"button\" data-toggle=\"tooltip\" title=\"Comparar\" onclick=\"compare.add('843');\"><i class=\"ion-android-options\"><\/i><span>Comparar<\/span><\/button>\n\t\t\t\t\t\t\t\t\t<button class=\"btn-quickview\" type=\"button\" data-toggle=\"tooltip\" title=\"Quick View\" onclick=\"ocquickview.ajaxView('https:\/\/vww.pt\/index.php?route=product\/product&amp;path=25&amp;product_id=843')\"><i class=\"ion-android-open\"><\/i><span>Quick View<\/span><\/button>\n\t\t\t\t\t\t\t\t<\/div>\n\t\t\t\t\t\t\t<\/div>\n\t\t\t\t\t\t\t<div class=\"caption\">\t\t\t\t\t\t\t\t<p class=\"manufacture-product\">\n\t\t\t\t\t\t\t\t\t<a href=\"https:\/\/vww.pt\/index.php?route=product\/manufacturer\/info&amp;manufacturer_id=37\">TH CLOTHES<\/a>\n\t\t\t\t\t\t\t\t<\/p>\t\t\t\t\t\t\t\t<h4 class=\"product-name\"><a href=\"https:\/\/vww.pt\/index.php?route=product\/product&amp;path=25&amp;product_id=843\">Polar Gama<\/a><\/h4>\t\t\t\t\t\t\t\t\t<p class=\"price\">0.00\u20ac\t\t\t\t\t\t\t\t\t<\/p>\t\t\t\t\t\t\t\t<p class=\"product-des 8\">DESCRI\u00c7\u00c3OCasaco em malha polar para homem - 300 g\/m2Malha polar 100% poli\u00e9ster100% poli\u00e9ster de alta densidade&amp;nbsp;2 bolsos laterais com fechos e palaFecho YKK de correr \u00e0 cor e com puxadorRefor\u00e7o em meia lua no topo das costasCord\u00e3o de aperto el\u00e1stico na parte inferior do artigoFita de refor\u00e7o no ..<\/p>\n\t\t\t\t\t\t\t<\/div>\n                        <\/div>\n                    <\/div>                    <div class=\"product-layout product-list col-xs-12\">\n                        <div class=\"product-thumb\">\n                            <div class=\"image\">\n\t\t\t\t\t\t\t\t<a href=\"https:\/\/vww.pt\/index.php?route=product\/product&amp;path=25&amp;product_id=842\">\n\t\t\t\t\t\t\t\t\t<img src=\"https:\/\/vww.pt\/image\/cache\/catalog\/Vestu\u00e1rio%20promocional\/Polares\/GAMA-WOMEN-AZUL.jpg-500x666.png\" alt=\"Polar Gama - Mulher\" title=\"Polar Gama - Mulher\" class=\"img-responsive\" \/>\t\t\t\t\t\t\t\t<\/a>\t\t\t\t\t\t\t\t<div class=\"action-links\">\n\t\t\t\t\t\t\t\t\t<button class=\"btn-cart\" type=\"button\" data-toggle=\"tooltip\" title=\"Adicionar ao Pedido\" onclick=\"cart.add('842', '1')\"><i class=\"ion-bag\"><\/i><span>Adicionar ao Pedido<\/span><\/button>\n\t\t\t\t\t\t\t\t\t<button class=\"btn-wishlist\" type=\"button\" data-toggle=\"tooltip\" title=\"Add \u00e0 Lista de preferencias\" onclick=\"wishlist.add('842');\"><i class=\"ion-android-favorite-outline\"><\/i><span>Add \u00e0 Lista de preferencias<\/span><\/button>\n\t\t\t\t\t\t\t\t\t<button class=\"btn-compare\" type=\"button\" data-toggle=\"tooltip\" title=\"Comparar\" onclick=\"compare.add('842');\"><i class=\"ion-android-options\"><\/i><span>Comparar<\/span><\/button>\n\t\t\t\t\t\t\t\t\t<button class=\"btn-quickview\" type=\"button\" data-toggle=\"tooltip\" title=\"Quick View\" onclick=\"ocquickview.ajaxView('https:\/\/vww.pt\/index.php?route=product\/product&amp;path=25&amp;product_id=842')\"><i class=\"ion-android-open\"><\/i><span>Quick View<\/span><\/button>\n\t\t\t\t\t\t\t\t<\/div>\n\t\t\t\t\t\t\t<\/div>\n\t\t\t\t\t\t\t<div class=\"caption\">\t\t\t\t\t\t\t\t<p class=\"manufacture-product\">\n\t\t\t\t\t\t\t\t\t<a href=\"https:\/\/vww.pt\/index.php?route=product\/manufacturer\/info&amp;manufacturer_id=37\">TH CLOTHES<\/a>\n\t\t\t\t\t\t\t\t<\/p>\t\t\t\t\t\t\t\t<h4 class=\"product-name\"><a href=\"https:\/\/vww.pt\/index.php?route=product\/product&amp;path=25&amp;product_id=842\">Polar Gama - Mulher<\/a><\/h4>\t\t\t\t\t\t\t\t\t<p class=\"price\">0.00\u20ac\t\t\t\t\t\t\t\t\t<\/p>\t\t\t\t\t\t\t\t<p class=\"product-des 8\">DESCRI\u00c7\u00c3OCasaco em malha polar para senhora - 300 g\/m2Malha polar 100% poli\u00e9ster100% poli\u00e9ster de alta densidade&amp;nbsp;2 bolsos laterais com fechos e palaFecho YKK de correr \u00e0 cor e com puxadorRefor\u00e7o em meia lua no topo das costas2 bolsos exteriores com fecho e palaCord\u00e3o de aperto el\u00e1stico na parte..<\/p>\n\t\t\t\t\t\t\t<\/div>\n                        <\/div>\n                    <\/div>                    <div class=\"product-layout product-list col-xs-12\">\n                        <div class=\"product-thumb\">\n                            <div class=\"image\">\n\t\t\t\t\t\t\t\t<a href=\"https:\/\/vww.pt\/index.php?route=product\/product&amp;path=25&amp;product_id=845\">\n\t\t\t\t\t\t\t\t\t<img src=\"https:\/\/vww.pt\/image\/cache\/catalog\/Vestu\u00e1rio%20promocional\/Polares\/helsinki-azul-500x666.png\" alt=\"Polar Helsinki\" title=\"Polar Helsinki\" class=\"img-responsive\" \/>\t\t\t\t\t\t\t\t<\/a>\t\t\t\t\t\t\t\t<div class=\"action-links\">\n\t\t\t\t\t\t\t\t\t<button class=\"btn-cart\" type=\"button\" data-toggle=\"tooltip\" title=\"Adicionar ao Pedido\" onclick=\"cart.add('845', '1')\"><i class=\"ion-bag\"><\/i><span>Adicionar ao Pedido<\/span><\/button>\n\t\t\t\t\t\t\t\t\t<button class=\"btn-wishlist\" type=\"button\" data-toggle=\"tooltip\" title=\"Add \u00e0 Lista de preferencias\" onclick=\"wishlist.add('845');\"><i class=\"ion-android-favorite-outline\"><\/i><span>Add \u00e0 Lista de preferencias<\/span><\/button>\n\t\t\t\t\t\t\t\t\t<button class=\"btn-compare\" type=\"button\" data-toggle=\"tooltip\" title=\"Comparar\" onclick=\"compare.add('845');\"><i class=\"ion-android-options\"><\/i><span>Comparar<\/span><\/button>\n\t\t\t\t\t\t\t\t\t<button class=\"btn-quickview\" type=\"button\" data-toggle=\"tooltip\" title=\"Quick View\" onclick=\"ocquickview.ajaxView('https:\/\/vww.pt\/index.php?route=product\/product&amp;path=25&amp;product_id=845')\"><i class=\"ion-android-open\"><\/i><span>Quick View<\/span><\/button>\n\t\t\t\t\t\t\t\t<\/div>\n\t\t\t\t\t\t\t<\/div>\n\t\t\t\t\t\t\t<div class=\"caption\">\t\t\t\t\t\t\t\t<p class=\"manufacture-product\">\n\t\t\t\t\t\t\t\t\t<a href=\"https:\/\/vww.pt\/index.php?route=product\/manufacturer\/info&amp;manufacturer_id=37\">TH CLOTHES<\/a>\n\t\t\t\t\t\t\t\t<\/p>\t\t\t\t\t\t\t\t<h4 class=\"product-name\"><a href=\"https:\/\/vww.pt\/index.php?route=product\/product&amp;path=25&amp;product_id=845\">Polar Helsinki<\/a><\/h4>\t\t\t\t\t\t\t\t\t<p class=\"price\">0.00\u20ac\t\t\t\t\t\t\t\t\t<\/p>\t\t\t\t\t\t\t\t<p class=\"product-des 8\">DESCRI\u00c7\u00c3OCasaco polar com fecho para homem - 260 g\/m2100% poli\u00e9sterBolsos lateraisBanda el\u00e1stica nas mangasFecho YKK na cor do artigoResguardo interior no fecho para maior conforto..<\/p>\n\t\t\t\t\t\t\t<\/div>\n                        <\/div>\n                    <\/div>                    <div class=\"product-layout product-list col-xs-12\">\n                        <div class=\"product-thumb\">\n                            <div class=\"image\">\n\t\t\t\t\t\t\t\t<a href=\"https:\/\/vww.pt\/index.php?route=product\/product&amp;path=25&amp;product_id=844\">\n\t\t\t\t\t\t\t\t\t<img src=\"https:\/\/vww.pt\/image\/cache\/catalog\/Vestu\u00e1rio%20promocional\/Polares\/helsinki-mulher-azul-500x666.png\" alt=\"Polar Helsinki - Mulher\" title=\"Polar Helsinki - Mulher\" class=\"img-responsive\" \/>\t\t\t\t\t\t\t\t<\/a>\t\t\t\t\t\t\t\t<div class=\"action-links\">\n\t\t\t\t\t\t\t\t\t<button class=\"btn-cart\" type=\"button\" data-toggle=\"tooltip\" title=\"Adicionar ao Pedido\" onclick=\"cart.add('844', '1')\"><i class=\"ion-bag\"><\/i><span>Adicionar ao Pedido<\/span><\/button>\n\t\t\t\t\t\t\t\t\t<button class=\"btn-wishlist\" type=\"button\" data-toggle=\"tooltip\" title=\"Add \u00e0 Lista de preferencias\" onclick=\"wishlist.add('844');\"><i class=\"ion-android-favorite-outline\"><\/i><span>Add \u00e0 Lista de preferencias<\/span><\/button>\n\t\t\t\t\t\t\t\t\t<button class=\"btn-compare\" type=\"button\" data-toggle=\"tooltip\" title=\"Comparar\" onclick=\"compare.add('844');\"><i class=\"ion-android-options\"><\/i><span>Comparar<\/span><\/button>\n\t\t\t\t\t\t\t\t\t<button class=\"btn-quickview\" type=\"button\" data-toggle=\"tooltip\" title=\"Quick View\" onclick=\"ocquickview.ajaxView('https:\/\/vww.pt\/index.php?route=product\/product&amp;path=25&amp;product_id=844')\"><i class=\"ion-android-open\"><\/i><span>Quick View<\/span><\/button>\n\t\t\t\t\t\t\t\t<\/div>\n\t\t\t\t\t\t\t<\/div>\n\t\t\t\t\t\t\t<div class=\"caption\">\t\t\t\t\t\t\t\t<p class=\"manufacture-product\">\n\t\t\t\t\t\t\t\t\t<a href=\"https:\/\/vww.pt\/index.php?route=product\/manufacturer\/info&amp;manufacturer_id=37\">TH CLOTHES<\/a>\n\t\t\t\t\t\t\t\t<\/p>\t\t\t\t\t\t\t\t<h4 class=\"product-name\"><a href=\"https:\/\/vww.pt\/index.php?route=product\/product&amp;path=25&amp;product_id=844\">Polar Helsinki - Mulher<\/a><\/h4>\t\t\t\t\t\t\t\t\t<p class=\"price\">0.00\u20ac\t\t\t\t\t\t\t\t\t<\/p>\t\t\t\t\t\t\t\t<p class=\"product-des 8\">DESCRI\u00c7\u00c3OCasaco polar com fecho para senhora - 260 g\/m2100% poli\u00e9sterBolsos lateraisBanda el\u00e1stica nas mangasFecho YKK na cor do artigoResguardo interior no fecho para maior conforto..<\/p>\n\t\t\t\t\t\t\t<\/div>\n                        <\/div>\n                    <\/div>                    <div class=\"product-layout product-list col-xs-12\">\n                        <div class=\"product-thumb\">\n                            <div class=\"image\">\n\t\t\t\t\t\t\t\t<a href=\"https:\/\/vww.pt\/index.php?route=product\/product&amp;path=25&amp;product_id=1312\">\n\t\t\t\t\t\t\t\t\t<img src=\"https:\/\/vww.pt\/image\/cache\/catalog\/catalogo\/VALENTO\/polares\/Forro%20polar%20THUNDER.jpg-500x666.png\" alt=\"Polar Thunder\" title=\"Polar Thunder\" class=\"img-responsive\" \/>\t\t\t\t\t\t\t\t<\/a>\t\t\t\t\t\t\t\t<div class=\"action-links\">\n\t\t\t\t\t\t\t\t\t<button class=\"btn-cart\" type=\"button\" data-toggle=\"tooltip\" title=\"Adicionar ao Pedido\" onclick=\"cart.add('1312', '1')\"><i class=\"ion-bag\"><\/i><span>Adicionar ao Pedido<\/span><\/button>\n\t\t\t\t\t\t\t\t\t<button class=\"btn-wishlist\" type=\"button\" data-toggle=\"tooltip\" title=\"Add \u00e0 Lista de preferencias\" onclick=\"wishlist.add('1312');\"><i class=\"ion-android-favorite-outline\"><\/i><span>Add \u00e0 Lista de preferencias<\/span><\/button>\n\t\t\t\t\t\t\t\t\t<button class=\"btn-compare\" type=\"button\" data-toggle=\"tooltip\" title=\"Comparar\" onclick=\"compare.add('1312');\"><i class=\"ion-android-options\"><\/i><span>Comparar<\/span><\/button>\n\t\t\t\t\t\t\t\t\t<button class=\"btn-quickview\" type=\"button\" data-toggle=\"tooltip\" title=\"Quick View\" onclick=\"ocquickview.ajaxView('https:\/\/vww.pt\/index.php?route=product\/product&amp;path=25&amp;product_id=1312')\"><i class=\"ion-android-open\"><\/i><span>Quick View<\/span><\/button>\n\t\t\t\t\t\t\t\t<\/div>\n\t\t\t\t\t\t\t<\/div>\n\t\t\t\t\t\t\t<div class=\"caption\">\t\t\t\t\t\t\t\t<p class=\"manufacture-product\">\n\t\t\t\t\t\t\t\t\t<a href=\"https:\/\/vww.pt\/index.php?route=product\/manufacturer\/info&amp;manufacturer_id=33\">VALENTO<\/a>\n\t\t\t\t\t\t\t\t<\/p>\t\t\t\t\t\t\t\t<h4 class=\"product-name\"><a href=\"https:\/\/vww.pt\/index.php?route=product\/product&amp;path=25&amp;product_id=1312\">Polar Thunder<\/a><\/h4>\t\t\t\t\t\t\t\t\t<p class=\"price\">0.00\u20ac\t\t\t\t\t\t\t\t\t<\/p>\t\t\t\t\t\t\t\t<p class=\"product-des 8\">DESCRI\u00c7\u00c3OPolar&amp;nbsp;bicolor&amp;nbsp;com&amp;nbsp;bolsosConfecionado em tecido de micropolar denso com&amp;nbsp;anti-pilling&amp;nbsp;no exterior e cardado no interiorGola alta de dupla camada, fita interior na gola e refor\u00e7o semi-circular nas costas que mant\u00e9m a sua forma e&amp;nbsp;fecho de correr completo&amp;nbsp;Punho..<\/p>\n\t\t\t\t\t\t\t<\/div>\n                        <\/div>\n                    <\/div>                    <div class=\"product-layout product-list col-xs-12\">\n                        <div class=\"product-thumb\">\n                            <div class=\"image\">\n\t\t\t\t\t\t\t\t<a href=\"https:\/\/vww.pt\/index.php?route=product\/product&amp;path=25&amp;product_id=846\">\n\t\t\t\t\t\t\t\t\t<img src=\"https:\/\/vww.pt\/image\/cache\/catalog\/Vestu\u00e1rio%20promocional\/Polares\/vienna-azul-500x666.png\" alt=\"Polar Vienna\" title=\"Polar Vienna\" class=\"img-responsive\" \/>\t\t\t\t\t\t\t\t<\/a>\t\t\t\t\t\t\t\t<div class=\"action-links\">\n\t\t\t\t\t\t\t\t\t<button class=\"btn-cart\" type=\"button\" data-toggle=\"tooltip\" title=\"Adicionar ao Pedido\" onclick=\"cart.add('846', '1')\"><i class=\"ion-bag\"><\/i><span>Adicionar ao Pedido<\/span><\/button>\n\t\t\t\t\t\t\t\t\t<button class=\"btn-wishlist\" type=\"button\" data-toggle=\"tooltip\" title=\"Add \u00e0 Lista de preferencias\" onclick=\"wishlist.add('846');\"><i class=\"ion-android-favorite-outline\"><\/i><span>Add \u00e0 Lista de preferencias<\/span><\/button>\n\t\t\t\t\t\t\t\t\t<button class=\"btn-compare\" type=\"button\" data-toggle=\"tooltip\" title=\"Comparar\" onclick=\"compare.add('846');\"><i class=\"ion-android-options\"><\/i><span>Comparar<\/span><\/button>\n\t\t\t\t\t\t\t\t\t<button class=\"btn-quickview\" type=\"button\" data-toggle=\"tooltip\" title=\"Quick View\" onclick=\"ocquickview.ajaxView('https:\/\/vww.pt\/index.php?route=product\/product&amp;path=25&amp;product_id=846')\"><i class=\"ion-android-open\"><\/i><span>Quick View<\/span><\/button>\n\t\t\t\t\t\t\t\t<\/div>\n\t\t\t\t\t\t\t<\/div>\n\t\t\t\t\t\t\t<div class=\"caption\">\t\t\t\t\t\t\t\t<p class=\"manufacture-product\">\n\t\t\t\t\t\t\t\t\t<a href=\"https:\/\/vww.pt\/index.php?route=product\/manufacturer\/info&amp;manufacturer_id=37\">TH CLOTHES<\/a>\n\t\t\t\t\t\t\t\t<\/p>\t\t\t\t\t\t\t\t<h4 class=\"product-name\"><a href=\"https:\/\/vww.pt\/index.php?route=product\/product&amp;path=25&amp;product_id=846\">Polar Vienna<\/a><\/h4>\t\t\t\t\t\t\t\t\t<p class=\"price\">0.00\u20ac\t\t\t\t\t\t\t\t\t<\/p>\t\t\t\t\t\t\t\t<p class=\"product-des 8\">DESCRI\u00c7\u00c3OPolar unissexo com fecho 1\/4 - 260 g\/m2100% poli\u00e9sterFecho YKK 1\/4 na cor do artigoBanda el\u00e1stica nas mangasResguardo interior no fecho para maior conforto..<\/p>\n\t\t\t\t\t\t\t<\/div>\n                        <\/div>\n                    <\/div>                    <div class=\"product-layout product-list col-xs-12\">\n                        <div class=\"product-thumb\">\n                            <div class=\"image\">\n\t\t\t\t\t\t\t\t<a href=\"https:\/\/vww.pt\/index.php?route=product\/product&amp;path=25&amp;product_id=853\">\n\t\t\t\t\t\t\t\t\t<img src=\"https:\/\/vww.pt\/image\/cache\/catalog\/Vestu\u00e1rio%20promocional\/polos\/THC-ADAM-azul.jpg-500x666.png\" alt=\"Polo adam\" title=\"Polo adam\" class=\"img-responsive\" \/>\t\t\t\t\t\t\t\t<\/a>\t\t\t\t\t\t\t\t<div class=\"action-links\">\n\t\t\t\t\t\t\t\t\t<button class=\"btn-cart\" type=\"button\" data-toggle=\"tooltip\" title=\"Adicionar ao Pedido\" onclick=\"cart.add('853', '1')\"><i class=\"ion-bag\"><\/i><span>Adicionar ao Pedido<\/span><\/button>\n\t\t\t\t\t\t\t\t\t<button class=\"btn-wishlist\" type=\"button\" data-toggle=\"tooltip\" title=\"Add \u00e0 Lista de preferencias\" onclick=\"wishlist.add('853');\"><i class=\"ion-android-favorite-outline\"><\/i><span>Add \u00e0 Lista de preferencias<\/span><\/button>\n\t\t\t\t\t\t\t\t\t<button class=\"btn-compare\" type=\"button\" data-toggle=\"tooltip\" title=\"Comparar\" onclick=\"compare.add('853');\"><i class=\"ion-android-options\"><\/i><span>Comparar<\/span><\/button>\n\t\t\t\t\t\t\t\t\t<button class=\"btn-quickview\" type=\"button\" data-toggle=\"tooltip\" title=\"Quick View\" onclick=\"ocquickview.ajaxView('https:\/\/vww.pt\/index.php?route=product\/product&amp;path=25&amp;product_id=853')\"><i class=\"ion-android-open\"><\/i><span>Quick View<\/span><\/button>\n\t\t\t\t\t\t\t\t<\/div>\n\t\t\t\t\t\t\t<\/div>\n\t\t\t\t\t\t\t<div class=\"caption\">\t\t\t\t\t\t\t\t<p class=\"manufacture-product\">\n\t\t\t\t\t\t\t\t\t<a href=\"https:\/\/vww.pt\/index.php?route=product\/manufacturer\/info&amp;manufacturer_id=37\">TH CLOTHES<\/a>\n\t\t\t\t\t\t\t\t<\/p>\t\t\t\t\t\t\t\t<h4 class=\"product-name\"><a href=\"https:\/\/vww.pt\/index.php?route=product\/product&amp;path=25&amp;product_id=853\">Polo adam<\/a><\/h4>\t\t\t\t\t\t\t\t\t<p class=\"price\">0.00\u20ac\t\t\t\t\t\t\t\t\t<\/p>\t\t\t\t\t\t\t\t<p class=\"product-des 8\">DESCRI\u00c7\u00c3OPolo para homem - 195 g\/m2Malha piqu\u00e9 100% algod\u00e3o - cinza matizado: 85% algod\u00e3o, 15% viscose | branco matizado: 98% algod\u00e3o, 2% viscoseGola e acabamento das mangas em rib 1x1Fita de refor\u00e7o no interior da gola em piqu\u00e9Carcela com 3 bot\u00f5es \u00e0 corParte inferior com aberturas lateraisBot\u00e3o sup..<\/p>\n\t\t\t\t\t\t\t<\/div>\n                        <\/div>\n                    <\/div>                    <div class=\"product-layout product-list col-xs-12\">\n                        <div class=\"product-thumb\">\n                            <div class=\"image\">\n\t\t\t\t\t\t\t\t<a href=\"https:\/\/vww.pt\/index.php?route=product\/product&amp;path=25&amp;product_id=855\">\n\t\t\t\t\t\t\t\t\t<img src=\"https:\/\/vww.pt\/image\/cache\/catalog\/Vestu\u00e1rio%20promocional\/polos\/THC-BERLIN-azul.jpg-500x666.png\" alt=\"Polo Berlin\" title=\"Polo Berlin\" class=\"img-responsive\" \/>\t\t\t\t\t\t\t\t<\/a>\t\t\t\t\t\t\t\t<div class=\"action-links\">\n\t\t\t\t\t\t\t\t\t<button class=\"btn-cart\" type=\"button\" data-toggle=\"tooltip\" title=\"Adicionar ao Pedido\" onclick=\"cart.add('855', '1')\"><i class=\"ion-bag\"><\/i><span>Adicionar ao Pedido<\/span><\/button>\n\t\t\t\t\t\t\t\t\t<button class=\"btn-wishlist\" type=\"button\" data-toggle=\"tooltip\" title=\"Add \u00e0 Lista de preferencias\" onclick=\"wishlist.add('855');\"><i class=\"ion-android-favorite-outline\"><\/i><span>Add \u00e0 Lista de preferencias<\/span><\/button>\n\t\t\t\t\t\t\t\t\t<button class=\"btn-compare\" type=\"button\" data-toggle=\"tooltip\" title=\"Comparar\" onclick=\"compare.add('855');\"><i class=\"ion-android-options\"><\/i><span>Comparar<\/span><\/button>\n\t\t\t\t\t\t\t\t\t<button class=\"btn-quickview\" type=\"button\" data-toggle=\"tooltip\" title=\"Quick View\" onclick=\"ocquickview.ajaxView('https:\/\/vww.pt\/index.php?route=product\/product&amp;path=25&amp;product_id=855')\"><i class=\"ion-android-open\"><\/i><span>Quick View<\/span><\/button>\n\t\t\t\t\t\t\t\t<\/div>\n\t\t\t\t\t\t\t<\/div>\n\t\t\t\t\t\t\t<div class=\"caption\">\t\t\t\t\t\t\t\t<p class=\"manufacture-product\">\n\t\t\t\t\t\t\t\t\t<a href=\"https:\/\/vww.pt\/index.php?route=product\/manufacturer\/info&amp;manufacturer_id=37\">TH CLOTHES<\/a>\n\t\t\t\t\t\t\t\t<\/p>\t\t\t\t\t\t\t\t<h4 class=\"product-name\"><a href=\"https:\/\/vww.pt\/index.php?route=product\/product&amp;path=25&amp;product_id=855\">Polo Berlin<\/a><\/h4>\t\t\t\t\t\t\t\t\t<p class=\"price\">0.00\u20ac\t\t\t\t\t\t\t\t\t<\/p>\t\t\t\t\t\t\t\t<p class=\"product-des 8\">DESCRI\u00c7\u00c3OPolo para homem - 200 g\/m2Malha piqu\u00e9 65% poli\u00e9ster, 35% algod\u00e3oGola e acabamento das mangas em rib 1x1Carcela refor\u00e7ada e com 3 bot\u00f5es \u00e0 corFita de refor\u00e7o no interior da gola em piqu\u00e9Cortado e cosidoFio de algod\u00e3o cardadoCorte regularTratamento enzim\u00e1tico..<\/p>\n\t\t\t\t\t\t\t<\/div>\n                        <\/div>\n                    <\/div>                    <div class=\"product-layout product-list col-xs-12\">\n                        <div class=\"product-thumb\">\n                            <div class=\"image\">\n\t\t\t\t\t\t\t\t<a href=\"https:\/\/vww.pt\/index.php?route=product\/product&amp;path=25&amp;product_id=854\">\n\t\t\t\t\t\t\t\t\t<img src=\"https:\/\/vww.pt\/image\/cache\/catalog\/Vestu\u00e1rio%20promocional\/polos\/THC-BERLIN-WOMEN-azul.jpg-500x666.png\" alt=\"Polo Berlin - Mulher\" title=\"Polo Berlin - Mulher\" class=\"img-responsive\" \/>\t\t\t\t\t\t\t\t<\/a>\t\t\t\t\t\t\t\t<div class=\"action-links\">\n\t\t\t\t\t\t\t\t\t<button class=\"btn-cart\" type=\"button\" data-toggle=\"tooltip\" title=\"Adicionar ao Pedido\" onclick=\"cart.add('854', '1')\"><i class=\"ion-bag\"><\/i><span>Adicionar ao Pedido<\/span><\/button>\n\t\t\t\t\t\t\t\t\t<button class=\"btn-wishlist\" type=\"button\" data-toggle=\"tooltip\" title=\"Add \u00e0 Lista de preferencias\" onclick=\"wishlist.add('854');\"><i class=\"ion-android-favorite-outline\"><\/i><span>Add \u00e0 Lista de preferencias<\/span><\/button>\n\t\t\t\t\t\t\t\t\t<button class=\"btn-compare\" type=\"button\" data-toggle=\"tooltip\" title=\"Comparar\" onclick=\"compare.add('854');\"><i class=\"ion-android-options\"><\/i><span>Comparar<\/span><\/button>\n\t\t\t\t\t\t\t\t\t<button class=\"btn-quickview\" type=\"button\" data-toggle=\"tooltip\" title=\"Quick View\" onclick=\"ocquickview.ajaxView('https:\/\/vww.pt\/index.php?route=product\/product&amp;path=25&amp;product_id=854')\"><i class=\"ion-android-open\"><\/i><span>Quick View<\/span><\/button>\n\t\t\t\t\t\t\t\t<\/div>\n\t\t\t\t\t\t\t<\/div>\n\t\t\t\t\t\t\t<div class=\"caption\">\t\t\t\t\t\t\t\t<p class=\"manufacture-product\">\n\t\t\t\t\t\t\t\t\t<a href=\"https:\/\/vww.pt\/index.php?route=product\/manufacturer\/info&amp;manufacturer_id=37\">TH CLOTHES<\/a>\n\t\t\t\t\t\t\t\t<\/p>\t\t\t\t\t\t\t\t<h4 class=\"product-name\"><a href=\"https:\/\/vww.pt\/index.php?route=product\/product&amp;path=25&amp;product_id=854\">Polo Berlin - Mulher<\/a><\/h4>\t\t\t\t\t\t\t\t\t<p class=\"price\">0.00\u20ac\t\t\t\t\t\t\t\t\t<\/p>\t\t\t\t\t\t\t\t<p class=\"product-des 8\">DESCRI\u00c7\u00c3OPolo para senhora - 200 g\/m2Malha piqu\u00e9 65% poli\u00e9ster, 35% algod\u00e3oGola e acabamento das mangas em rib 1x1Carcela refor\u00e7ada e com 3 bot\u00f5es \u00e0 corFita de refor\u00e7o no interior da gola em piqu\u00e9Cortado e cosidoFio de algod\u00e3o cardadoBot\u00e3o suplente na costura lateral inferiorTratamento enzim\u00e1ticoCin..<\/p>\n\t\t\t\t\t\t\t<\/div>\n                        <\/div>\n                    <\/div>                <\/div>\n                <div class=\"row toolbar4\">\n                    <div class=\"col-sm-6\"><ul class=\"pagination\"><li><a href=\"https:\/\/vww.pt\/index.php?route=product\/category&path=25\">|&lt;<\/a><\/li><li><a href=\"https:\/\/vww.pt\/index.php?route=product\/category&path=25&amp;page=10\">&lt;<\/a><\/li><li><a href=\"https:\/\/vww.pt\/index.php?route=product\/category&path=25&amp;page=7\">7<\/a><\/li><li><a href=\"https:\/\/vww.pt\/index.php?route=product\/category&path=25&amp;page=8\">8<\/a><\/li><li><a href=\"https:\/\/vww.pt\/index.php?route=product\/category&path=25&amp;page=9\">9<\/a><\/li><li><a href=\"https:\/\/vww.pt\/index.php?route=product\/category&path=25&amp;page=10\">10<\/a><\/li><li class=\"active\"><span>11<\/span><\/li><li><a href=\"https:\/\/vww.pt\/index.php?route=product\/category&path=25&amp;page=12\">12<\/a><\/li><li><a href=\"https:\/\/vww.pt\/index.php?route=product\/category&path=25&amp;page=13\">13<\/a><\/li><li><a href=\"https:\/\/vww.pt\/index.php?route=product\/category&path=25&amp;page=14\">14<\/a><\/li><li><a href=\"https:\/\/vww.pt\/index.php?route=product\/category&path=25&amp;page=15\">15<\/a><\/li><li><a href=\"https:\/\/vww.pt\/index.php?route=product\/category&path=25&amp;page=12\">&gt;<\/a><\/li><li><a href=\"https:\/\/vww.pt\/index.php?route=product\/category&path=25&amp;page=16\">&gt;|<\/a><\/li><\/ul><\/div>\n                    <div class=\"col-sm-6 text-right\">Exibindo 501 a 550 de 780 (16 P\u00e1ginas)<\/div>\n                <\/div><script type=\"text\/javascript\">\n    \/\/ Product List\n\t$('#list-view').click(function() {\n\t\t$('.custom-products').removeClass('custom-products-row');\n\t\t$(this).addClass('selected');\n\t\t$('#grid-view').removeClass('selected');\n\t\t$('#content .product-grid > .clearfix').remove();\n\n\t\t\/\/$('#content .product-layout').attr('class', 'product-layout product-list col-xs-12');\n\t\t$('#content .product-grid').attr('class', 'product-layout product-list col-xs-12');\n\t\t$('#content .product-list .caption').addClass('col-xs-8');\n\t\t$('#content .product-list .image').addClass('col-xs-4');\n\t\t\n\n\t\tlocalStorage.setItem('display', 'list');\n\t});\n    \n\t\/\/ Product Grid\n\t$('#grid-view').click(function() {\n\t\t$('.custom-products').addClass('custom-products-row');\n\t\t$(this).addClass('selected');\n\t\t$('#list-view').removeClass('selected');\n\t\t\/\/ What a shame bootstrap does not take into account dynamically loaded columns\n\t\tcols = $('#column-right, #column-left').length;\n\n\t\tif (cols == 2) {\n\t\t\t$('#content .product-layout').attr('class', 'product-layout product-grid col-md-6 col-sm-6 col-xs-6 two-items');\n\t\t} else if (cols == 1) {\n\t\t\t$('#content .product-layout').attr('class', 'product-layout product-grid col-md-4 col-sm-6 col-xs-6 three-items');\n\t\t} else {\n\t\t\t$('#content .product-layout').attr('class', 'product-layout product-grid col-md-3 col-sm-6 col-xs-6 four-items');\n\t\t}\n\t\t$('#content .product-grid .caption').removeClass('col-xs-8');\n\t\t$('#content .product-grid .image').removeClass('col-xs-4');\n\t\t\n\n\t\t localStorage.setItem('display', 'grid');\n\t});\n\n\tif (localStorage.getItem('display') == 'list') {\n\t\t\n\t\t$('#list-view').trigger('click');\n\t} else {\n\t\t$('#grid-view').trigger('click');\n\t}\n<\/script>\n\n","filter_action":"https:\/\/vww.pt\/index.php?route=extension\/module\/oclayerednavigation\/category&path=25","price_action":"https:\/\/vww.pt\/index.php?route=extension\/module\/oclayerednavigation\/category&path=25","layered_html":"<div class=\"list-group\">\n    <div class=\"filter-attribute-container filter-attribute-remove-container\">    <\/div>\n    <div class=\"filter-attribute-container filter-prices\">\n        <label>Price Filter<\/label>\n        <div class=\"list-group-item\">\n            <div class=\"filter-price\">\n                <div id=\"slider-price\"><\/div>\n                <div class=\"slider-values\">\n                    <span><\/span>\n                    <input id=\"price-from\" disabled=\"disabled\" class=\"input-price\" type=\"text\" value=\"0\" placeholder=\"Min\" name=\"price-from\"\/>\n                    <span>\u20ac<\/span> -\n                    <span><\/span>\n                    <input id=\"price-to\" disabled=\"disabled\" class=\"input-price\" type=\"text\" value=\"63\" placeholder=\"Max\" name=\"price-to\" \/>\n                    <span>\u20ac<\/span>\n                <\/div>\n            <\/div>\n        <\/div>\n    <\/div><\/div>\n"}