{"result_html":"                <div><a href=\"https:\/\/vww.pt\/index.php?route=product\/compare\" id=\"compare-total\">Produtos na compara\u00e7\u00e3o (0)<\/a><\/div>\n\t\t\t\t<div class=\"toolbar\">\n\t\t\t\t\t<div class=\"col-md-2 toolbar3 pull-left\">\n                        <div class=\"btn-group\">\n                            <button type=\"button\" id=\"list-view\" class=\"btn btn-default\"><i class=\"fa fa-th-list\"><\/i><\/button>\n                            <button type=\"button\" id=\"grid-view\" class=\"btn btn-default\"><i class=\"fa fa-th\"><\/i><\/button>\n                        <\/div>\n                    <\/div>\n                    <div class=\"col-md-2 toolbar1 pull-right\">\n                        <select id=\"input-sort\" class=\"form-control\" onchange=\"oclayerednavigationajax.filter(this.value)\">\t\t\t\t\t\t\t\t\t<option value=\"https:\/\/vww.pt\/index.php?route=extension\/module\/oclayerednavigation\/category&path=179&sort=p.sort_order&order=ASC\" selected=\"selected\">Ordenar por: Padr\u00e3o<\/option>\t\t\t\t\t\t\t\t\t<option value=\"https:\/\/vww.pt\/index.php?route=extension\/module\/oclayerednavigation\/category&path=179&sort=pd.name&order=ASC\">Ordenar por: Nome (A - Z)<\/option>\t\t\t\t\t\t\t\t\t<option value=\"https:\/\/vww.pt\/index.php?route=extension\/module\/oclayerednavigation\/category&path=179&sort=pd.name&order=DESC\">Ordenar por: Nome (Z - A)<\/option>\t\t\t\t\t\t\t\t\t<option value=\"https:\/\/vww.pt\/index.php?route=extension\/module\/oclayerednavigation\/category&path=179&sort=p.price&order=ASC\">Ordenar por: Pre\u00e7o (Menor &gt; Maior)<\/option>\t\t\t\t\t\t\t\t\t<option value=\"https:\/\/vww.pt\/index.php?route=extension\/module\/oclayerednavigation\/category&path=179&sort=p.price&order=DESC\">Ordenar por: Pre\u00e7o (Maior &gt; Menor)<\/option>\t\t\t\t\t\t\t\t\t<option value=\"https:\/\/vww.pt\/index.php?route=extension\/module\/oclayerednavigation\/category&path=179&sort=rating&order=DESC\">Ordenar por: Avalia\u00e7\u00e3o (Alta)<\/option>\t\t\t\t\t\t\t\t\t<option value=\"https:\/\/vww.pt\/index.php?route=extension\/module\/oclayerednavigation\/category&path=179&sort=rating&order=ASC\">Ordenar por: Avalia\u00e7\u00e3o (Baixa)<\/option>\t\t\t\t\t\t\t\t\t<option value=\"https:\/\/vww.pt\/index.php?route=extension\/module\/oclayerednavigation\/category&path=179&sort=p.model&order=ASC\">Ordenar por: Modelo (A - Z)<\/option>\t\t\t\t\t\t\t\t\t<option value=\"https:\/\/vww.pt\/index.php?route=extension\/module\/oclayerednavigation\/category&path=179&sort=p.model&order=DESC\">Ordenar por: Modelo (Z - A)<\/option>\t\t\t\t\t\t<\/select>\n                    <\/div>\n                    <div class=\"col-md-2 toolbar2 pull-right\">\n                        <select id=\"input-limit\" class=\"form-control\" onchange=\"oclayerednavigationajax.filter(this.value)\">\t\t\t\t\t\t\t\t\t<option value=\"https:\/\/vww.pt\/index.php?route=extension\/module\/oclayerednavigation\/category&path=179&limit=25\">Mostrar 25<\/option>\t\t\t\t\t\t\t\t\t<option value=\"https:\/\/vww.pt\/index.php?route=extension\/module\/oclayerednavigation\/category&path=179&limit=50\" selected=\"selected\">Mostrar 50<\/option>\t\t\t\t\t\t\t\t\t<option value=\"https:\/\/vww.pt\/index.php?route=extension\/module\/oclayerednavigation\/category&path=179&limit=75\">Mostrar 75<\/option>\t\t\t\t\t\t\t\t\t<option value=\"https:\/\/vww.pt\/index.php?route=extension\/module\/oclayerednavigation\/category&path=179&limit=100\">Mostrar 100<\/option>\t\t\t\t\t\t<\/select>\n                    <\/div>\n\t\t\t\t<\/div>\n                <div class=\"custom-products\">                    <div class=\"product-layout product-list col-xs-12\">\n                        <div class=\"product-thumb\">\n                            <div class=\"image\">\n\t\t\t\t\t\t\t\t<a href=\"https:\/\/vww.pt\/index.php?route=product\/product&amp;path=179&amp;product_id=1580\">\n\t\t\t\t\t\t\t\t\t<img src=\"https:\/\/vww.pt\/image\/cache\/catalog\/EPI'S\/Prot.%20Ocular\/Acessorios\/Cobre%20filtros%209100%20e%209100XX\/Cobre-filtros-9100XX-500x666.jpg\" alt=\"Cobre filtros 9100XX\" title=\"Cobre filtros 9100XX\" class=\"img-responsive\" \/>\t\t\t\t\t\t\t\t<\/a>\t\t\t\t\t\t\t\t<div class=\"action-links\">\n\t\t\t\t\t\t\t\t\t<button class=\"btn-cart\" type=\"button\" data-toggle=\"tooltip\" title=\"Adicionar ao Pedido\" onclick=\"cart.add('1580', '1')\"><i class=\"ion-bag\"><\/i><span>Adicionar ao Pedido<\/span><\/button>\n\t\t\t\t\t\t\t\t\t<button class=\"btn-wishlist\" type=\"button\" data-toggle=\"tooltip\" title=\"Add \u00e0 Lista de preferencias\" onclick=\"wishlist.add('1580');\"><i class=\"ion-android-favorite-outline\"><\/i><span>Add \u00e0 Lista de preferencias<\/span><\/button>\n\t\t\t\t\t\t\t\t\t<button class=\"btn-compare\" type=\"button\" data-toggle=\"tooltip\" title=\"Comparar\" onclick=\"compare.add('1580');\"><i class=\"ion-android-options\"><\/i><span>Comparar<\/span><\/button>\n\t\t\t\t\t\t\t\t\t<button class=\"btn-quickview\" type=\"button\" data-toggle=\"tooltip\" title=\"Quick View\" onclick=\"ocquickview.ajaxView('https:\/\/vww.pt\/index.php?route=product\/product&amp;path=179&amp;product_id=1580')\"><i class=\"ion-android-open\"><\/i><span>Quick View<\/span><\/button>\n\t\t\t\t\t\t\t\t<\/div>\n\t\t\t\t\t\t\t<\/div>\n\t\t\t\t\t\t\t<div class=\"caption\">\t\t\t\t\t\t\t\t<p class=\"manufacture-product\">\n\t\t\t\t\t\t\t\t\t<a href=\"https:\/\/vww.pt\/index.php?route=product\/manufacturer\/info&amp;manufacturer_id=12\">3M<\/a>\n\t\t\t\t\t\t\t\t<\/p>\t\t\t\t\t\t\t\t<h4 class=\"product-name\"><a href=\"https:\/\/vww.pt\/index.php?route=product\/product&amp;path=179&amp;product_id=1580\">Cobre filtros 9100XX<\/a><\/h4>\t\t\t\t\t\t\t\t\t<p class=\"price\">0.00\u20ac\t\t\t\t\t\t\t\t\t<\/p>\t\t\t\t\t\t\t\t<p class=\"product-des 8\">DESCRI\u00c7\u00c3OCobre filtro interior 117x77 mm para telas 9100XXCobre filtro&amp;nbsp;interno em policarbonato para telas speedglass da s\u00e9rie 9100:9100XXPack: 5 unidades..<\/p>\n\t\t\t\t\t\t\t<\/div>\n                        <\/div>\n                    <\/div>                    <div class=\"product-layout product-list col-xs-12\">\n                        <div class=\"product-thumb\">\n                            <div class=\"image\">\n\t\t\t\t\t\t\t\t<a href=\"https:\/\/vww.pt\/index.php?route=product\/product&amp;path=179&amp;product_id=1515\">\n\t\t\t\t\t\t\t\t\t<img src=\"https:\/\/vww.pt\/image\/cache\/catalog\/catalogo\/FARU\/PROT.%20OCULAR\/Mascaras%20de%20soldagem\/Cobre%20filtros-500x666.png\" alt=\"Cobre filtros PC\" title=\"Cobre filtros PC\" class=\"img-responsive\" \/>\t\t\t\t\t\t\t\t<\/a>\t\t\t\t\t\t\t\t<div class=\"action-links\">\n\t\t\t\t\t\t\t\t\t<button class=\"btn-cart\" type=\"button\" data-toggle=\"tooltip\" title=\"Adicionar ao Pedido\" onclick=\"cart.add('1515', '1')\"><i class=\"ion-bag\"><\/i><span>Adicionar ao Pedido<\/span><\/button>\n\t\t\t\t\t\t\t\t\t<button class=\"btn-wishlist\" type=\"button\" data-toggle=\"tooltip\" title=\"Add \u00e0 Lista de preferencias\" onclick=\"wishlist.add('1515');\"><i class=\"ion-android-favorite-outline\"><\/i><span>Add \u00e0 Lista de preferencias<\/span><\/button>\n\t\t\t\t\t\t\t\t\t<button class=\"btn-compare\" type=\"button\" data-toggle=\"tooltip\" title=\"Comparar\" onclick=\"compare.add('1515');\"><i class=\"ion-android-options\"><\/i><span>Comparar<\/span><\/button>\n\t\t\t\t\t\t\t\t\t<button class=\"btn-quickview\" type=\"button\" data-toggle=\"tooltip\" title=\"Quick View\" onclick=\"ocquickview.ajaxView('https:\/\/vww.pt\/index.php?route=product\/product&amp;path=179&amp;product_id=1515')\"><i class=\"ion-android-open\"><\/i><span>Quick View<\/span><\/button>\n\t\t\t\t\t\t\t\t<\/div>\n\t\t\t\t\t\t\t<\/div>\n\t\t\t\t\t\t\t<div class=\"caption\">\t\t\t\t\t\t\t\t<p class=\"manufacture-product\">\n\t\t\t\t\t\t\t\t\t<a href=\"https:\/\/vww.pt\/index.php?route=product\/manufacturer\/info&amp;manufacturer_id=11\">FARU<\/a>\n\t\t\t\t\t\t\t\t<\/p>\t\t\t\t\t\t\t\t<h4 class=\"product-name\"><a href=\"https:\/\/vww.pt\/index.php?route=product\/product&amp;path=179&amp;product_id=1515\">Cobre filtros PC<\/a><\/h4>\t\t\t\t\t\t\t\t\t<p class=\"price\">0.00\u20ac\t\t\t\t\t\t\t\t\t<\/p>\t\t\t\t\t\t\t\t<p class=\"product-des 8\">DESCRI\u00c7\u00c3OTampas de filtro de policarbonato para proteger e prolongar a vida \u00fatil dos filtros eletr\u00f3nicosTamanho:113 x 133 mmPacotes: 10 unidadesPeso: 0,1 KgNORMAS E CERTEFICA\u00c7\u00d5ESEN 166..<\/p>\n\t\t\t\t\t\t\t<\/div>\n                        <\/div>\n                    <\/div>                    <div class=\"product-layout product-list col-xs-12\">\n                        <div class=\"product-thumb\">\n                            <div class=\"image\">\n\t\t\t\t\t\t\t\t<a href=\"https:\/\/vww.pt\/index.php?route=product\/product&amp;path=179&amp;product_id=1516\">\n\t\t\t\t\t\t\t\t\t<img src=\"https:\/\/vww.pt\/image\/cache\/catalog\/EPC's\/diversos\/colchoes\/colchao%20de%20espuma%20c-capa\/colchao%201-500x666.png\" alt=\"Colch\u00e3o de espuma c\/ capa\" title=\"Colch\u00e3o de espuma c\/ capa\" class=\"img-responsive\" \/>\t\t\t\t\t\t\t\t<\/a>\t\t\t\t\t\t\t\t<div class=\"action-links\">\n\t\t\t\t\t\t\t\t\t<button class=\"btn-cart\" type=\"button\" data-toggle=\"tooltip\" title=\"Adicionar ao Pedido\" onclick=\"cart.add('1516', '1')\"><i class=\"ion-bag\"><\/i><span>Adicionar ao Pedido<\/span><\/button>\n\t\t\t\t\t\t\t\t\t<button class=\"btn-wishlist\" type=\"button\" data-toggle=\"tooltip\" title=\"Add \u00e0 Lista de preferencias\" onclick=\"wishlist.add('1516');\"><i class=\"ion-android-favorite-outline\"><\/i><span>Add \u00e0 Lista de preferencias<\/span><\/button>\n\t\t\t\t\t\t\t\t\t<button class=\"btn-compare\" type=\"button\" data-toggle=\"tooltip\" title=\"Comparar\" onclick=\"compare.add('1516');\"><i class=\"ion-android-options\"><\/i><span>Comparar<\/span><\/button>\n\t\t\t\t\t\t\t\t\t<button class=\"btn-quickview\" type=\"button\" data-toggle=\"tooltip\" title=\"Quick View\" onclick=\"ocquickview.ajaxView('https:\/\/vww.pt\/index.php?route=product\/product&amp;path=179&amp;product_id=1516')\"><i class=\"ion-android-open\"><\/i><span>Quick View<\/span><\/button>\n\t\t\t\t\t\t\t\t<\/div>\n\t\t\t\t\t\t\t<\/div>\n\t\t\t\t\t\t\t<div class=\"caption\">\t\t\t\t\t\t\t\t<p class=\"manufacture-product\">\n\t\t\t\t\t\t\t\t\t<a href=\"https:\/\/vww.pt\/index.php?route=product\/manufacturer\/info&amp;manufacturer_id=28\">VWW<\/a>\n\t\t\t\t\t\t\t\t<\/p>\t\t\t\t\t\t\t\t<h4 class=\"product-name\"><a href=\"https:\/\/vww.pt\/index.php?route=product\/product&amp;path=179&amp;product_id=1516\">Colch\u00e3o de espuma c\/ capa<\/a><\/h4>\t\t\t\t\t\t\t\t\t<p class=\"price\">0.00\u20ac\t\t\t\t\t\t\t\t\t<\/p>\t\t\t\t\t\t\t\t<p class=\"product-des 8\">DESCRI\u00c7\u00c3OColch\u00e3o de espuma com capa protetora por medidaColch\u00e3o de espuma A23 com 15cm de alturaIndicado para utilizadores com baixo risco de escarasFabricado em PortugalCOMPOSI\u00c7\u00c3OInterior: Espuma A23Exterior: TecidoDIMENS\u00d5ESPor medida (comprimento) x Por medida (largura) x 15cm (altura)..<\/p>\n\t\t\t\t\t\t\t<\/div>\n                        <\/div>\n                    <\/div>                    <div class=\"product-layout product-list col-xs-12\">\n                        <div class=\"product-thumb\">\n                            <div class=\"image\">\n\t\t\t\t\t\t\t\t<a href=\"https:\/\/vww.pt\/index.php?route=product\/product&amp;path=179&amp;product_id=1520\">\n\t\t\t\t\t\t\t\t\t<img src=\"https:\/\/vww.pt\/image\/cache\/catalog\/EPC's\/diversos\/colchoes\/hd%2015j\/HD%2015J%201-500x666.png\" alt=\"Colch\u00e3o ECO HD 15J\" title=\"Colch\u00e3o ECO HD 15J\" class=\"img-responsive\" \/>\t\t\t\t\t\t\t\t<\/a>\t\t\t\t\t\t\t\t<div class=\"action-links\">\n\t\t\t\t\t\t\t\t\t<button class=\"btn-cart\" type=\"button\" data-toggle=\"tooltip\" title=\"Adicionar ao Pedido\" onclick=\"cart.add('1520', '1')\"><i class=\"ion-bag\"><\/i><span>Adicionar ao Pedido<\/span><\/button>\n\t\t\t\t\t\t\t\t\t<button class=\"btn-wishlist\" type=\"button\" data-toggle=\"tooltip\" title=\"Add \u00e0 Lista de preferencias\" onclick=\"wishlist.add('1520');\"><i class=\"ion-android-favorite-outline\"><\/i><span>Add \u00e0 Lista de preferencias<\/span><\/button>\n\t\t\t\t\t\t\t\t\t<button class=\"btn-compare\" type=\"button\" data-toggle=\"tooltip\" title=\"Comparar\" onclick=\"compare.add('1520');\"><i class=\"ion-android-options\"><\/i><span>Comparar<\/span><\/button>\n\t\t\t\t\t\t\t\t\t<button class=\"btn-quickview\" type=\"button\" data-toggle=\"tooltip\" title=\"Quick View\" onclick=\"ocquickview.ajaxView('https:\/\/vww.pt\/index.php?route=product\/product&amp;path=179&amp;product_id=1520')\"><i class=\"ion-android-open\"><\/i><span>Quick View<\/span><\/button>\n\t\t\t\t\t\t\t\t<\/div>\n\t\t\t\t\t\t\t<\/div>\n\t\t\t\t\t\t\t<div class=\"caption\">\t\t\t\t\t\t\t\t<p class=\"manufacture-product\">\n\t\t\t\t\t\t\t\t\t<a href=\"https:\/\/vww.pt\/index.php?route=product\/manufacturer\/info&amp;manufacturer_id=28\">VWW<\/a>\n\t\t\t\t\t\t\t\t<\/p>\t\t\t\t\t\t\t\t<h4 class=\"product-name\"><a href=\"https:\/\/vww.pt\/index.php?route=product\/product&amp;path=179&amp;product_id=1520\">Colch\u00e3o ECO HD 15J<\/a><\/h4>\t\t\t\t\t\t\t\t\t<p class=\"price\">0.00\u20ac\t\t\t\t\t\t\t\t\t<\/p>\t\t\t\t\t\t\t\t<p class=\"product-des 8\">DESCRI\u00c7\u00c3OColch\u00e3o&amp;nbsp;constitu\u00eddo por espumas de grande durabilidadeFirmeza e bom suporte,&amp;nbsp;, assegurando uma distribui\u00e7\u00e3o uniformeTecido resistente ao fogoEspuma: N\u00facleoCOMPOSI\u00c7\u00c3O15cm de alturaN\u00facleo de espuma HD25DIMENS\u00d5ESTamanho:80cm x 190cm90cm x 190cm&amp;nbsp;100cm x 190cm&amp;nbsp;140cm x 190cm15..<\/p>\n\t\t\t\t\t\t\t<\/div>\n                        <\/div>\n                    <\/div>                    <div class=\"product-layout product-list col-xs-12\">\n                        <div class=\"product-thumb\">\n                            <div class=\"image\">\n\t\t\t\t\t\t\t\t<a href=\"https:\/\/vww.pt\/index.php?route=product\/product&amp;path=179&amp;product_id=1517\">\n\t\t\t\t\t\t\t\t\t<img src=\"https:\/\/vww.pt\/image\/cache\/catalog\/EPC's\/diversos\/colchoes\/Coolgel%20premium\/Coolgel%202-500x666.png\" alt=\"Colch\u00e3o SSI coolgel premium\" title=\"Colch\u00e3o SSI coolgel premium\" class=\"img-responsive\" \/>\t\t\t\t\t\t\t\t<\/a>\t\t\t\t\t\t\t\t<div class=\"action-links\">\n\t\t\t\t\t\t\t\t\t<button class=\"btn-cart\" type=\"button\" data-toggle=\"tooltip\" title=\"Adicionar ao Pedido\" onclick=\"cart.add('1517', '1')\"><i class=\"ion-bag\"><\/i><span>Adicionar ao Pedido<\/span><\/button>\n\t\t\t\t\t\t\t\t\t<button class=\"btn-wishlist\" type=\"button\" data-toggle=\"tooltip\" title=\"Add \u00e0 Lista de preferencias\" onclick=\"wishlist.add('1517');\"><i class=\"ion-android-favorite-outline\"><\/i><span>Add \u00e0 Lista de preferencias<\/span><\/button>\n\t\t\t\t\t\t\t\t\t<button class=\"btn-compare\" type=\"button\" data-toggle=\"tooltip\" title=\"Comparar\" onclick=\"compare.add('1517');\"><i class=\"ion-android-options\"><\/i><span>Comparar<\/span><\/button>\n\t\t\t\t\t\t\t\t\t<button class=\"btn-quickview\" type=\"button\" data-toggle=\"tooltip\" title=\"Quick View\" onclick=\"ocquickview.ajaxView('https:\/\/vww.pt\/index.php?route=product\/product&amp;path=179&amp;product_id=1517')\"><i class=\"ion-android-open\"><\/i><span>Quick View<\/span><\/button>\n\t\t\t\t\t\t\t\t<\/div>\n\t\t\t\t\t\t\t<\/div>\n\t\t\t\t\t\t\t<div class=\"caption\">\t\t\t\t\t\t\t\t<p class=\"manufacture-product\">\n\t\t\t\t\t\t\t\t\t<a href=\"https:\/\/vww.pt\/index.php?route=product\/manufacturer\/info&amp;manufacturer_id=28\">VWW<\/a>\n\t\t\t\t\t\t\t\t<\/p>\t\t\t\t\t\t\t\t<h4 class=\"product-name\"><a href=\"https:\/\/vww.pt\/index.php?route=product\/product&amp;path=179&amp;product_id=1517\">Colch\u00e3o SSI coolgel premium<\/a><\/h4>\t\t\t\t\t\t\t\t\t<p class=\"price\">0.00\u20ac\t\t\t\t\t\t\t\t\t<\/p>\t\t\t\t\t\t\t\t<p class=\"product-des 8\">DESCRI\u00c7\u00c3OColch\u00e3o fresco e envolvente com molas ensacadasMolas SSI [RE]&amp;nbsp;em carbono s\u00e3o ensacadas e soldadas individualmente, o que gera maior conforto e estabilidade, adaptando-se perfeitamente ao corpoRespir\u00e1velIndepend\u00eancia de MovimentoCOMPOSI\u00c7\u00c3O28 cm de altura75% A\u00e7o recicladoDIMENS\u00d5ESTamanho..<\/p>\n\t\t\t\t\t\t\t<\/div>\n                        <\/div>\n                    <\/div>                    <div class=\"product-layout product-list col-xs-12\">\n                        <div class=\"product-thumb\">\n                            <div class=\"image\">\n\t\t\t\t\t\t\t\t<a href=\"https:\/\/vww.pt\/index.php?route=product\/product&amp;path=179&amp;product_id=1518\">\n\t\t\t\t\t\t\t\t\t<img src=\"https:\/\/vww.pt\/image\/cache\/catalog\/EPC's\/diversos\/colchoes\/millenar\/millenar%202-500x666.png\" alt=\"Colch\u00e3o SSI Millenar\" title=\"Colch\u00e3o SSI Millenar\" class=\"img-responsive\" \/>\t\t\t\t\t\t\t\t<\/a>\t\t\t\t\t\t\t\t<div class=\"action-links\">\n\t\t\t\t\t\t\t\t\t<button class=\"btn-cart\" type=\"button\" data-toggle=\"tooltip\" title=\"Adicionar ao Pedido\" onclick=\"cart.add('1518', '1')\"><i class=\"ion-bag\"><\/i><span>Adicionar ao Pedido<\/span><\/button>\n\t\t\t\t\t\t\t\t\t<button class=\"btn-wishlist\" type=\"button\" data-toggle=\"tooltip\" title=\"Add \u00e0 Lista de preferencias\" onclick=\"wishlist.add('1518');\"><i class=\"ion-android-favorite-outline\"><\/i><span>Add \u00e0 Lista de preferencias<\/span><\/button>\n\t\t\t\t\t\t\t\t\t<button class=\"btn-compare\" type=\"button\" data-toggle=\"tooltip\" title=\"Comparar\" onclick=\"compare.add('1518');\"><i class=\"ion-android-options\"><\/i><span>Comparar<\/span><\/button>\n\t\t\t\t\t\t\t\t\t<button class=\"btn-quickview\" type=\"button\" data-toggle=\"tooltip\" title=\"Quick View\" onclick=\"ocquickview.ajaxView('https:\/\/vww.pt\/index.php?route=product\/product&amp;path=179&amp;product_id=1518')\"><i class=\"ion-android-open\"><\/i><span>Quick View<\/span><\/button>\n\t\t\t\t\t\t\t\t<\/div>\n\t\t\t\t\t\t\t<\/div>\n\t\t\t\t\t\t\t<div class=\"caption\">\t\t\t\t\t\t\t\t<p class=\"manufacture-product\">\n\t\t\t\t\t\t\t\t\t<a href=\"https:\/\/vww.pt\/index.php?route=product\/manufacturer\/info&amp;manufacturer_id=28\">VWW<\/a>\n\t\t\t\t\t\t\t\t<\/p>\t\t\t\t\t\t\t\t<h4 class=\"product-name\"><a href=\"https:\/\/vww.pt\/index.php?route=product\/product&amp;path=179&amp;product_id=1518\">Colch\u00e3o SSI Millenar<\/a><\/h4>\t\t\t\t\t\t\t\t\t<p class=\"price\">0.00\u20ac\t\t\t\t\t\t\t\t\t<\/p>\t\t\t\t\t\t\t\t<p class=\"product-des 8\">DESCRI\u00c7\u00c3OColch\u00e3o cl\u00e1ssico de molas ensacadasCombina\u00e7\u00e3o que garante um ajuste perfeito da coluna e um suporte precisoCOMPOSI\u00c7\u00c3O27 cm de alturaDIMENS\u00d5ESTamanho: Solteiro90cm x 190cm90cm x 195cm&amp;nbsp;90cm x 200cm&amp;nbsp;Tamanho: Casal133cm x 183cm&amp;nbsp;140cm x 190cm&amp;nbsp;140cm x 195cm140cm x 200cm150cm x..<\/p>\n\t\t\t\t\t\t\t<\/div>\n                        <\/div>\n                    <\/div>                    <div class=\"product-layout product-list col-xs-12\">\n                        <div class=\"product-thumb\">\n                            <div class=\"image\">\n\t\t\t\t\t\t\t\t<a href=\"https:\/\/vww.pt\/index.php?route=product\/product&amp;path=179&amp;product_id=1519\">\n\t\t\t\t\t\t\t\t\t<img src=\"https:\/\/vww.pt\/image\/cache\/catalog\/EPC's\/diversos\/colchoes\/planet\/planet%202-500x666.png\" alt=\"Colch\u00e3o SSI Planet\" title=\"Colch\u00e3o SSI Planet\" class=\"img-responsive\" \/>\t\t\t\t\t\t\t\t<\/a>\t\t\t\t\t\t\t\t<div class=\"action-links\">\n\t\t\t\t\t\t\t\t\t<button class=\"btn-cart\" type=\"button\" data-toggle=\"tooltip\" title=\"Adicionar ao Pedido\" onclick=\"cart.add('1519', '1')\"><i class=\"ion-bag\"><\/i><span>Adicionar ao Pedido<\/span><\/button>\n\t\t\t\t\t\t\t\t\t<button class=\"btn-wishlist\" type=\"button\" data-toggle=\"tooltip\" title=\"Add \u00e0 Lista de preferencias\" onclick=\"wishlist.add('1519');\"><i class=\"ion-android-favorite-outline\"><\/i><span>Add \u00e0 Lista de preferencias<\/span><\/button>\n\t\t\t\t\t\t\t\t\t<button class=\"btn-compare\" type=\"button\" data-toggle=\"tooltip\" title=\"Comparar\" onclick=\"compare.add('1519');\"><i class=\"ion-android-options\"><\/i><span>Comparar<\/span><\/button>\n\t\t\t\t\t\t\t\t\t<button class=\"btn-quickview\" type=\"button\" data-toggle=\"tooltip\" title=\"Quick View\" onclick=\"ocquickview.ajaxView('https:\/\/vww.pt\/index.php?route=product\/product&amp;path=179&amp;product_id=1519')\"><i class=\"ion-android-open\"><\/i><span>Quick View<\/span><\/button>\n\t\t\t\t\t\t\t\t<\/div>\n\t\t\t\t\t\t\t<\/div>\n\t\t\t\t\t\t\t<div class=\"caption\">\t\t\t\t\t\t\t\t<p class=\"manufacture-product\">\n\t\t\t\t\t\t\t\t\t<a href=\"https:\/\/vww.pt\/index.php?route=product\/manufacturer\/info&amp;manufacturer_id=28\">VWW<\/a>\n\t\t\t\t\t\t\t\t<\/p>\t\t\t\t\t\t\t\t<h4 class=\"product-name\"><a href=\"https:\/\/vww.pt\/index.php?route=product\/product&amp;path=179&amp;product_id=1519\">Colch\u00e3o SSI Planet<\/a><\/h4>\t\t\t\t\t\t\t\t\t<p class=\"price\">0.00\u20ac\t\t\t\t\t\t\t\t\t<\/p>\t\t\t\t\t\t\t\t<p class=\"product-des 8\">DESCRI\u00c7\u00c3OColch\u00e3o sustent\u00e1vel de molas ensacadasFabricado a partir de garrafas de pl\u00e1stico recicladasCOMPOSI\u00c7\u00c3O27 cm de alturaDIMENS\u00d5ESTamanho: Solteiro90cm x 190cm90cm x 195cm&amp;nbsp;90cm x 200cm&amp;nbsp;Tamanho: Casal133cm x 183cm&amp;nbsp;140cm x 190cm&amp;nbsp;140cm x 195cm140cm x 200cm150cm x 190cm150cm x 19..<\/p>\n\t\t\t\t\t\t\t<\/div>\n                        <\/div>\n                    <\/div>                    <div class=\"product-layout product-list col-xs-12\">\n                        <div class=\"product-thumb\">\n                            <div class=\"image\">\n\t\t\t\t\t\t\t\t<a href=\"https:\/\/vww.pt\/index.php?route=product\/product&amp;path=179&amp;product_id=1012\">\n\t\t\t\t\t\t\t\t\t<img src=\"https:\/\/vww.pt\/image\/cache\/catalog\/Prot.%20corpo\/combinado\/205902-500x666.png\" alt=\"Colete Acolchoado Bicolor\" title=\"Colete Acolchoado Bicolor\" class=\"img-responsive\" \/>\t\t\t\t\t\t\t\t<\/a>\t\t\t\t\t\t\t\t<div class=\"action-links\">\n\t\t\t\t\t\t\t\t\t<button class=\"btn-cart\" type=\"button\" data-toggle=\"tooltip\" title=\"Adicionar ao Pedido\" onclick=\"cart.add('1012', '1')\"><i class=\"ion-bag\"><\/i><span>Adicionar ao Pedido<\/span><\/button>\n\t\t\t\t\t\t\t\t\t<button class=\"btn-wishlist\" type=\"button\" data-toggle=\"tooltip\" title=\"Add \u00e0 Lista de preferencias\" onclick=\"wishlist.add('1012');\"><i class=\"ion-android-favorite-outline\"><\/i><span>Add \u00e0 Lista de preferencias<\/span><\/button>\n\t\t\t\t\t\t\t\t\t<button class=\"btn-compare\" type=\"button\" data-toggle=\"tooltip\" title=\"Comparar\" onclick=\"compare.add('1012');\"><i class=\"ion-android-options\"><\/i><span>Comparar<\/span><\/button>\n\t\t\t\t\t\t\t\t\t<button class=\"btn-quickview\" type=\"button\" data-toggle=\"tooltip\" title=\"Quick View\" onclick=\"ocquickview.ajaxView('https:\/\/vww.pt\/index.php?route=product\/product&amp;path=179&amp;product_id=1012')\"><i class=\"ion-android-open\"><\/i><span>Quick View<\/span><\/button>\n\t\t\t\t\t\t\t\t<\/div>\n\t\t\t\t\t\t\t<\/div>\n\t\t\t\t\t\t\t<div class=\"caption\">\t\t\t\t\t\t\t\t<p class=\"manufacture-product\">\n\t\t\t\t\t\t\t\t\t<a href=\"https:\/\/vww.pt\/index.php?route=product\/manufacturer\/info&amp;manufacturer_id=36\">VELILLA<\/a>\n\t\t\t\t\t\t\t\t<\/p>\t\t\t\t\t\t\t\t<h4 class=\"product-name\"><a href=\"https:\/\/vww.pt\/index.php?route=product\/product&amp;path=179&amp;product_id=1012\">Colete Acolchoado Bicolor<\/a><\/h4>\t\t\t\t\t\t\t\t\t<p class=\"price\">0.00\u20ac\t\t\t\t\t\t\t\t\t<\/p>\t\t\t\t\t\t\t\t<p class=\"product-des 8\">DESCRI\u00c7\u00c3OFecho-ecler central, oculto com palaPala central com bot\u00f5es autom\u00e1ticosC\u00f3s el\u00e1stico lateralCorta-vento em cavaCor de contraste nos foles, puxadores e presilhasSete bolsos:1 bolso de fole no peito, com pala, puxador e velcro2 bolsos inferiores de fole, com pala, puxador e velcro Debaixo de c..<\/p>\n\t\t\t\t\t\t\t<\/div>\n                        <\/div>\n                    <\/div>                    <div class=\"product-layout product-list col-xs-12\">\n                        <div class=\"product-thumb\">\n                            <div class=\"image\">\n\t\t\t\t\t\t\t\t<a href=\"https:\/\/vww.pt\/index.php?route=product\/product&amp;path=179&amp;product_id=955\">\n\t\t\t\t\t\t\t\t\t<img src=\"https:\/\/vww.pt\/image\/cache\/catalog\/Prot.%20corpo\/vestuario%20laboral\/expert-azul-01-500x666.png\" alt=\"Colete Expert\" title=\"Colete Expert\" class=\"img-responsive\" \/>\t\t\t\t\t\t\t\t<\/a>\t\t\t\t\t\t\t\t<div class=\"action-links\">\n\t\t\t\t\t\t\t\t\t<button class=\"btn-cart\" type=\"button\" data-toggle=\"tooltip\" title=\"Adicionar ao Pedido\" onclick=\"cart.add('955', '1')\"><i class=\"ion-bag\"><\/i><span>Adicionar ao Pedido<\/span><\/button>\n\t\t\t\t\t\t\t\t\t<button class=\"btn-wishlist\" type=\"button\" data-toggle=\"tooltip\" title=\"Add \u00e0 Lista de preferencias\" onclick=\"wishlist.add('955');\"><i class=\"ion-android-favorite-outline\"><\/i><span>Add \u00e0 Lista de preferencias<\/span><\/button>\n\t\t\t\t\t\t\t\t\t<button class=\"btn-compare\" type=\"button\" data-toggle=\"tooltip\" title=\"Comparar\" onclick=\"compare.add('955');\"><i class=\"ion-android-options\"><\/i><span>Comparar<\/span><\/button>\n\t\t\t\t\t\t\t\t\t<button class=\"btn-quickview\" type=\"button\" data-toggle=\"tooltip\" title=\"Quick View\" onclick=\"ocquickview.ajaxView('https:\/\/vww.pt\/index.php?route=product\/product&amp;path=179&amp;product_id=955')\"><i class=\"ion-android-open\"><\/i><span>Quick View<\/span><\/button>\n\t\t\t\t\t\t\t\t<\/div>\n\t\t\t\t\t\t\t<\/div>\n\t\t\t\t\t\t\t<div class=\"caption\">\t\t\t\t\t\t\t\t<p class=\"manufacture-product\">\n\t\t\t\t\t\t\t\t\t<a href=\"https:\/\/vww.pt\/index.php?route=product\/manufacturer\/info&amp;manufacturer_id=14\">COFRA<\/a>\n\t\t\t\t\t\t\t\t<\/p>\t\t\t\t\t\t\t\t<h4 class=\"product-name\"><a href=\"https:\/\/vww.pt\/index.php?route=product\/product&amp;path=179&amp;product_id=955\">Colete Expert<\/a><\/h4>\t\t\t\t\t\t\t\t\t<p class=\"price\">0.00\u20ac\t\t\t\t\t\t\t\t\t<\/p>\t\t\t\t\t\t\t\t<p class=\"product-des 8\">DESCRI\u00c7\u00c3O1 bolso traseiro2 bolsos frontais grandes com um ziper2 bolsos no peito3 bolsos com z\u00edperAberturas lateraisZ\u00edper YKK\u00aeCOMPOSI\u00c7\u00c3O60% algod\u00e3o 40% poli\u00e9sterPeso: 245 g\/m2&amp;nbsp;..<\/p>\n\t\t\t\t\t\t\t<\/div>\n                        <\/div>\n                    <\/div>                    <div class=\"product-layout product-list col-xs-12\">\n                        <div class=\"product-thumb\">\n                            <div class=\"image\">\n\t\t\t\t\t\t\t\t<a href=\"https:\/\/vww.pt\/index.php?route=product\/product&amp;path=179&amp;product_id=1128\">\n\t\t\t\t\t\t\t\t\t<img src=\"https:\/\/vww.pt\/image\/cache\/catalog\/catalogo\/CHUVITEX\/colete%20av%20-%20cvt.jpg-500x666.png\" alt=\"colete Hi-Vis\" title=\"colete Hi-Vis\" class=\"img-responsive\" \/>\t\t\t\t\t\t\t\t<\/a>\t\t\t\t\t\t\t\t<div class=\"action-links\">\n\t\t\t\t\t\t\t\t\t<button class=\"btn-cart\" type=\"button\" data-toggle=\"tooltip\" title=\"Adicionar ao Pedido\" onclick=\"cart.add('1128', '1')\"><i class=\"ion-bag\"><\/i><span>Adicionar ao Pedido<\/span><\/button>\n\t\t\t\t\t\t\t\t\t<button class=\"btn-wishlist\" type=\"button\" data-toggle=\"tooltip\" title=\"Add \u00e0 Lista de preferencias\" onclick=\"wishlist.add('1128');\"><i class=\"ion-android-favorite-outline\"><\/i><span>Add \u00e0 Lista de preferencias<\/span><\/button>\n\t\t\t\t\t\t\t\t\t<button class=\"btn-compare\" type=\"button\" data-toggle=\"tooltip\" title=\"Comparar\" onclick=\"compare.add('1128');\"><i class=\"ion-android-options\"><\/i><span>Comparar<\/span><\/button>\n\t\t\t\t\t\t\t\t\t<button class=\"btn-quickview\" type=\"button\" data-toggle=\"tooltip\" title=\"Quick View\" onclick=\"ocquickview.ajaxView('https:\/\/vww.pt\/index.php?route=product\/product&amp;path=179&amp;product_id=1128')\"><i class=\"ion-android-open\"><\/i><span>Quick View<\/span><\/button>\n\t\t\t\t\t\t\t\t<\/div>\n\t\t\t\t\t\t\t<\/div>\n\t\t\t\t\t\t\t<div class=\"caption\">\t\t\t\t\t\t\t\t<p class=\"manufacture-product\">\n\t\t\t\t\t\t\t\t\t<a href=\"https:\/\/vww.pt\/index.php?route=product\/manufacturer\/info&amp;manufacturer_id=28\">VWW<\/a>\n\t\t\t\t\t\t\t\t<\/p>\t\t\t\t\t\t\t\t<h4 class=\"product-name\"><a href=\"https:\/\/vww.pt\/index.php?route=product\/product&amp;path=179&amp;product_id=1128\">colete Hi-Vis<\/a><\/h4>\t\t\t\t\t\t\t\t\t<p class=\"price\">0.00\u20ac\t\t\t\t\t\t\t\t\t<\/p>\t\t\t\t\t\t\t\t<p class=\"product-des 8\">DESCRI\u00c7\u00c3OColete de alta&amp;nbsp;visibilidadeAperta por meio de velcroCOMPOSI\u00c7\u00c3O100% poli\u00e9sterNORMAS E CERTEFICA\u00c7\u00d5ESEN 20471:2013+A1:2016..<\/p>\n\t\t\t\t\t\t\t<\/div>\n                        <\/div>\n                    <\/div>                    <div class=\"product-layout product-list col-xs-12\">\n                        <div class=\"product-thumb\">\n                            <div class=\"image\">\n\t\t\t\t\t\t\t\t<a href=\"https:\/\/vww.pt\/index.php?route=product\/product&amp;path=179&amp;product_id=1514\">\n\t\t\t\t\t\t\t\t\t<img src=\"https:\/\/vww.pt\/image\/cache\/catalog\/catalogo\/FARU\/PROT.%20OCULAR\/Mascaras%20de%20soldagem\/Equipamento%20de%20soldagem%20motorizado%20TH3\/sc441%20-%201-500x666.png\" alt=\"Equipamento de soldador motorizado TH3\" title=\"Equipamento de soldador motorizado TH3\" class=\"img-responsive\" \/>\t\t\t\t\t\t\t\t<\/a>\t\t\t\t\t\t\t\t<div class=\"action-links\">\n\t\t\t\t\t\t\t\t\t<button class=\"btn-cart\" type=\"button\" data-toggle=\"tooltip\" title=\"Adicionar ao Pedido\" onclick=\"cart.add('1514', '1')\"><i class=\"ion-bag\"><\/i><span>Adicionar ao Pedido<\/span><\/button>\n\t\t\t\t\t\t\t\t\t<button class=\"btn-wishlist\" type=\"button\" data-toggle=\"tooltip\" title=\"Add \u00e0 Lista de preferencias\" onclick=\"wishlist.add('1514');\"><i class=\"ion-android-favorite-outline\"><\/i><span>Add \u00e0 Lista de preferencias<\/span><\/button>\n\t\t\t\t\t\t\t\t\t<button class=\"btn-compare\" type=\"button\" data-toggle=\"tooltip\" title=\"Comparar\" onclick=\"compare.add('1514');\"><i class=\"ion-android-options\"><\/i><span>Comparar<\/span><\/button>\n\t\t\t\t\t\t\t\t\t<button class=\"btn-quickview\" type=\"button\" data-toggle=\"tooltip\" title=\"Quick View\" onclick=\"ocquickview.ajaxView('https:\/\/vww.pt\/index.php?route=product\/product&amp;path=179&amp;product_id=1514')\"><i class=\"ion-android-open\"><\/i><span>Quick View<\/span><\/button>\n\t\t\t\t\t\t\t\t<\/div>\n\t\t\t\t\t\t\t<\/div>\n\t\t\t\t\t\t\t<div class=\"caption\">\t\t\t\t\t\t\t\t<p class=\"manufacture-product\">\n\t\t\t\t\t\t\t\t\t<a href=\"https:\/\/vww.pt\/index.php?route=product\/manufacturer\/info&amp;manufacturer_id=11\">FARU<\/a>\n\t\t\t\t\t\t\t\t<\/p>\t\t\t\t\t\t\t\t<h4 class=\"product-name\"><a href=\"https:\/\/vww.pt\/index.php?route=product\/product&amp;path=179&amp;product_id=1514\">Equipamento de soldador motorizado TH3<\/a><\/h4>\t\t\t\t\t\t\t\t\t<p class=\"price\">0.00\u20ac\t\t\t\t\t\t\t\t\t<\/p>\t\t\t\t\t\t\t\t<p class=\"product-des 8\">DESCRI\u00c7\u00c3OPantera Air System \u00e9 um&amp;nbsp;dispositivo que garante excelente prote\u00e7\u00e3o respirat\u00f3ria e facial&amp;nbsp;, para maior seguran\u00e7a e conforto durante a soldagemPort\u00e1til e confort\u00e1vel, \u00e9 ideal para todas as situa\u00e7\u00f5es operacionaisEm ambientes internos pode ser combinado com um sistema de aspira\u00e7\u00e3o cen..<\/p>\n\t\t\t\t\t\t\t<\/div>\n                        <\/div>\n                    <\/div>                    <div class=\"product-layout product-list col-xs-12\">\n                        <div class=\"product-thumb\">\n                            <div class=\"image\">\n\t\t\t\t\t\t\t\t<a href=\"https:\/\/vww.pt\/index.php?route=product\/product&amp;path=179&amp;product_id=533\">\n\t\t\t\t\t\t\t\t\t<img src=\"https:\/\/vww.pt\/image\/catalog\/8718475925705_a_en_r458.jpg\" alt=\"Espelho de Trafego 60cm\" title=\"Espelho de Trafego 60cm\" class=\"img-responsive\" \/>\t\t\t\t\t\t\t\t<\/a>\t\t\t\t\t\t\t\t<div class=\"action-links\">\n\t\t\t\t\t\t\t\t\t<button class=\"btn-cart\" type=\"button\" data-toggle=\"tooltip\" title=\"Adicionar ao Pedido\" onclick=\"cart.add('533', '1')\"><i class=\"ion-bag\"><\/i><span>Adicionar ao Pedido<\/span><\/button>\n\t\t\t\t\t\t\t\t\t<button class=\"btn-wishlist\" type=\"button\" data-toggle=\"tooltip\" title=\"Add \u00e0 Lista de preferencias\" onclick=\"wishlist.add('533');\"><i class=\"ion-android-favorite-outline\"><\/i><span>Add \u00e0 Lista de preferencias<\/span><\/button>\n\t\t\t\t\t\t\t\t\t<button class=\"btn-compare\" type=\"button\" data-toggle=\"tooltip\" title=\"Comparar\" onclick=\"compare.add('533');\"><i class=\"ion-android-options\"><\/i><span>Comparar<\/span><\/button>\n\t\t\t\t\t\t\t\t\t<button class=\"btn-quickview\" type=\"button\" data-toggle=\"tooltip\" title=\"Quick View\" onclick=\"ocquickview.ajaxView('https:\/\/vww.pt\/index.php?route=product\/product&amp;path=179&amp;product_id=533')\"><i class=\"ion-android-open\"><\/i><span>Quick View<\/span><\/button>\n\t\t\t\t\t\t\t\t<\/div>\n\t\t\t\t\t\t\t<\/div>\n\t\t\t\t\t\t\t<div class=\"caption\">\t\t\t\t\t\t\t\t<p class=\"manufacture-product\">\n\t\t\t\t\t\t\t\t\t<a href=\"https:\/\/vww.pt\/index.php?route=product\/manufacturer\/info&amp;manufacturer_id=11\">FARU<\/a>\n\t\t\t\t\t\t\t\t<\/p>\t\t\t\t\t\t\t\t<h4 class=\"product-name\"><a href=\"https:\/\/vww.pt\/index.php?route=product\/product&amp;path=179&amp;product_id=533\">Espelho de Trafego 60cm<\/a><\/h4>\t\t\t\t\t\t\t\t\t<p class=\"price\">0.00\u20ac\t\t\t\t\t\t\t\t\t<\/p>\t\t\t\t\t\t\t\t<p class=\"product-des 8\">DESCRI\u00c7\u00c3OSuperf\u00edcie acr\u00edlica e suporte ABSSuperf\u00edcie Resistente \u00e0 corros\u00e3o e temperaturas extremasBase resistente \u00e0 umidade de uma pe\u00e7aFornece seguran\u00e7a em cruzamentos, ruas, garagens Eles incluem suporte de poste de 60-70 mm (ambos os modelos)Com polo vertical permite a regula\u00e7\u00e3o da posi\u00e7\u00e3o em todo..<\/p>\n\t\t\t\t\t\t\t<\/div>\n                        <\/div>\n                    <\/div>                    <div class=\"product-layout product-list col-xs-12\">\n                        <div class=\"product-thumb\">\n                            <div class=\"image\">\n\t\t\t\t\t\t\t\t<a href=\"https:\/\/vww.pt\/index.php?route=product\/product&amp;path=179&amp;product_id=534\">\n\t\t\t\t\t\t\t\t\t<img src=\"https:\/\/vww.pt\/image\/cache\/catalog\/536045_Espelho%20interior%2045cm_Faru-500x666.jpg\" alt=\"Espelho interior 45cm\" title=\"Espelho interior 45cm\" class=\"img-responsive\" \/>\t\t\t\t\t\t\t\t<\/a>\t\t\t\t\t\t\t\t<div class=\"action-links\">\n\t\t\t\t\t\t\t\t\t<button class=\"btn-cart\" type=\"button\" data-toggle=\"tooltip\" title=\"Adicionar ao Pedido\" onclick=\"cart.add('534', '1')\"><i class=\"ion-bag\"><\/i><span>Adicionar ao Pedido<\/span><\/button>\n\t\t\t\t\t\t\t\t\t<button class=\"btn-wishlist\" type=\"button\" data-toggle=\"tooltip\" title=\"Add \u00e0 Lista de preferencias\" onclick=\"wishlist.add('534');\"><i class=\"ion-android-favorite-outline\"><\/i><span>Add \u00e0 Lista de preferencias<\/span><\/button>\n\t\t\t\t\t\t\t\t\t<button class=\"btn-compare\" type=\"button\" data-toggle=\"tooltip\" title=\"Comparar\" onclick=\"compare.add('534');\"><i class=\"ion-android-options\"><\/i><span>Comparar<\/span><\/button>\n\t\t\t\t\t\t\t\t\t<button class=\"btn-quickview\" type=\"button\" data-toggle=\"tooltip\" title=\"Quick View\" onclick=\"ocquickview.ajaxView('https:\/\/vww.pt\/index.php?route=product\/product&amp;path=179&amp;product_id=534')\"><i class=\"ion-android-open\"><\/i><span>Quick View<\/span><\/button>\n\t\t\t\t\t\t\t\t<\/div>\n\t\t\t\t\t\t\t<\/div>\n\t\t\t\t\t\t\t<div class=\"caption\">\t\t\t\t\t\t\t\t<p class=\"manufacture-product\">\n\t\t\t\t\t\t\t\t\t<a href=\"https:\/\/vww.pt\/index.php?route=product\/manufacturer\/info&amp;manufacturer_id=11\">FARU<\/a>\n\t\t\t\t\t\t\t\t<\/p>\t\t\t\t\t\t\t\t<h4 class=\"product-name\"><a href=\"https:\/\/vww.pt\/index.php?route=product\/product&amp;path=179&amp;product_id=534\">Espelho interior 45cm<\/a><\/h4>\t\t\t\t\t\t\t\t\t<p class=\"price\">0.00\u20ac\t\t\t\t\t\t\t\t\t<\/p>\t\t\t\t\t\t\t\t<p class=\"product-des 8\">DESCRI\u00c7\u00c3OSuperf\u00edcie acr\u00edlicaResistente a impactos e listrasBase de uma pe\u00e7a resistente \u00e0 HumidadeFornece seguran\u00e7a em cruzamentos, lojas, supermercados, hospitaisPara prender a paredeO suporte da parede est\u00e1 inclu\u00eddo..<\/p>\n\t\t\t\t\t\t\t<\/div>\n                        <\/div>\n                    <\/div>                    <div class=\"product-layout product-list col-xs-12\">\n                        <div class=\"product-thumb\">\n                            <div class=\"image\">\n\t\t\t\t\t\t\t\t<a href=\"https:\/\/vww.pt\/index.php?route=product\/product&amp;path=179&amp;product_id=535\">\n\t\t\t\t\t\t\t\t\t<img src=\"https:\/\/vww.pt\/image\/cache\/catalog\/catalogo\/FARU\/SINALIZACAO\/LANTERNAS%20E%20BATERIAS%20MAXILITE\/LAA20_Farol%20ambar%20maxilite%20LED%20com%20fotoce\u0301lula_JSP\/LAA20-500x666.jpg\" alt=\"Farol ambar maxilite LED c\/ fotoce\u0301lula \" title=\"Farol ambar maxilite LED c\/ fotoce\u0301lula \" class=\"img-responsive\" \/><img class=\"img-r\" src=\"https:\/\/vww.pt\/image\/cache\/catalog\/catalogo\/FARU\/SINALIZACAO\/LANTERNAS%20E%20BATERIAS%20MAXILITE\/LAA20_Farol%20ambar%20maxilite%20LED%20com%20fotoce\u0301lula_JSP\/MAXILED_TITAN-500x666.jpg\" alt=\"Farol ambar maxilite LED c\/ fotoce\u0301lula \" title=\"Farol ambar maxilite LED c\/ fotoce\u0301lula \" class=\"img-responsive\" \/>\t\t\t\t\t\t\t\t<\/a>\t\t\t\t\t\t\t\t<div class=\"action-links\">\n\t\t\t\t\t\t\t\t\t<button class=\"btn-cart\" type=\"button\" data-toggle=\"tooltip\" title=\"Adicionar ao Pedido\" onclick=\"cart.add('535', '1')\"><i class=\"ion-bag\"><\/i><span>Adicionar ao Pedido<\/span><\/button>\n\t\t\t\t\t\t\t\t\t<button class=\"btn-wishlist\" type=\"button\" data-toggle=\"tooltip\" title=\"Add \u00e0 Lista de preferencias\" onclick=\"wishlist.add('535');\"><i class=\"ion-android-favorite-outline\"><\/i><span>Add \u00e0 Lista de preferencias<\/span><\/button>\n\t\t\t\t\t\t\t\t\t<button class=\"btn-compare\" type=\"button\" data-toggle=\"tooltip\" title=\"Comparar\" onclick=\"compare.add('535');\"><i class=\"ion-android-options\"><\/i><span>Comparar<\/span><\/button>\n\t\t\t\t\t\t\t\t\t<button class=\"btn-quickview\" type=\"button\" data-toggle=\"tooltip\" title=\"Quick View\" onclick=\"ocquickview.ajaxView('https:\/\/vww.pt\/index.php?route=product\/product&amp;path=179&amp;product_id=535')\"><i class=\"ion-android-open\"><\/i><span>Quick View<\/span><\/button>\n\t\t\t\t\t\t\t\t<\/div>\n\t\t\t\t\t\t\t<\/div>\n\t\t\t\t\t\t\t<div class=\"caption\">\t\t\t\t\t\t\t\t<p class=\"manufacture-product\">\n\t\t\t\t\t\t\t\t\t<a href=\"https:\/\/vww.pt\/index.php?route=product\/manufacturer\/info&amp;manufacturer_id=15\">JSP<\/a>\n\t\t\t\t\t\t\t\t<\/p>\t\t\t\t\t\t\t\t<h4 class=\"product-name\"><a href=\"https:\/\/vww.pt\/index.php?route=product\/product&amp;path=179&amp;product_id=535\">Farol ambar maxilite LED c\/ fotoce\u0301lula <\/a><\/h4>\t\t\t\t\t\t\t\t\t<p class=\"price\">0.00\u20ac\t\t\t\t\t\t\t\t\t<\/p>\t\t\t\t\t\t\t\t<p class=\"product-des 8\">&amp;nbsp;DESCRI\u00c7\u00c3OL\u00e2mpada para uso com 2 baterias tipo 4R25 (n\u00e3o inclu\u00edda). Cabe\u00e7a girat\u00f3ria 360o. Lentes de di\u00e2metro de 180 mm para m\u00e1xima luminosidade, wide, retro-reflexiva e prism\u00e1tica. As lentes s\u00e3o resistentes ao impacto. A fotoc\u00e9lula liga\/desliga automaticamente. Quando a fotoc\u00e9lula detecta que ..<\/p>\n\t\t\t\t\t\t\t<\/div>\n                        <\/div>\n                    <\/div>                    <div class=\"product-layout product-list col-xs-12\">\n                        <div class=\"product-thumb\">\n                            <div class=\"image\">\n\t\t\t\t\t\t\t\t<a href=\"https:\/\/vww.pt\/index.php?route=product\/product&amp;path=179&amp;product_id=1513\">\n\t\t\t\t\t\t\t\t\t<img src=\"https:\/\/vww.pt\/image\/cache\/catalog\/EPI'S\/Prot.%20Ocular\/Acessorios\/Filtro%20de%20part\u00edculas%20ADFLO\/Filtro-de-part\u00edculas-ADFLO-(1)-500x666.jpg\" alt=\"Filtro de part\u00edculas ADFLO\" title=\"Filtro de part\u00edculas ADFLO\" class=\"img-responsive\" \/>\t\t\t\t\t\t\t\t<\/a>\t\t\t\t\t\t\t\t<div class=\"action-links\">\n\t\t\t\t\t\t\t\t\t<button class=\"btn-cart\" type=\"button\" data-toggle=\"tooltip\" title=\"Adicionar ao Pedido\" onclick=\"cart.add('1513', '1')\"><i class=\"ion-bag\"><\/i><span>Adicionar ao Pedido<\/span><\/button>\n\t\t\t\t\t\t\t\t\t<button class=\"btn-wishlist\" type=\"button\" data-toggle=\"tooltip\" title=\"Add \u00e0 Lista de preferencias\" onclick=\"wishlist.add('1513');\"><i class=\"ion-android-favorite-outline\"><\/i><span>Add \u00e0 Lista de preferencias<\/span><\/button>\n\t\t\t\t\t\t\t\t\t<button class=\"btn-compare\" type=\"button\" data-toggle=\"tooltip\" title=\"Comparar\" onclick=\"compare.add('1513');\"><i class=\"ion-android-options\"><\/i><span>Comparar<\/span><\/button>\n\t\t\t\t\t\t\t\t\t<button class=\"btn-quickview\" type=\"button\" data-toggle=\"tooltip\" title=\"Quick View\" onclick=\"ocquickview.ajaxView('https:\/\/vww.pt\/index.php?route=product\/product&amp;path=179&amp;product_id=1513')\"><i class=\"ion-android-open\"><\/i><span>Quick View<\/span><\/button>\n\t\t\t\t\t\t\t\t<\/div>\n\t\t\t\t\t\t\t<\/div>\n\t\t\t\t\t\t\t<div class=\"caption\">\t\t\t\t\t\t\t\t<p class=\"manufacture-product\">\n\t\t\t\t\t\t\t\t\t<a href=\"https:\/\/vww.pt\/index.php?route=product\/manufacturer\/info&amp;manufacturer_id=12\">3M<\/a>\n\t\t\t\t\t\t\t\t<\/p>\t\t\t\t\t\t\t\t<h4 class=\"product-name\"><a href=\"https:\/\/vww.pt\/index.php?route=product\/product&amp;path=179&amp;product_id=1513\">Filtro de part\u00edculas ADFLO<\/a><\/h4>\t\t\t\t\t\t\t\t\t<p class=\"price\">0.00\u20ac\t\t\t\t\t\t\t\t\t<\/p>\t\t\t\t\t\t\t\t<p class=\"product-des 8\">DESCRI\u00c7\u00c3OOferece prote\u00e7\u00e3o contra uma variedade de riscos de part\u00edculas e gases (dependendo dos filtros selecionados) Para uso com respiradores purificadores de ar motorizados (PAPR) 3M\u2122 Adflo\u2122 Filtro de part\u00edculas, filtros de gases e filtro\/almofada para odores dispon\u00edveis A instala\u00e7\u00e3o \u00e9 f\u00e1cil e seg..<\/p>\n\t\t\t\t\t\t\t<\/div>\n                        <\/div>\n                    <\/div>                    <div class=\"product-layout product-list col-xs-12\">\n                        <div class=\"product-thumb\">\n                            <div class=\"image\">\n\t\t\t\t\t\t\t\t<a href=\"https:\/\/vww.pt\/index.php?route=product\/product&amp;path=179&amp;product_id=1577\">\n\t\t\t\t\t\t\t\t\t<img src=\"https:\/\/vww.pt\/image\/cache\/catalog\/EPI'S\/Prot.%20Ocular\/Acessorios\/Filtro%20speed%20glass\/Filtro-speedglass-G5-02-(1)-500x666.jpg\" alt=\"Filtro speedglass\" title=\"Filtro speedglass\" class=\"img-responsive\" \/>\t\t\t\t\t\t\t\t<\/a>\t\t\t\t\t\t\t\t<div class=\"action-links\">\n\t\t\t\t\t\t\t\t\t<button class=\"btn-cart\" type=\"button\" data-toggle=\"tooltip\" title=\"Adicionar ao Pedido\" onclick=\"cart.add('1577', '1')\"><i class=\"ion-bag\"><\/i><span>Adicionar ao Pedido<\/span><\/button>\n\t\t\t\t\t\t\t\t\t<button class=\"btn-wishlist\" type=\"button\" data-toggle=\"tooltip\" title=\"Add \u00e0 Lista de preferencias\" onclick=\"wishlist.add('1577');\"><i class=\"ion-android-favorite-outline\"><\/i><span>Add \u00e0 Lista de preferencias<\/span><\/button>\n\t\t\t\t\t\t\t\t\t<button class=\"btn-compare\" type=\"button\" data-toggle=\"tooltip\" title=\"Comparar\" onclick=\"compare.add('1577');\"><i class=\"ion-android-options\"><\/i><span>Comparar<\/span><\/button>\n\t\t\t\t\t\t\t\t\t<button class=\"btn-quickview\" type=\"button\" data-toggle=\"tooltip\" title=\"Quick View\" onclick=\"ocquickview.ajaxView('https:\/\/vww.pt\/index.php?route=product\/product&amp;path=179&amp;product_id=1577')\"><i class=\"ion-android-open\"><\/i><span>Quick View<\/span><\/button>\n\t\t\t\t\t\t\t\t<\/div>\n\t\t\t\t\t\t\t<\/div>\n\t\t\t\t\t\t\t<div class=\"caption\">\t\t\t\t\t\t\t\t<p class=\"manufacture-product\">\n\t\t\t\t\t\t\t\t\t<a href=\"https:\/\/vww.pt\/index.php?route=product\/manufacturer\/info&amp;manufacturer_id=12\">3M<\/a>\n\t\t\t\t\t\t\t\t<\/p>\t\t\t\t\t\t\t\t<h4 class=\"product-name\"><a href=\"https:\/\/vww.pt\/index.php?route=product\/product&amp;path=179&amp;product_id=1577\">Filtro speedglass<\/a><\/h4>\t\t\t\t\t\t\t\t\t<p class=\"price\">0.00\u20ac\t\t\t\t\t\t\t\t\t<\/p>\t\t\t\t\t\t\t\t<p class=\"product-des 8\">DESCRI\u00c7\u00c3OO nosso maior campo de vis\u00e3o ADF de sempre (150 x 76 mm) com a Tecnologia de Vidro Curvo 3M\u2122 Speedglas\u2122 Grande nitidez antes, durante e depois da soldadura com a nossa Tecnologia de Cor Natural 3M\u2122 Speedglas\u2122 Com quatro sensores de arco, o filtro de soldadura G5-02 \u00e9 acionado de forma fi\u00e1ve..<\/p>\n\t\t\t\t\t\t\t<\/div>\n                        <\/div>\n                    <\/div>                    <div class=\"product-layout product-list col-xs-12\">\n                        <div class=\"product-thumb\">\n                            <div class=\"image\">\n\t\t\t\t\t\t\t\t<a href=\"https:\/\/vww.pt\/index.php?route=product\/product&amp;path=179&amp;product_id=537\">\n\t\t\t\t\t\t\t\t\t<img src=\"https:\/\/vww.pt\/image\/cache\/catalog\/catalogo\/FARU\/SINALIZACAO\/FITAS%20DE%20SINALIZACAO\/C257F_Fita%20Balizamento%20BReVR_Faru\/fita-vermelho-branco-500x666.png\" alt=\"Fita de sinaliza\u00e7\u00e3o\" title=\"Fita de sinaliza\u00e7\u00e3o\" class=\"img-responsive\" \/>\t\t\t\t\t\t\t\t<\/a>\t\t\t\t\t\t\t\t<div class=\"action-links\">\n\t\t\t\t\t\t\t\t\t<button class=\"btn-cart\" type=\"button\" data-toggle=\"tooltip\" title=\"Adicionar ao Pedido\" onclick=\"cart.add('537', '1')\"><i class=\"ion-bag\"><\/i><span>Adicionar ao Pedido<\/span><\/button>\n\t\t\t\t\t\t\t\t\t<button class=\"btn-wishlist\" type=\"button\" data-toggle=\"tooltip\" title=\"Add \u00e0 Lista de preferencias\" onclick=\"wishlist.add('537');\"><i class=\"ion-android-favorite-outline\"><\/i><span>Add \u00e0 Lista de preferencias<\/span><\/button>\n\t\t\t\t\t\t\t\t\t<button class=\"btn-compare\" type=\"button\" data-toggle=\"tooltip\" title=\"Comparar\" onclick=\"compare.add('537');\"><i class=\"ion-android-options\"><\/i><span>Comparar<\/span><\/button>\n\t\t\t\t\t\t\t\t\t<button class=\"btn-quickview\" type=\"button\" data-toggle=\"tooltip\" title=\"Quick View\" onclick=\"ocquickview.ajaxView('https:\/\/vww.pt\/index.php?route=product\/product&amp;path=179&amp;product_id=537')\"><i class=\"ion-android-open\"><\/i><span>Quick View<\/span><\/button>\n\t\t\t\t\t\t\t\t<\/div>\n\t\t\t\t\t\t\t<\/div>\n\t\t\t\t\t\t\t<div class=\"caption\">\t\t\t\t\t\t\t\t<p class=\"manufacture-product\">\n\t\t\t\t\t\t\t\t\t<a href=\"https:\/\/vww.pt\/index.php?route=product\/manufacturer\/info&amp;manufacturer_id=28\">VWW<\/a>\n\t\t\t\t\t\t\t\t<\/p>\t\t\t\t\t\t\t\t<h4 class=\"product-name\"><a href=\"https:\/\/vww.pt\/index.php?route=product\/product&amp;path=179&amp;product_id=537\">Fita de sinaliza\u00e7\u00e3o<\/a><\/h4>\t\t\t\t\t\t\t\t\t<p class=\"price\">0.00\u20ac\t\t\t\t\t\t\t\t\t<\/p>\t\t\t\t\t\t\t\t<p class=\"product-des 8\">DESCRI\u00c7\u00c3OFita de sinaliza\u00e7\u00e3o em PELD de polietileno de baixa densidade como sinal de alerta, delineando&amp;nbsp;\u00e1reas que representam algum risco.Dimens\u00f5es: 250m de comprimento x 8cm de largura..<\/p>\n\t\t\t\t\t\t\t<\/div>\n                        <\/div>\n                    <\/div>                    <div class=\"product-layout product-list col-xs-12\">\n                        <div class=\"product-thumb\">\n                            <div class=\"image\">\n\t\t\t\t\t\t\t\t<a href=\"https:\/\/vww.pt\/index.php?route=product\/product&amp;path=179&amp;product_id=540\">\n\t\t\t\t\t\t\t\t\t<img src=\"https:\/\/vww.pt\/image\/cache\/catalog\/catalogo\/FARU\/SINALIZACAO\/FITAS%20DE%20SINALIZACAO\/C507_Fitas%20anti-derrapantes_Faru\/c507AMPR-500x666.jpg\" alt=\"Fitas Sinaliza\u00e7\u00e3o Adesivo Anti-Derrapantes\" title=\"Fitas Sinaliza\u00e7\u00e3o Adesivo Anti-Derrapantes\" class=\"img-responsive\" \/>\t\t\t\t\t\t\t\t<\/a>\t\t\t\t\t\t\t\t<div class=\"action-links\">\n\t\t\t\t\t\t\t\t\t<button class=\"btn-cart\" type=\"button\" data-toggle=\"tooltip\" title=\"Adicionar ao Pedido\" onclick=\"cart.add('540', '1')\"><i class=\"ion-bag\"><\/i><span>Adicionar ao Pedido<\/span><\/button>\n\t\t\t\t\t\t\t\t\t<button class=\"btn-wishlist\" type=\"button\" data-toggle=\"tooltip\" title=\"Add \u00e0 Lista de preferencias\" onclick=\"wishlist.add('540');\"><i class=\"ion-android-favorite-outline\"><\/i><span>Add \u00e0 Lista de preferencias<\/span><\/button>\n\t\t\t\t\t\t\t\t\t<button class=\"btn-compare\" type=\"button\" data-toggle=\"tooltip\" title=\"Comparar\" onclick=\"compare.add('540');\"><i class=\"ion-android-options\"><\/i><span>Comparar<\/span><\/button>\n\t\t\t\t\t\t\t\t\t<button class=\"btn-quickview\" type=\"button\" data-toggle=\"tooltip\" title=\"Quick View\" onclick=\"ocquickview.ajaxView('https:\/\/vww.pt\/index.php?route=product\/product&amp;path=179&amp;product_id=540')\"><i class=\"ion-android-open\"><\/i><span>Quick View<\/span><\/button>\n\t\t\t\t\t\t\t\t<\/div>\n\t\t\t\t\t\t\t<\/div>\n\t\t\t\t\t\t\t<div class=\"caption\">\t\t\t\t\t\t\t\t<p class=\"manufacture-product\">\n\t\t\t\t\t\t\t\t\t<a href=\"https:\/\/vww.pt\/index.php?route=product\/manufacturer\/info&amp;manufacturer_id=11\">FARU<\/a>\n\t\t\t\t\t\t\t\t<\/p>\t\t\t\t\t\t\t\t<h4 class=\"product-name\"><a href=\"https:\/\/vww.pt\/index.php?route=product\/product&amp;path=179&amp;product_id=540\">Fitas Sinaliza\u00e7\u00e3o Adesivo Anti-Derrapantes<\/a><\/h4>\t\t\t\t\t\t\t\t\t<p class=\"price\">0.00\u20ac\t\t\t\t\t\t\t\t\t<\/p>\t\t\t\t\t\t\t\t<p class=\"product-des 8\">DESCRI\u00c7\u00c3OFita anti deslizante com base auto adesiva.Proporciona anti deslize sobre superf\u00edcies lisas.Resistente e de f\u00e1cil instala\u00e7\u00e3o.Largura: 50mm X&amp;nbsp;Comprimento: 18,3mt.Cores:- Ref.: 00610 - Preta, 25mm de largura- Ref.: 00611 - Preta, 50mm de largura- Ref.: 00612 - Preta\/Amarela, 50mm de larg..<\/p>\n\t\t\t\t\t\t\t<\/div>\n                        <\/div>\n                    <\/div>                    <div class=\"product-layout product-list col-xs-12\">\n                        <div class=\"product-thumb\">\n                            <div class=\"image\">\n\t\t\t\t\t\t\t\t<a href=\"https:\/\/vww.pt\/index.php?route=product\/product&amp;path=179&amp;product_id=539\">\n\t\t\t\t\t\t\t\t\t<img src=\"https:\/\/vww.pt\/image\/cache\/catalog\/catalogo\/FARU\/SINALIZACAO\/FITAS%20DE%20SINALIZACAO\/C506_Fitas%20adesivas%2050mmx33mm%20Cores_Faru\/c506_suelo-500x666.jpg\" alt=\"Fitas Sinaliza\u00e7\u00e3o Auto adesivas PVC\" title=\"Fitas Sinaliza\u00e7\u00e3o Auto adesivas PVC\" class=\"img-responsive\" \/>\t\t\t\t\t\t\t\t<\/a>\t\t\t\t\t\t\t\t<div class=\"action-links\">\n\t\t\t\t\t\t\t\t\t<button class=\"btn-cart\" type=\"button\" data-toggle=\"tooltip\" title=\"Adicionar ao Pedido\" onclick=\"cart.add('539', '1')\"><i class=\"ion-bag\"><\/i><span>Adicionar ao Pedido<\/span><\/button>\n\t\t\t\t\t\t\t\t\t<button class=\"btn-wishlist\" type=\"button\" data-toggle=\"tooltip\" title=\"Add \u00e0 Lista de preferencias\" onclick=\"wishlist.add('539');\"><i class=\"ion-android-favorite-outline\"><\/i><span>Add \u00e0 Lista de preferencias<\/span><\/button>\n\t\t\t\t\t\t\t\t\t<button class=\"btn-compare\" type=\"button\" data-toggle=\"tooltip\" title=\"Comparar\" onclick=\"compare.add('539');\"><i class=\"ion-android-options\"><\/i><span>Comparar<\/span><\/button>\n\t\t\t\t\t\t\t\t\t<button class=\"btn-quickview\" type=\"button\" data-toggle=\"tooltip\" title=\"Quick View\" onclick=\"ocquickview.ajaxView('https:\/\/vww.pt\/index.php?route=product\/product&amp;path=179&amp;product_id=539')\"><i class=\"ion-android-open\"><\/i><span>Quick View<\/span><\/button>\n\t\t\t\t\t\t\t\t<\/div>\n\t\t\t\t\t\t\t<\/div>\n\t\t\t\t\t\t\t<div class=\"caption\">\t\t\t\t\t\t\t\t<p class=\"manufacture-product\">\n\t\t\t\t\t\t\t\t\t<a href=\"https:\/\/vww.pt\/index.php?route=product\/manufacturer\/info&amp;manufacturer_id=11\">FARU<\/a>\n\t\t\t\t\t\t\t\t<\/p>\t\t\t\t\t\t\t\t<h4 class=\"product-name\"><a href=\"https:\/\/vww.pt\/index.php?route=product\/product&amp;path=179&amp;product_id=539\">Fitas Sinaliza\u00e7\u00e3o Auto adesivas PVC<\/a><\/h4>\t\t\t\t\t\t\t\t\t<p class=\"price\">0.00\u20ac\t\t\t\t\t\t\t\t\t<\/p>\t\t\t\t\t\t\t\t<p class=\"product-des 8\">DESCRI\u00c7\u00c3OFitas de PVC autoadesivas para pisos. Aplica\u00e7\u00f5es na ind\u00fastria (armaz\u00e9ns, passagem de empilhadeira, etc.) e lazer. Resistente \u00e0 abras\u00e3o e vis\u00edvel de longe. Branco e vermelho \u00e9 usado para indicar perigo imediato, alta, proibi\u00e7\u00e3o. Preto e amarelo para alertar sobre o perigo de trope\u00e7ar ou cair..<\/p>\n\t\t\t\t\t\t\t<\/div>\n                        <\/div>\n                    <\/div>                    <div class=\"product-layout product-list col-xs-12\">\n                        <div class=\"product-thumb\">\n                            <div class=\"image\">\n\t\t\t\t\t\t\t\t<a href=\"https:\/\/vww.pt\/index.php?route=product\/product&amp;path=179&amp;product_id=957\">\n\t\t\t\t\t\t\t\t\t<img src=\"https:\/\/vww.pt\/image\/cache\/catalog\/Prot.%20corpo\/vestuario%20laboral\/STEEL-AZUL-01-500x666.png\" alt=\"Jardineira Pocket\" title=\"Jardineira Pocket\" class=\"img-responsive\" \/>\t\t\t\t\t\t\t\t<\/a>\t\t\t\t\t\t\t\t<div class=\"action-links\">\n\t\t\t\t\t\t\t\t\t<button class=\"btn-cart\" type=\"button\" data-toggle=\"tooltip\" title=\"Adicionar ao Pedido\" onclick=\"cart.add('957', '1')\"><i class=\"ion-bag\"><\/i><span>Adicionar ao Pedido<\/span><\/button>\n\t\t\t\t\t\t\t\t\t<button class=\"btn-wishlist\" type=\"button\" data-toggle=\"tooltip\" title=\"Add \u00e0 Lista de preferencias\" onclick=\"wishlist.add('957');\"><i class=\"ion-android-favorite-outline\"><\/i><span>Add \u00e0 Lista de preferencias<\/span><\/button>\n\t\t\t\t\t\t\t\t\t<button class=\"btn-compare\" type=\"button\" data-toggle=\"tooltip\" title=\"Comparar\" onclick=\"compare.add('957');\"><i class=\"ion-android-options\"><\/i><span>Comparar<\/span><\/button>\n\t\t\t\t\t\t\t\t\t<button class=\"btn-quickview\" type=\"button\" data-toggle=\"tooltip\" title=\"Quick View\" onclick=\"ocquickview.ajaxView('https:\/\/vww.pt\/index.php?route=product\/product&amp;path=179&amp;product_id=957')\"><i class=\"ion-android-open\"><\/i><span>Quick View<\/span><\/button>\n\t\t\t\t\t\t\t\t<\/div>\n\t\t\t\t\t\t\t<\/div>\n\t\t\t\t\t\t\t<div class=\"caption\">\t\t\t\t\t\t\t\t<p class=\"manufacture-product\">\n\t\t\t\t\t\t\t\t\t<a href=\"https:\/\/vww.pt\/index.php?route=product\/manufacturer\/info&amp;manufacturer_id=14\">COFRA<\/a>\n\t\t\t\t\t\t\t\t<\/p>\t\t\t\t\t\t\t\t<h4 class=\"product-name\"><a href=\"https:\/\/vww.pt\/index.php?route=product\/product&amp;path=179&amp;product_id=957\">Jardineira Pocket<\/a><\/h4>\t\t\t\t\t\t\t\t\t<p class=\"price\">0.00\u20ac\t\t\t\t\t\t\t\t\t<\/p>\t\t\t\t\t\t\t\t<p class=\"product-des 8\">DESCRI\u00c7\u00c3OBolsos frontais grandesSuspens\u00f3rios ajust\u00e1veis \u200b\u200bcom sistema de fecho de press\u00e3oBolso traseiro duplo - um com abaVirilha e joelhos refor\u00e7adosBolso traseiro duplo - um deles com abaCintura el\u00e1sticaPorta-canetasPresilha para marteloCorte ergon\u00f4mico nas pernas e joelhosBolso lateral para porta..<\/p>\n\t\t\t\t\t\t\t<\/div>\n                        <\/div>\n                    <\/div>                    <div class=\"product-layout product-list col-xs-12\">\n                        <div class=\"product-thumb\">\n                            <div class=\"image\">\n\t\t\t\t\t\t\t\t<a href=\"https:\/\/vww.pt\/index.php?route=product\/product&amp;path=179&amp;product_id=952\">\n\t\t\t\t\t\t\t\t\t<img src=\"https:\/\/vww.pt\/image\/cache\/catalog\/Prot.%20corpo\/vestuario%20laboral\/STEEL-AZUL-01-500x666.png\" alt=\"Jardineira Steel\" title=\"Jardineira Steel\" class=\"img-responsive\" \/>\t\t\t\t\t\t\t\t<\/a>\t\t\t\t\t\t\t\t<div class=\"action-links\">\n\t\t\t\t\t\t\t\t\t<button class=\"btn-cart\" type=\"button\" data-toggle=\"tooltip\" title=\"Adicionar ao Pedido\" onclick=\"cart.add('952', '1')\"><i class=\"ion-bag\"><\/i><span>Adicionar ao Pedido<\/span><\/button>\n\t\t\t\t\t\t\t\t\t<button class=\"btn-wishlist\" type=\"button\" data-toggle=\"tooltip\" title=\"Add \u00e0 Lista de preferencias\" onclick=\"wishlist.add('952');\"><i class=\"ion-android-favorite-outline\"><\/i><span>Add \u00e0 Lista de preferencias<\/span><\/button>\n\t\t\t\t\t\t\t\t\t<button class=\"btn-compare\" type=\"button\" data-toggle=\"tooltip\" title=\"Comparar\" onclick=\"compare.add('952');\"><i class=\"ion-android-options\"><\/i><span>Comparar<\/span><\/button>\n\t\t\t\t\t\t\t\t\t<button class=\"btn-quickview\" type=\"button\" data-toggle=\"tooltip\" title=\"Quick View\" onclick=\"ocquickview.ajaxView('https:\/\/vww.pt\/index.php?route=product\/product&amp;path=179&amp;product_id=952')\"><i class=\"ion-android-open\"><\/i><span>Quick View<\/span><\/button>\n\t\t\t\t\t\t\t\t<\/div>\n\t\t\t\t\t\t\t<\/div>\n\t\t\t\t\t\t\t<div class=\"caption\">\t\t\t\t\t\t\t\t<p class=\"manufacture-product\">\n\t\t\t\t\t\t\t\t\t<a href=\"https:\/\/vww.pt\/index.php?route=product\/manufacturer\/info&amp;manufacturer_id=14\">COFRA<\/a>\n\t\t\t\t\t\t\t\t<\/p>\t\t\t\t\t\t\t\t<h4 class=\"product-name\"><a href=\"https:\/\/vww.pt\/index.php?route=product\/product&amp;path=179&amp;product_id=952\">Jardineira Steel<\/a><\/h4>\t\t\t\t\t\t\t\t\t<p class=\"price\">0.00\u20ac\t\t\t\t\t\t\t\t\t<\/p>\t\t\t\t\t\t\t\t<p class=\"product-des 8\">DESCRI\u00c7\u00c3OBolsos frontais grandesSuspens\u00f3rios ajust\u00e1veis \u200b\u200bcom sistema de fecho de press\u00e3oBolso traseiro duplo - um com abaCintura el\u00e1sticaPorta-canetasPresilha para marteloCorte ergon\u00f4mico nas pernas e joelhosBolso lateral para porta-ferramentasBolso para telem\u00f3vel com E-WARD,&amp;nbsp;bolso para moedas..<\/p>\n\t\t\t\t\t\t\t<\/div>\n                        <\/div>\n                    <\/div>                    <div class=\"product-layout product-list col-xs-12\">\n                        <div class=\"product-thumb\">\n                            <div class=\"image\">\n\t\t\t\t\t\t\t\t<a href=\"https:\/\/vww.pt\/index.php?route=product\/product&amp;path=179&amp;product_id=946\">\n\t\t\t\t\t\t\t\t\t<img src=\"https:\/\/vww.pt\/image\/cache\/catalog\/Prot.%20corpo\/vestuario%20laboral\/viseu-azul-001-500x666.png\" alt=\"Jardineira Viseu\" title=\"Jardineira Viseu\" class=\"img-responsive\" \/>\t\t\t\t\t\t\t\t<\/a>\t\t\t\t\t\t\t\t<div class=\"action-links\">\n\t\t\t\t\t\t\t\t\t<button class=\"btn-cart\" type=\"button\" data-toggle=\"tooltip\" title=\"Adicionar ao Pedido\" onclick=\"cart.add('946', '1')\"><i class=\"ion-bag\"><\/i><span>Adicionar ao Pedido<\/span><\/button>\n\t\t\t\t\t\t\t\t\t<button class=\"btn-wishlist\" type=\"button\" data-toggle=\"tooltip\" title=\"Add \u00e0 Lista de preferencias\" onclick=\"wishlist.add('946');\"><i class=\"ion-android-favorite-outline\"><\/i><span>Add \u00e0 Lista de preferencias<\/span><\/button>\n\t\t\t\t\t\t\t\t\t<button class=\"btn-compare\" type=\"button\" data-toggle=\"tooltip\" title=\"Comparar\" onclick=\"compare.add('946');\"><i class=\"ion-android-options\"><\/i><span>Comparar<\/span><\/button>\n\t\t\t\t\t\t\t\t\t<button class=\"btn-quickview\" type=\"button\" data-toggle=\"tooltip\" title=\"Quick View\" onclick=\"ocquickview.ajaxView('https:\/\/vww.pt\/index.php?route=product\/product&amp;path=179&amp;product_id=946')\"><i class=\"ion-android-open\"><\/i><span>Quick View<\/span><\/button>\n\t\t\t\t\t\t\t\t<\/div>\n\t\t\t\t\t\t\t<\/div>\n\t\t\t\t\t\t\t<div class=\"caption\">\t\t\t\t\t\t\t\t<p class=\"manufacture-product\">\n\t\t\t\t\t\t\t\t\t<a href=\"https:\/\/vww.pt\/index.php?route=product\/manufacturer\/info&amp;manufacturer_id=14\">COFRA<\/a>\n\t\t\t\t\t\t\t\t<\/p>\t\t\t\t\t\t\t\t<h4 class=\"product-name\"><a href=\"https:\/\/vww.pt\/index.php?route=product\/product&amp;path=179&amp;product_id=946\">Jardineira Viseu<\/a><\/h4>\t\t\t\t\t\t\t\t\t<p class=\"price\">0.00\u20ac\t\t\t\t\t\t\t\t\t<\/p>\t\t\t\t\t\t\t\t<p class=\"product-des 8\">DESCRI\u00c7\u00c3O2 bolsos frontais grandesbolso grande com aba fechada com velcro no peito,&amp;nbsp;bolso lateral, bolso para telem\u00f3vel, bolso para r\u00e9gua, bolsos para joelheiras em nylon com posi\u00e7\u00e3o ajust\u00e1vele&amp;nbsp;bolso traseiro duplo com abasuspens\u00f3rios ajust\u00e1veis \u200b\u200bcom sistema de fecho de press\u00e3ovirilha ref..<\/p>\n\t\t\t\t\t\t\t<\/div>\n                        <\/div>\n                    <\/div>                    <div class=\"product-layout product-list col-xs-12\">\n                        <div class=\"product-thumb\">\n                            <div class=\"image\">\n\t\t\t\t\t\t\t\t<a href=\"https:\/\/vww.pt\/index.php?route=product\/product&amp;path=179&amp;product_id=1506\">\n\t\t\t\t\t\t\t\t\t<img src=\"https:\/\/vww.pt\/image\/cache\/catalog\/catalogo\/FARU\/PROT.%20OCULAR\/Mascaras%20de%20soldagem\/Kit%20de%20soldagem%20com%20ocular%20retr\u00e1til-500x666.png\" alt=\"Kit de soldador c\/ ocular retr\u00e1til\" title=\"Kit de soldador c\/ ocular retr\u00e1til\" class=\"img-responsive\" \/>\t\t\t\t\t\t\t\t<\/a>\t\t\t\t\t\t\t\t<div class=\"action-links\">\n\t\t\t\t\t\t\t\t\t<button class=\"btn-cart\" type=\"button\" data-toggle=\"tooltip\" title=\"Adicionar ao Pedido\" onclick=\"cart.add('1506', '1')\"><i class=\"ion-bag\"><\/i><span>Adicionar ao Pedido<\/span><\/button>\n\t\t\t\t\t\t\t\t\t<button class=\"btn-wishlist\" type=\"button\" data-toggle=\"tooltip\" title=\"Add \u00e0 Lista de preferencias\" onclick=\"wishlist.add('1506');\"><i class=\"ion-android-favorite-outline\"><\/i><span>Add \u00e0 Lista de preferencias<\/span><\/button>\n\t\t\t\t\t\t\t\t\t<button class=\"btn-compare\" type=\"button\" data-toggle=\"tooltip\" title=\"Comparar\" onclick=\"compare.add('1506');\"><i class=\"ion-android-options\"><\/i><span>Comparar<\/span><\/button>\n\t\t\t\t\t\t\t\t\t<button class=\"btn-quickview\" type=\"button\" data-toggle=\"tooltip\" title=\"Quick View\" onclick=\"ocquickview.ajaxView('https:\/\/vww.pt\/index.php?route=product\/product&amp;path=179&amp;product_id=1506')\"><i class=\"ion-android-open\"><\/i><span>Quick View<\/span><\/button>\n\t\t\t\t\t\t\t\t<\/div>\n\t\t\t\t\t\t\t<\/div>\n\t\t\t\t\t\t\t<div class=\"caption\">\t\t\t\t\t\t\t\t<p class=\"manufacture-product\">\n\t\t\t\t\t\t\t\t\t<a href=\"https:\/\/vww.pt\/index.php?route=product\/manufacturer\/info&amp;manufacturer_id=11\">FARU<\/a>\n\t\t\t\t\t\t\t\t<\/p>\t\t\t\t\t\t\t\t<h4 class=\"product-name\"><a href=\"https:\/\/vww.pt\/index.php?route=product\/product&amp;path=179&amp;product_id=1506\">Kit de soldador c\/ ocular retr\u00e1til<\/a><\/h4>\t\t\t\t\t\t\t\t\t<p class=\"price\">0.00\u20ac\t\t\t\t\t\t\t\t\t<\/p>\t\t\t\t\t\t\t\t<p class=\"product-des 8\">DESCRI\u00c7\u00c3OTela de polipropileno refor\u00e7ada com janela de visualiza\u00e7\u00e3o dobr\u00e1vel que fornece prote\u00e7\u00e3o contra impactos quando n\u00e3o estiver soldandoCurvatura sobre a cabe\u00e7a aumenta a prote\u00e7\u00e3oFornecidos em forma de kit, o usu\u00e1rio deve ajustar o cintoOcular&amp;nbsp;: 108 x 51 mm. Inclui vidro inact\u00ednico DIN 11,..<\/p>\n\t\t\t\t\t\t\t<\/div>\n                        <\/div>\n                    <\/div>                    <div class=\"product-layout product-list col-xs-12\">\n                        <div class=\"product-thumb\">\n                            <div class=\"image\">\n\t\t\t\t\t\t\t\t<a href=\"https:\/\/vww.pt\/index.php?route=product\/product&amp;path=179&amp;product_id=976\">\n\t\t\t\t\t\t\t\t\t<img src=\"https:\/\/vww.pt\/image\/cache\/catalog\/EPC's\/diversos\/1\u00bas%20socorros\/FA21GNR.jpg-500x666.png\" alt=\"Kit ve\u00edculo - 2 Pessoas\" title=\"Kit ve\u00edculo - 2 Pessoas\" class=\"img-responsive\" \/>\t\t\t\t\t\t\t\t<\/a>\t\t\t\t\t\t\t\t<div class=\"action-links\">\n\t\t\t\t\t\t\t\t\t<button class=\"btn-cart\" type=\"button\" data-toggle=\"tooltip\" title=\"Adicionar ao Pedido\" onclick=\"cart.add('976', '1')\"><i class=\"ion-bag\"><\/i><span>Adicionar ao Pedido<\/span><\/button>\n\t\t\t\t\t\t\t\t\t<button class=\"btn-wishlist\" type=\"button\" data-toggle=\"tooltip\" title=\"Add \u00e0 Lista de preferencias\" onclick=\"wishlist.add('976');\"><i class=\"ion-android-favorite-outline\"><\/i><span>Add \u00e0 Lista de preferencias<\/span><\/button>\n\t\t\t\t\t\t\t\t\t<button class=\"btn-compare\" type=\"button\" data-toggle=\"tooltip\" title=\"Comparar\" onclick=\"compare.add('976');\"><i class=\"ion-android-options\"><\/i><span>Comparar<\/span><\/button>\n\t\t\t\t\t\t\t\t\t<button class=\"btn-quickview\" type=\"button\" data-toggle=\"tooltip\" title=\"Quick View\" onclick=\"ocquickview.ajaxView('https:\/\/vww.pt\/index.php?route=product\/product&amp;path=179&amp;product_id=976')\"><i class=\"ion-android-open\"><\/i><span>Quick View<\/span><\/button>\n\t\t\t\t\t\t\t\t<\/div>\n\t\t\t\t\t\t\t<\/div>\n\t\t\t\t\t\t\t<div class=\"caption\">\t\t\t\t\t\t\t\t<p class=\"manufacture-product\">\n\t\t\t\t\t\t\t\t\t<a href=\"https:\/\/vww.pt\/index.php?route=product\/manufacturer\/info&amp;manufacturer_id=23\">PORTWEST<\/a>\n\t\t\t\t\t\t\t\t<\/p>\t\t\t\t\t\t\t\t<h4 class=\"product-name\"><a href=\"https:\/\/vww.pt\/index.php?route=product\/product&amp;path=179&amp;product_id=976\">Kit ve\u00edculo - 2 Pessoas<\/a><\/h4>\t\t\t\t\t\t\t\t\t<p class=\"price\">0.00\u20ac\t\t\t\t\t\t\t\t\t<\/p>\t\t\t\t\t\t\t\t<p class=\"product-des 8\">DESCRI\u00c7\u00c3OEste kit \u00e9 fornecido numa caixa ligeira com fecho zip, adequada para ser guardada em pequenos espa\u00e7os..<\/p>\n\t\t\t\t\t\t\t<\/div>\n                        <\/div>\n                    <\/div>                    <div class=\"product-layout product-list col-xs-12\">\n                        <div class=\"product-thumb\">\n                            <div class=\"image\">\n\t\t\t\t\t\t\t\t<a href=\"https:\/\/vww.pt\/index.php?route=product\/product&amp;path=179&amp;product_id=977\">\n\t\t\t\t\t\t\t\t\t<img src=\"https:\/\/vww.pt\/image\/cache\/catalog\/EPC's\/diversos\/1\u00bas%20socorros\/FA21GNR.jpg-500x666.png\" alt=\"Kit ve\u00edculo - 8 Pessoas\" title=\"Kit ve\u00edculo - 8 Pessoas\" class=\"img-responsive\" \/>\t\t\t\t\t\t\t\t<\/a>\t\t\t\t\t\t\t\t<div class=\"action-links\">\n\t\t\t\t\t\t\t\t\t<button class=\"btn-cart\" type=\"button\" data-toggle=\"tooltip\" title=\"Adicionar ao Pedido\" onclick=\"cart.add('977', '1')\"><i class=\"ion-bag\"><\/i><span>Adicionar ao Pedido<\/span><\/button>\n\t\t\t\t\t\t\t\t\t<button class=\"btn-wishlist\" type=\"button\" data-toggle=\"tooltip\" title=\"Add \u00e0 Lista de preferencias\" onclick=\"wishlist.add('977');\"><i class=\"ion-android-favorite-outline\"><\/i><span>Add \u00e0 Lista de preferencias<\/span><\/button>\n\t\t\t\t\t\t\t\t\t<button class=\"btn-compare\" type=\"button\" data-toggle=\"tooltip\" title=\"Comparar\" onclick=\"compare.add('977');\"><i class=\"ion-android-options\"><\/i><span>Comparar<\/span><\/button>\n\t\t\t\t\t\t\t\t\t<button class=\"btn-quickview\" type=\"button\" data-toggle=\"tooltip\" title=\"Quick View\" onclick=\"ocquickview.ajaxView('https:\/\/vww.pt\/index.php?route=product\/product&amp;path=179&amp;product_id=977')\"><i class=\"ion-android-open\"><\/i><span>Quick View<\/span><\/button>\n\t\t\t\t\t\t\t\t<\/div>\n\t\t\t\t\t\t\t<\/div>\n\t\t\t\t\t\t\t<div class=\"caption\">\t\t\t\t\t\t\t\t<p class=\"manufacture-product\">\n\t\t\t\t\t\t\t\t\t<a href=\"https:\/\/vww.pt\/index.php?route=product\/manufacturer\/info&amp;manufacturer_id=23\">PORTWEST<\/a>\n\t\t\t\t\t\t\t\t<\/p>\t\t\t\t\t\t\t\t<h4 class=\"product-name\"><a href=\"https:\/\/vww.pt\/index.php?route=product\/product&amp;path=179&amp;product_id=977\">Kit ve\u00edculo - 8 Pessoas<\/a><\/h4>\t\t\t\t\t\t\t\t\t<p class=\"price\">0.00\u20ac\t\t\t\t\t\t\t\t\t<\/p>\t\t\t\t\t\t\t\t<p class=\"product-des 8\">DESCRI\u00c7\u00c3OEste kit proporciona mobilidade em primeiros socorros. Concebido para tratar e gerir a maioria das les\u00f5es menos perigosas..<\/p>\n\t\t\t\t\t\t\t<\/div>\n                        <\/div>\n                    <\/div>                    <div class=\"product-layout product-list col-xs-12\">\n                        <div class=\"product-thumb\">\n                            <div class=\"image\">\n\t\t\t\t\t\t\t\t<a href=\"https:\/\/vww.pt\/index.php?route=product\/product&amp;path=179&amp;product_id=1578\">\n\t\t\t\t\t\t\t\t\t<img src=\"https:\/\/vww.pt\/image\/cache\/catalog\/EPI'S\/Prot.%20Ocular\/M\u00e1scaras%20de%20soldadura\/M\u00e1scara-com-equipamento-de-respira\u00e7\u00e3o-500x666.jpg\" alt=\"M\u00e1scara c\/ equipamento de respira\u00e7\u00e3o motorizado\" title=\"M\u00e1scara c\/ equipamento de respira\u00e7\u00e3o motorizado\" class=\"img-responsive\" \/>\t\t\t\t\t\t\t\t<\/a>\t\t\t\t\t\t\t\t<div class=\"action-links\">\n\t\t\t\t\t\t\t\t\t<button class=\"btn-cart\" type=\"button\" data-toggle=\"tooltip\" title=\"Adicionar ao Pedido\" onclick=\"cart.add('1578', '1')\"><i class=\"ion-bag\"><\/i><span>Adicionar ao Pedido<\/span><\/button>\n\t\t\t\t\t\t\t\t\t<button class=\"btn-wishlist\" type=\"button\" data-toggle=\"tooltip\" title=\"Add \u00e0 Lista de preferencias\" onclick=\"wishlist.add('1578');\"><i class=\"ion-android-favorite-outline\"><\/i><span>Add \u00e0 Lista de preferencias<\/span><\/button>\n\t\t\t\t\t\t\t\t\t<button class=\"btn-compare\" type=\"button\" data-toggle=\"tooltip\" title=\"Comparar\" onclick=\"compare.add('1578');\"><i class=\"ion-android-options\"><\/i><span>Comparar<\/span><\/button>\n\t\t\t\t\t\t\t\t\t<button class=\"btn-quickview\" type=\"button\" data-toggle=\"tooltip\" title=\"Quick View\" onclick=\"ocquickview.ajaxView('https:\/\/vww.pt\/index.php?route=product\/product&amp;path=179&amp;product_id=1578')\"><i class=\"ion-android-open\"><\/i><span>Quick View<\/span><\/button>\n\t\t\t\t\t\t\t\t<\/div>\n\t\t\t\t\t\t\t<\/div>\n\t\t\t\t\t\t\t<div class=\"caption\">\t\t\t\t\t\t\t\t<p class=\"manufacture-product\">\n\t\t\t\t\t\t\t\t\t<a href=\"https:\/\/vww.pt\/index.php?route=product\/manufacturer\/info&amp;manufacturer_id=12\">3M<\/a>\n\t\t\t\t\t\t\t\t<\/p>\t\t\t\t\t\t\t\t<h4 class=\"product-name\"><a href=\"https:\/\/vww.pt\/index.php?route=product\/product&amp;path=179&amp;product_id=1578\">M\u00e1scara c\/ equipamento de respira\u00e7\u00e3o motorizado<\/a><\/h4>\t\t\t\t\t\t\t\t\t<p class=\"price\">0.00\u20ac\t\t\t\t\t\t\t\t\t<\/p>\t\t\t\t\t\t\t\t<p class=\"product-des 8\">DESCRI\u00c7\u00c3OO sistema de respirador purificador de ar motorizado 3M\u2122 Adflo\u2122 com capacete de soldagem 3M\u2122 Speedglas\u2122 s\u00e9rie G5-01 oferece todos os benef\u00edcios do nosso capacete de soldagem s\u00e9rie G5-01 com a praticidade do sistema de respirador purificador de ar motorizado Adflo\u2122Para trabalhadores em ambie..<\/p>\n\t\t\t\t\t\t\t<\/div>\n                        <\/div>\n                    <\/div>                    <div class=\"product-layout product-list col-xs-12\">\n                        <div class=\"product-thumb\">\n                            <div class=\"image\">\n\t\t\t\t\t\t\t\t<a href=\"https:\/\/vww.pt\/index.php?route=product\/product&amp;path=179&amp;product_id=1509\">\n\t\t\t\t\t\t\t\t\t<img src=\"https:\/\/vww.pt\/image\/cache\/catalog\/EPI'S\/Prot.%20Ocular\/M\u00e1scaras%20de%20soldadura\/Speedglas-G5-01-500x666.jpg\" alt=\"M\u00e1scara de soldador G5-01\" title=\"M\u00e1scara de soldador G5-01\" class=\"img-responsive\" \/>\t\t\t\t\t\t\t\t<\/a>\t\t\t\t\t\t\t\t<div class=\"action-links\">\n\t\t\t\t\t\t\t\t\t<button class=\"btn-cart\" type=\"button\" data-toggle=\"tooltip\" title=\"Adicionar ao Pedido\" onclick=\"cart.add('1509', '1')\"><i class=\"ion-bag\"><\/i><span>Adicionar ao Pedido<\/span><\/button>\n\t\t\t\t\t\t\t\t\t<button class=\"btn-wishlist\" type=\"button\" data-toggle=\"tooltip\" title=\"Add \u00e0 Lista de preferencias\" onclick=\"wishlist.add('1509');\"><i class=\"ion-android-favorite-outline\"><\/i><span>Add \u00e0 Lista de preferencias<\/span><\/button>\n\t\t\t\t\t\t\t\t\t<button class=\"btn-compare\" type=\"button\" data-toggle=\"tooltip\" title=\"Comparar\" onclick=\"compare.add('1509');\"><i class=\"ion-android-options\"><\/i><span>Comparar<\/span><\/button>\n\t\t\t\t\t\t\t\t\t<button class=\"btn-quickview\" type=\"button\" data-toggle=\"tooltip\" title=\"Quick View\" onclick=\"ocquickview.ajaxView('https:\/\/vww.pt\/index.php?route=product\/product&amp;path=179&amp;product_id=1509')\"><i class=\"ion-android-open\"><\/i><span>Quick View<\/span><\/button>\n\t\t\t\t\t\t\t\t<\/div>\n\t\t\t\t\t\t\t<\/div>\n\t\t\t\t\t\t\t<div class=\"caption\">\t\t\t\t\t\t\t\t<p class=\"manufacture-product\">\n\t\t\t\t\t\t\t\t\t<a href=\"https:\/\/vww.pt\/index.php?route=product\/manufacturer\/info&amp;manufacturer_id=12\">3M<\/a>\n\t\t\t\t\t\t\t\t<\/p>\t\t\t\t\t\t\t\t<h4 class=\"product-name\"><a href=\"https:\/\/vww.pt\/index.php?route=product\/product&amp;path=179&amp;product_id=1509\">M\u00e1scara de soldador G5-01<\/a><\/h4>\t\t\t\t\t\t\t\t\t<p class=\"price\">0.00\u20ac\t\t\t\t\t\t\t\t\t<\/p>\t\t\t\t\t\t\t\t<p class=\"product-des 8\">DESCRI\u00c7\u00c3OFiltro de solda Speedglas G5-01TW sombra escura vari\u00e1vel 5, 8-13 e modo de conforto para solda descont\u00ednua Para a maioria dos processos de solda a arco A viseira de prote\u00e7\u00e3o transparente de grandes dimens\u00f5es (104 x 170 mm) \u00e9 curva, com excelente vis\u00e3o superior, inferior e perif\u00e9rica A tecno..<\/p>\n\t\t\t\t\t\t\t<\/div>\n                        <\/div>\n                    <\/div>                    <div class=\"product-layout product-list col-xs-12\">\n                        <div class=\"product-thumb\">\n                            <div class=\"image\">\n\t\t\t\t\t\t\t\t<a href=\"https:\/\/vww.pt\/index.php?route=product\/product&amp;path=179&amp;product_id=1145\">\n\t\t\t\t\t\t\t\t\t<img src=\"https:\/\/vww.pt\/image\/cache\/catalog\/catalogo\/MARCA\/prot.%20oculaar\/2188_GNA.jpg-500x666.png\" alt=\"\u00d3culos Nitro Incolor\" title=\"\u00d3culos Nitro Incolor\" class=\"img-responsive\" \/>\t\t\t\t\t\t\t\t<\/a>\t\t\t\t\t\t\t\t<div class=\"action-links\">\n\t\t\t\t\t\t\t\t\t<button class=\"btn-cart\" type=\"button\" data-toggle=\"tooltip\" title=\"Adicionar ao Pedido\" onclick=\"cart.add('1145', '1')\"><i class=\"ion-bag\"><\/i><span>Adicionar ao Pedido<\/span><\/button>\n\t\t\t\t\t\t\t\t\t<button class=\"btn-wishlist\" type=\"button\" data-toggle=\"tooltip\" title=\"Add \u00e0 Lista de preferencias\" onclick=\"wishlist.add('1145');\"><i class=\"ion-android-favorite-outline\"><\/i><span>Add \u00e0 Lista de preferencias<\/span><\/button>\n\t\t\t\t\t\t\t\t\t<button class=\"btn-compare\" type=\"button\" data-toggle=\"tooltip\" title=\"Comparar\" onclick=\"compare.add('1145');\"><i class=\"ion-android-options\"><\/i><span>Comparar<\/span><\/button>\n\t\t\t\t\t\t\t\t\t<button class=\"btn-quickview\" type=\"button\" data-toggle=\"tooltip\" title=\"Quick View\" onclick=\"ocquickview.ajaxView('https:\/\/vww.pt\/index.php?route=product\/product&amp;path=179&amp;product_id=1145')\"><i class=\"ion-android-open\"><\/i><span>Quick View<\/span><\/button>\n\t\t\t\t\t\t\t\t<\/div>\n\t\t\t\t\t\t\t<\/div>\n\t\t\t\t\t\t\t<div class=\"caption\">\t\t\t\t\t\t\t\t<p class=\"manufacture-product\">\n\t\t\t\t\t\t\t\t\t<a href=\"https:\/\/vww.pt\/index.php?route=product\/manufacturer\/info&amp;manufacturer_id=32\">MARCA<\/a>\n\t\t\t\t\t\t\t\t<\/p>\t\t\t\t\t\t\t\t<h4 class=\"product-name\"><a href=\"https:\/\/vww.pt\/index.php?route=product\/product&amp;path=179&amp;product_id=1145\">\u00d3culos Nitro Incolor<\/a><\/h4>\t\t\t\t\t\t\t\t\t<p class=\"price\">0.00\u20ac\t\t\t\t\t\t\t\t\t<\/p>\t\t\t\t\t\t\t\t<p class=\"product-des 8\">DESCRI\u00c7\u00c3O\u00d3culos de policarbonato transparente, com tratamento anti-riscos e anti-embaciamentoLente de prote\u00e7\u00e3o contra filtros ultravioleta UVNORMAS E CERTEFICA\u00c7\u00d5ESEN 170..<\/p>\n\t\t\t\t\t\t\t<\/div>\n                        <\/div>\n                    <\/div>                    <div class=\"product-layout product-list col-xs-12\">\n                        <div class=\"product-thumb\">\n                            <div class=\"image\">\n\t\t\t\t\t\t\t\t<a href=\"https:\/\/vww.pt\/index.php?route=product\/product&amp;path=179&amp;product_id=1148\">\n\t\t\t\t\t\t\t\t\t<img src=\"https:\/\/vww.pt\/image\/cache\/catalog\/catalogo\/MARCA\/prot.%20oculaar\/2188_GVC.jpg-500x666.png\" alt=\"\u00d3culos sobreposi\u00e7\u00e3o incolor\" title=\"\u00d3culos sobreposi\u00e7\u00e3o incolor\" class=\"img-responsive\" \/>\t\t\t\t\t\t\t\t<\/a>\t\t\t\t\t\t\t\t<div class=\"action-links\">\n\t\t\t\t\t\t\t\t\t<button class=\"btn-cart\" type=\"button\" data-toggle=\"tooltip\" title=\"Adicionar ao Pedido\" onclick=\"cart.add('1148', '1')\"><i class=\"ion-bag\"><\/i><span>Adicionar ao Pedido<\/span><\/button>\n\t\t\t\t\t\t\t\t\t<button class=\"btn-wishlist\" type=\"button\" data-toggle=\"tooltip\" title=\"Add \u00e0 Lista de preferencias\" onclick=\"wishlist.add('1148');\"><i class=\"ion-android-favorite-outline\"><\/i><span>Add \u00e0 Lista de preferencias<\/span><\/button>\n\t\t\t\t\t\t\t\t\t<button class=\"btn-compare\" type=\"button\" data-toggle=\"tooltip\" title=\"Comparar\" onclick=\"compare.add('1148');\"><i class=\"ion-android-options\"><\/i><span>Comparar<\/span><\/button>\n\t\t\t\t\t\t\t\t\t<button class=\"btn-quickview\" type=\"button\" data-toggle=\"tooltip\" title=\"Quick View\" onclick=\"ocquickview.ajaxView('https:\/\/vww.pt\/index.php?route=product\/product&amp;path=179&amp;product_id=1148')\"><i class=\"ion-android-open\"><\/i><span>Quick View<\/span><\/button>\n\t\t\t\t\t\t\t\t<\/div>\n\t\t\t\t\t\t\t<\/div>\n\t\t\t\t\t\t\t<div class=\"caption\">\t\t\t\t\t\t\t\t<p class=\"manufacture-product\">\n\t\t\t\t\t\t\t\t\t<a href=\"https:\/\/vww.pt\/index.php?route=product\/manufacturer\/info&amp;manufacturer_id=32\">MARCA<\/a>\n\t\t\t\t\t\t\t\t<\/p>\t\t\t\t\t\t\t\t<h4 class=\"product-name\"><a href=\"https:\/\/vww.pt\/index.php?route=product\/product&amp;path=179&amp;product_id=1148\">\u00d3culos sobreposi\u00e7\u00e3o incolor<\/a><\/h4>\t\t\t\t\t\t\t\t\t<p class=\"price\">0.00\u20ac\t\t\t\t\t\t\t\t\t<\/p>\t\t\t\t\t\t\t\t<p class=\"product-des 8\">DESCRI\u00c7\u00c3O\u00d3culos de policarbonato anti-riscos e anti-embaciamento, para riscos mec\u00e2nicos (projec\u00e7\u00f5es) e riscos de radia\u00e7\u00e3o (Ultravioleta UV)Compat\u00edvel com a maioria dos \u00f3culos graduadosTratamento anti-riscos (maior dura\u00e7\u00e3o e qualidade de vis\u00e3o) e anti-embaciamentoPeso: 38 gQualidade \u00f3ptica: Classe 1N..<\/p>\n\t\t\t\t\t\t\t<\/div>\n                        <\/div>\n                    <\/div>                    <div class=\"product-layout product-list col-xs-12\">\n                        <div class=\"product-thumb\">\n                            <div class=\"image\">\n\t\t\t\t\t\t\t\t<a href=\"https:\/\/vww.pt\/index.php?route=product\/product&amp;path=179&amp;product_id=1144\">\n\t\t\t\t\t\t\t\t\t<img src=\"https:\/\/vww.pt\/image\/cache\/catalog\/catalogo\/MARCA\/prot.%20oculaar\/2188_GSC.jpg-500x666.png\" alt=\"\u00d3culos Spy City\" title=\"\u00d3culos Spy City\" class=\"img-responsive\" \/>\t\t\t\t\t\t\t\t<\/a>\t\t\t\t\t\t\t\t<div class=\"action-links\">\n\t\t\t\t\t\t\t\t\t<button class=\"btn-cart\" type=\"button\" data-toggle=\"tooltip\" title=\"Adicionar ao Pedido\" onclick=\"cart.add('1144', '1')\"><i class=\"ion-bag\"><\/i><span>Adicionar ao Pedido<\/span><\/button>\n\t\t\t\t\t\t\t\t\t<button class=\"btn-wishlist\" type=\"button\" data-toggle=\"tooltip\" title=\"Add \u00e0 Lista de preferencias\" onclick=\"wishlist.add('1144');\"><i class=\"ion-android-favorite-outline\"><\/i><span>Add \u00e0 Lista de preferencias<\/span><\/button>\n\t\t\t\t\t\t\t\t\t<button class=\"btn-compare\" type=\"button\" data-toggle=\"tooltip\" title=\"Comparar\" onclick=\"compare.add('1144');\"><i class=\"ion-android-options\"><\/i><span>Comparar<\/span><\/button>\n\t\t\t\t\t\t\t\t\t<button class=\"btn-quickview\" type=\"button\" data-toggle=\"tooltip\" title=\"Quick View\" onclick=\"ocquickview.ajaxView('https:\/\/vww.pt\/index.php?route=product\/product&amp;path=179&amp;product_id=1144')\"><i class=\"ion-android-open\"><\/i><span>Quick View<\/span><\/button>\n\t\t\t\t\t\t\t\t<\/div>\n\t\t\t\t\t\t\t<\/div>\n\t\t\t\t\t\t\t<div class=\"caption\">\t\t\t\t\t\t\t\t<p class=\"manufacture-product\">\n\t\t\t\t\t\t\t\t\t<a href=\"https:\/\/vww.pt\/index.php?route=product\/manufacturer\/info&amp;manufacturer_id=32\">MARCA<\/a>\n\t\t\t\t\t\t\t\t<\/p>\t\t\t\t\t\t\t\t<h4 class=\"product-name\"><a href=\"https:\/\/vww.pt\/index.php?route=product\/product&amp;path=179&amp;product_id=1144\">\u00d3culos Spy City<\/a><\/h4>\t\t\t\t\t\t\t\t\t<p class=\"price\">0.00\u20ac\t\t\t\t\t\t\t\t\t<\/p>\t\t\t\t\t\t\t\t<p class=\"product-des 8\">DESCRI\u00c7\u00c3O\u00d3culos de policarbonato transparente, com tratamento anti-riscos e anti-embaciamentoLente de prote\u00e7\u00e3o contra filtros ultravioleta UVDesign desportivo, muito confort\u00e1vel e ultraleve (19 g)NORMAS E CERTEFICA\u00c7\u00d5ESEN 170..<\/p>\n\t\t\t\t\t\t\t<\/div>\n                        <\/div>\n                    <\/div>                    <div class=\"product-layout product-list col-xs-12\">\n                        <div class=\"product-thumb\">\n                            <div class=\"image\">\n\t\t\t\t\t\t\t\t<a href=\"https:\/\/vww.pt\/index.php?route=product\/product&amp;path=179&amp;product_id=1159\">\n\t\t\t\t\t\t\t\t\t<img src=\"https:\/\/vww.pt\/image\/cache\/catalog\/catalogo\/MARCA\/prot.%20oculaar\/2188_GSPG.jpg-500x666.png\" alt=\"\u00d3culos Spy Pro\" title=\"\u00d3culos Spy Pro\" class=\"img-responsive\" \/>\t\t\t\t\t\t\t\t<\/a>\t\t\t\t\t\t\t\t<div class=\"action-links\">\n\t\t\t\t\t\t\t\t\t<button class=\"btn-cart\" type=\"button\" data-toggle=\"tooltip\" title=\"Adicionar ao Pedido\" onclick=\"cart.add('1159', '1')\"><i class=\"ion-bag\"><\/i><span>Adicionar ao Pedido<\/span><\/button>\n\t\t\t\t\t\t\t\t\t<button class=\"btn-wishlist\" type=\"button\" data-toggle=\"tooltip\" title=\"Add \u00e0 Lista de preferencias\" onclick=\"wishlist.add('1159');\"><i class=\"ion-android-favorite-outline\"><\/i><span>Add \u00e0 Lista de preferencias<\/span><\/button>\n\t\t\t\t\t\t\t\t\t<button class=\"btn-compare\" type=\"button\" data-toggle=\"tooltip\" title=\"Comparar\" onclick=\"compare.add('1159');\"><i class=\"ion-android-options\"><\/i><span>Comparar<\/span><\/button>\n\t\t\t\t\t\t\t\t\t<button class=\"btn-quickview\" type=\"button\" data-toggle=\"tooltip\" title=\"Quick View\" onclick=\"ocquickview.ajaxView('https:\/\/vww.pt\/index.php?route=product\/product&amp;path=179&amp;product_id=1159')\"><i class=\"ion-android-open\"><\/i><span>Quick View<\/span><\/button>\n\t\t\t\t\t\t\t\t<\/div>\n\t\t\t\t\t\t\t<\/div>\n\t\t\t\t\t\t\t<div class=\"caption\">\t\t\t\t\t\t\t\t<p class=\"manufacture-product\">\n\t\t\t\t\t\t\t\t\t<a href=\"https:\/\/vww.pt\/index.php?route=product\/manufacturer\/info&amp;manufacturer_id=32\">MARCA<\/a>\n\t\t\t\t\t\t\t\t<\/p>\t\t\t\t\t\t\t\t<h4 class=\"product-name\"><a href=\"https:\/\/vww.pt\/index.php?route=product\/product&amp;path=179&amp;product_id=1159\">\u00d3culos Spy Pro<\/a><\/h4>\t\t\t\t\t\t\t\t\t<p class=\"price\">0.00\u20ac\t\t\t\t\t\t\t\t\t<\/p>\t\t\t\t\t\t\t\t<p class=\"product-des 8\">DESCRI\u00c7\u00c3O\u00d3culos de policarbonato cinza, com tratamento anti-riscos e anti-embaciamentoLente de prote\u00e7\u00e3o contra&amp;nbsp;riscos mec\u00e2nicos (proje\u00e7\u00f5es) e riscos de radia\u00e7\u00e3o (luz solar)Hastes flex\u00edveis de silicone hipoalerg\u00eanico para maior confortoNORMAS E CERTEFICA\u00c7\u00d5ESEN 166EN 172..<\/p>\n\t\t\t\t\t\t\t<\/div>\n                        <\/div>\n                    <\/div>                    <div class=\"product-layout product-list col-xs-12\">\n                        <div class=\"product-thumb\">\n                            <div class=\"image\">\n\t\t\t\t\t\t\t\t<a href=\"https:\/\/vww.pt\/index.php?route=product\/product&amp;path=179&amp;product_id=1150\">\n\t\t\t\t\t\t\t\t\t<img src=\"https:\/\/vww.pt\/image\/cache\/catalog\/catalogo\/MARCA\/prot.%20oculaar\/2188_GVE.jpg-500x666.png\" alt=\"\u00d3culos Visitante\" title=\"\u00d3culos Visitante\" class=\"img-responsive\" \/>\t\t\t\t\t\t\t\t<\/a>\t\t\t\t\t\t\t\t<div class=\"action-links\">\n\t\t\t\t\t\t\t\t\t<button class=\"btn-cart\" type=\"button\" data-toggle=\"tooltip\" title=\"Adicionar ao Pedido\" onclick=\"cart.add('1150', '1')\"><i class=\"ion-bag\"><\/i><span>Adicionar ao Pedido<\/span><\/button>\n\t\t\t\t\t\t\t\t\t<button class=\"btn-wishlist\" type=\"button\" data-toggle=\"tooltip\" title=\"Add \u00e0 Lista de preferencias\" onclick=\"wishlist.add('1150');\"><i class=\"ion-android-favorite-outline\"><\/i><span>Add \u00e0 Lista de preferencias<\/span><\/button>\n\t\t\t\t\t\t\t\t\t<button class=\"btn-compare\" type=\"button\" data-toggle=\"tooltip\" title=\"Comparar\" onclick=\"compare.add('1150');\"><i class=\"ion-android-options\"><\/i><span>Comparar<\/span><\/button>\n\t\t\t\t\t\t\t\t\t<button class=\"btn-quickview\" type=\"button\" data-toggle=\"tooltip\" title=\"Quick View\" onclick=\"ocquickview.ajaxView('https:\/\/vww.pt\/index.php?route=product\/product&amp;path=179&amp;product_id=1150')\"><i class=\"ion-android-open\"><\/i><span>Quick View<\/span><\/button>\n\t\t\t\t\t\t\t\t<\/div>\n\t\t\t\t\t\t\t<\/div>\n\t\t\t\t\t\t\t<div class=\"caption\">\t\t\t\t\t\t\t\t<p class=\"manufacture-product\">\n\t\t\t\t\t\t\t\t\t<a href=\"https:\/\/vww.pt\/index.php?route=product\/manufacturer\/info&amp;manufacturer_id=32\">MARCA<\/a>\n\t\t\t\t\t\t\t\t<\/p>\t\t\t\t\t\t\t\t<h4 class=\"product-name\"><a href=\"https:\/\/vww.pt\/index.php?route=product\/product&amp;path=179&amp;product_id=1150\">\u00d3culos Visitante<\/a><\/h4>\t\t\t\t\t\t\t\t\t<p class=\"price\">0.00\u20ac\t\t\t\t\t\t\t\t\t<\/p>\t\t\t\t\t\t\t\t<p class=\"product-des 8\">DESCRI\u00c7\u00c3OVidros em policarbonato Unilent, com tratamento anti-riscosLente de prote\u00e7\u00e3o contra filtros ultravioleta UVVentila\u00e7\u00e3o lateralNORMAS E CERTEFICA\u00c7\u00d5ESEN 170..<\/p>\n\t\t\t\t\t\t\t<\/div>\n                        <\/div>\n                    <\/div>                    <div class=\"product-layout product-list col-xs-12\">\n                        <div class=\"product-thumb\">\n                            <div class=\"image\">\n\t\t\t\t\t\t\t\t<a href=\"https:\/\/vww.pt\/index.php?route=product\/product&amp;path=179&amp;product_id=1151\">\n\t\t\t\t\t\t\t\t\t<img src=\"https:\/\/vww.pt\/image\/cache\/catalog\/catalogo\/MARCA\/prot.%20oculaar\/2188_GIX8.jpg-500x666.png\" alt=\"\u00d3culos X8 Pro\" title=\"\u00d3culos X8 Pro\" class=\"img-responsive\" \/>\t\t\t\t\t\t\t\t<\/a>\t\t\t\t\t\t\t\t<div class=\"action-links\">\n\t\t\t\t\t\t\t\t\t<button class=\"btn-cart\" type=\"button\" data-toggle=\"tooltip\" title=\"Adicionar ao Pedido\" onclick=\"cart.add('1151', '1')\"><i class=\"ion-bag\"><\/i><span>Adicionar ao Pedido<\/span><\/button>\n\t\t\t\t\t\t\t\t\t<button class=\"btn-wishlist\" type=\"button\" data-toggle=\"tooltip\" title=\"Add \u00e0 Lista de preferencias\" onclick=\"wishlist.add('1151');\"><i class=\"ion-android-favorite-outline\"><\/i><span>Add \u00e0 Lista de preferencias<\/span><\/button>\n\t\t\t\t\t\t\t\t\t<button class=\"btn-compare\" type=\"button\" data-toggle=\"tooltip\" title=\"Comparar\" onclick=\"compare.add('1151');\"><i class=\"ion-android-options\"><\/i><span>Comparar<\/span><\/button>\n\t\t\t\t\t\t\t\t\t<button class=\"btn-quickview\" type=\"button\" data-toggle=\"tooltip\" title=\"Quick View\" onclick=\"ocquickview.ajaxView('https:\/\/vww.pt\/index.php?route=product\/product&amp;path=179&amp;product_id=1151')\"><i class=\"ion-android-open\"><\/i><span>Quick View<\/span><\/button>\n\t\t\t\t\t\t\t\t<\/div>\n\t\t\t\t\t\t\t<\/div>\n\t\t\t\t\t\t\t<div class=\"caption\">\t\t\t\t\t\t\t\t<p class=\"manufacture-product\">\n\t\t\t\t\t\t\t\t\t<a href=\"https:\/\/vww.pt\/index.php?route=product\/manufacturer\/info&amp;manufacturer_id=32\">MARCA<\/a>\n\t\t\t\t\t\t\t\t<\/p>\t\t\t\t\t\t\t\t<h4 class=\"product-name\"><a href=\"https:\/\/vww.pt\/index.php?route=product\/product&amp;path=179&amp;product_id=1151\">\u00d3culos X8 Pro<\/a><\/h4>\t\t\t\t\t\t\t\t\t<p class=\"price\">0.00\u20ac\t\t\t\t\t\t\t\t\t<\/p>\t\t\t\t\t\t\t\t<p class=\"product-des 8\">DESCRI\u00c7\u00c3O\u00d3culos panor\u00e2micos integrais de 180\u00b0 em PVCAnti-abras\u00e3o e anti-embaciamento com certifica\u00e7\u00e3o N para riscos mec\u00e2nicos e qu\u00edmicos&amp;nbsp;e riscos devidos \u00e0 radia\u00e7\u00e3o ultravioleta (UV)Estrutura de refor\u00e7o interior para evitar a entrada de l\u00edquidosImpacto de part\u00edculas em alta velocidade e m\u00e9dia e..<\/p>\n\t\t\t\t\t\t\t<\/div>\n                        <\/div>\n                    <\/div>                    <div class=\"product-layout product-list col-xs-12\">\n                        <div class=\"product-thumb\">\n                            <div class=\"image\">\n\t\t\t\t\t\t\t\t<a href=\"https:\/\/vww.pt\/index.php?route=product\/product&amp;path=179&amp;product_id=1152\">\n\t\t\t\t\t\t\t\t\t<img src=\"https:\/\/vww.pt\/image\/cache\/catalog\/catalogo\/MARCA\/prot.%20oculaar\/2188_GIX9.jpg-500x666.png\" alt=\"\u00d3culos X9\" title=\"\u00d3culos X9\" class=\"img-responsive\" \/>\t\t\t\t\t\t\t\t<\/a>\t\t\t\t\t\t\t\t<div class=\"action-links\">\n\t\t\t\t\t\t\t\t\t<button class=\"btn-cart\" type=\"button\" data-toggle=\"tooltip\" title=\"Adicionar ao Pedido\" onclick=\"cart.add('1152', '1')\"><i class=\"ion-bag\"><\/i><span>Adicionar ao Pedido<\/span><\/button>\n\t\t\t\t\t\t\t\t\t<button class=\"btn-wishlist\" type=\"button\" data-toggle=\"tooltip\" title=\"Add \u00e0 Lista de preferencias\" onclick=\"wishlist.add('1152');\"><i class=\"ion-android-favorite-outline\"><\/i><span>Add \u00e0 Lista de preferencias<\/span><\/button>\n\t\t\t\t\t\t\t\t\t<button class=\"btn-compare\" type=\"button\" data-toggle=\"tooltip\" title=\"Comparar\" onclick=\"compare.add('1152');\"><i class=\"ion-android-options\"><\/i><span>Comparar<\/span><\/button>\n\t\t\t\t\t\t\t\t\t<button class=\"btn-quickview\" type=\"button\" data-toggle=\"tooltip\" title=\"Quick View\" onclick=\"ocquickview.ajaxView('https:\/\/vww.pt\/index.php?route=product\/product&amp;path=179&amp;product_id=1152')\"><i class=\"ion-android-open\"><\/i><span>Quick View<\/span><\/button>\n\t\t\t\t\t\t\t\t<\/div>\n\t\t\t\t\t\t\t<\/div>\n\t\t\t\t\t\t\t<div class=\"caption\">\t\t\t\t\t\t\t\t<p class=\"manufacture-product\">\n\t\t\t\t\t\t\t\t\t<a href=\"https:\/\/vww.pt\/index.php?route=product\/manufacturer\/info&amp;manufacturer_id=32\">MARCA<\/a>\n\t\t\t\t\t\t\t\t<\/p>\t\t\t\t\t\t\t\t<h4 class=\"product-name\"><a href=\"https:\/\/vww.pt\/index.php?route=product\/product&amp;path=179&amp;product_id=1152\">\u00d3culos X9<\/a><\/h4>\t\t\t\t\t\t\t\t\t<p class=\"price\">0.00\u20ac\t\t\t\t\t\t\t\t\t<\/p>\t\t\t\t\t\t\t\t<p class=\"product-des 8\">DESCRI\u00c7\u00c3O\u00d3culos panor\u00e2micos integrais de 180\u00b0 em PVCAnti-abras\u00e3o e anti-embaciamento com certifica\u00e7\u00e3o N para riscos&amp;nbsp;&amp;nbsp;mec\u00e2nicos (proje\u00e7\u00f5es, respingos de l\u00edquidos -3- e respingos de metais fundidos e s\u00f3lidos quentes -9)Impacto de part\u00edculas em alta velocidade e temperaturas extremas de m\u00e9dia..<\/p>\n\t\t\t\t\t\t\t<\/div>\n                        <\/div>\n                    <\/div>                    <div class=\"product-layout product-list col-xs-12\">\n                        <div class=\"product-thumb\">\n                            <div class=\"image\">\n\t\t\t\t\t\t\t\t<a href=\"https:\/\/vww.pt\/index.php?route=product\/product&amp;path=179&amp;product_id=886\">\n\t\t\t\t\t\t\t\t\t<img src=\"https:\/\/vww.pt\/image\/cache\/catalog\/prot.%20p\u00e9s\/acessorios\/spodos_blue.jpg-500x666.png\" alt=\"Palmilha\" title=\"Palmilha\" class=\"img-responsive\" \/>\t\t\t\t\t\t\t\t<\/a>\t\t\t\t\t\t\t\t<div class=\"action-links\">\n\t\t\t\t\t\t\t\t\t<button class=\"btn-cart\" type=\"button\" data-toggle=\"tooltip\" title=\"Adicionar ao Pedido\" onclick=\"cart.add('886', '1')\"><i class=\"ion-bag\"><\/i><span>Adicionar ao Pedido<\/span><\/button>\n\t\t\t\t\t\t\t\t\t<button class=\"btn-wishlist\" type=\"button\" data-toggle=\"tooltip\" title=\"Add \u00e0 Lista de preferencias\" onclick=\"wishlist.add('886');\"><i class=\"ion-android-favorite-outline\"><\/i><span>Add \u00e0 Lista de preferencias<\/span><\/button>\n\t\t\t\t\t\t\t\t\t<button class=\"btn-compare\" type=\"button\" data-toggle=\"tooltip\" title=\"Comparar\" onclick=\"compare.add('886');\"><i class=\"ion-android-options\"><\/i><span>Comparar<\/span><\/button>\n\t\t\t\t\t\t\t\t\t<button class=\"btn-quickview\" type=\"button\" data-toggle=\"tooltip\" title=\"Quick View\" onclick=\"ocquickview.ajaxView('https:\/\/vww.pt\/index.php?route=product\/product&amp;path=179&amp;product_id=886')\"><i class=\"ion-android-open\"><\/i><span>Quick View<\/span><\/button>\n\t\t\t\t\t\t\t\t<\/div>\n\t\t\t\t\t\t\t<\/div>\n\t\t\t\t\t\t\t<div class=\"caption\">\t\t\t\t\t\t\t\t<p class=\"manufacture-product\">\n\t\t\t\t\t\t\t\t\t<a href=\"https:\/\/vww.pt\/index.php?route=product\/manufacturer\/info&amp;manufacturer_id=19\">LAVORO<\/a>\n\t\t\t\t\t\t\t\t<\/p>\t\t\t\t\t\t\t\t<h4 class=\"product-name\"><a href=\"https:\/\/vww.pt\/index.php?route=product\/product&amp;path=179&amp;product_id=886\">Palmilha<\/a><\/h4>\t\t\t\t\t\t\t\t\t<p class=\"price\">0.00\u20ac\t\t\t\t\t\t\t\t\t<\/p>\t\t\t\t\t\t\t\t<p class=\"product-des 8\">DESCRI\u00c7\u00c3OAnti-microbianasCarbono activo na sua constitui\u00e7\u00e3oEfeito termoreguladorPerme\u00e1veis ao vapor100% respir\u00e1veisLav\u00e1veisResistentes \u00e0 abras\u00e3oAnti-est\u00e1ticasFabricadas em materiais reciclados<br \/>\r\n<br \/>\r\nAzul - Medium - p\u00e9 plano<br \/>\r\nVerde - Low - p\u00e9 normal<br \/>\r\nVermelho - High - p\u00e9 cavo..<\/p>\n\t\t\t\t\t\t\t<\/div>\n                        <\/div>\n                    <\/div>                    <div class=\"product-layout product-list col-xs-12\">\n                        <div class=\"product-thumb\">\n                            <div class=\"image\">\n\t\t\t\t\t\t\t\t<a href=\"https:\/\/vww.pt\/index.php?route=product\/product&amp;path=179&amp;product_id=961\">\n\t\t\t\t\t\t\t\t\t<img src=\"https:\/\/vww.pt\/image\/cache\/catalog\/prot.%20p\u00e9s\/acessorios\/metatarsal-01-500x666.png\" alt=\"Palmilha Metatarsal\" title=\"Palmilha Metatarsal\" class=\"img-responsive\" \/>\t\t\t\t\t\t\t\t<\/a>\t\t\t\t\t\t\t\t<div class=\"action-links\">\n\t\t\t\t\t\t\t\t\t<button class=\"btn-cart\" type=\"button\" data-toggle=\"tooltip\" title=\"Adicionar ao Pedido\" onclick=\"cart.add('961', '1')\"><i class=\"ion-bag\"><\/i><span>Adicionar ao Pedido<\/span><\/button>\n\t\t\t\t\t\t\t\t\t<button class=\"btn-wishlist\" type=\"button\" data-toggle=\"tooltip\" title=\"Add \u00e0 Lista de preferencias\" onclick=\"wishlist.add('961');\"><i class=\"ion-android-favorite-outline\"><\/i><span>Add \u00e0 Lista de preferencias<\/span><\/button>\n\t\t\t\t\t\t\t\t\t<button class=\"btn-compare\" type=\"button\" data-toggle=\"tooltip\" title=\"Comparar\" onclick=\"compare.add('961');\"><i class=\"ion-android-options\"><\/i><span>Comparar<\/span><\/button>\n\t\t\t\t\t\t\t\t\t<button class=\"btn-quickview\" type=\"button\" data-toggle=\"tooltip\" title=\"Quick View\" onclick=\"ocquickview.ajaxView('https:\/\/vww.pt\/index.php?route=product\/product&amp;path=179&amp;product_id=961')\"><i class=\"ion-android-open\"><\/i><span>Quick View<\/span><\/button>\n\t\t\t\t\t\t\t\t<\/div>\n\t\t\t\t\t\t\t<\/div>\n\t\t\t\t\t\t\t<div class=\"caption\">\t\t\t\t\t\t\t\t<p class=\"manufacture-product\">\n\t\t\t\t\t\t\t\t\t<a href=\"https:\/\/vww.pt\/index.php?route=product\/manufacturer\/info&amp;manufacturer_id=14\">COFRA<\/a>\n\t\t\t\t\t\t\t\t<\/p>\t\t\t\t\t\t\t\t<h4 class=\"product-name\"><a href=\"https:\/\/vww.pt\/index.php?route=product\/product&amp;path=179&amp;product_id=961\">Palmilha Metatarsal<\/a><\/h4>\t\t\t\t\t\t\t\t\t<p class=\"price\">0.00\u20ac\t\t\t\t\t\t\t\t\t<\/p>\t\t\t\t\t\t\t\t<p class=\"product-des 8\">DESCRI\u00c7\u00c3OPalmilha de poliuretano,&amp;nbsp;macia, antiest\u00e1tica, anat\u00f4mica, perfurada e forrada com tecidoInser\u00e7\u00e3o de gel macio na regi\u00e3o do metatarso garante estabilidade e conforto em qualquer tipo de superf\u00edcieEfeito termo reguladorIsola do frio e do calor..<\/p>\n\t\t\t\t\t\t\t<\/div>\n                        <\/div>\n                    <\/div>                    <div class=\"product-layout product-list col-xs-12\">\n                        <div class=\"product-thumb\">\n                            <div class=\"image\">\n\t\t\t\t\t\t\t\t<a href=\"https:\/\/vww.pt\/index.php?route=product\/product&amp;path=179&amp;product_id=1123\">\n\t\t\t\t\t\t\t\t\t<img src=\"https:\/\/vww.pt\/image\/cache\/catalog\/catalogo\/MARCA\/ALTA%20VISIBILIDADE%20-%20HI%20VIS\/288_PFY_Mix.jpg-500x666.png\" alt=\"Parka Combinada Hi-Vis\" title=\"Parka Combinada Hi-Vis\" class=\"img-responsive\" \/>\t\t\t\t\t\t\t\t<\/a>\t\t\t\t\t\t\t\t<div class=\"action-links\">\n\t\t\t\t\t\t\t\t\t<button class=\"btn-cart\" type=\"button\" data-toggle=\"tooltip\" title=\"Adicionar ao Pedido\" onclick=\"cart.add('1123', '1')\"><i class=\"ion-bag\"><\/i><span>Adicionar ao Pedido<\/span><\/button>\n\t\t\t\t\t\t\t\t\t<button class=\"btn-wishlist\" type=\"button\" data-toggle=\"tooltip\" title=\"Add \u00e0 Lista de preferencias\" onclick=\"wishlist.add('1123');\"><i class=\"ion-android-favorite-outline\"><\/i><span>Add \u00e0 Lista de preferencias<\/span><\/button>\n\t\t\t\t\t\t\t\t\t<button class=\"btn-compare\" type=\"button\" data-toggle=\"tooltip\" title=\"Comparar\" onclick=\"compare.add('1123');\"><i class=\"ion-android-options\"><\/i><span>Comparar<\/span><\/button>\n\t\t\t\t\t\t\t\t\t<button class=\"btn-quickview\" type=\"button\" data-toggle=\"tooltip\" title=\"Quick View\" onclick=\"ocquickview.ajaxView('https:\/\/vww.pt\/index.php?route=product\/product&amp;path=179&amp;product_id=1123')\"><i class=\"ion-android-open\"><\/i><span>Quick View<\/span><\/button>\n\t\t\t\t\t\t\t\t<\/div>\n\t\t\t\t\t\t\t<\/div>\n\t\t\t\t\t\t\t<div class=\"caption\">\t\t\t\t\t\t\t\t<p class=\"manufacture-product\">\n\t\t\t\t\t\t\t\t\t<a href=\"https:\/\/vww.pt\/index.php?route=product\/manufacturer\/info&amp;manufacturer_id=32\">MARCA<\/a>\n\t\t\t\t\t\t\t\t<\/p>\t\t\t\t\t\t\t\t<h4 class=\"product-name\"><a href=\"https:\/\/vww.pt\/index.php?route=product\/product&amp;path=179&amp;product_id=1123\">Parka Combinada Hi-Vis<\/a><\/h4>\t\t\t\t\t\t\t\t\t<p class=\"price\">0.00\u20ac\t\t\t\t\t\t\t\t\t<\/p>\t\t\t\t\t\t\t\t<p class=\"product-des 8\">DESCRI\u00c7\u00c3OParka b\u00e1sica com costuras seladas a quenteCapuz ajust\u00e1vel com cord\u00e3o e al\u00e7as que podem ser amarradas com n\u00f32 bolsos inferiores em ambas as frentes com aba1 bolso interior de chapa com boca horizontal localizado \u00e0 esquerda do utilizadorCOMPOSI\u00c7\u00c3OExterior: 100% poli\u00e9ster Oxford 150D \/ PU - 17..<\/p>\n\t\t\t\t\t\t\t<\/div>\n                        <\/div>\n                    <\/div>                    <div class=\"product-layout product-list col-xs-12\">\n                        <div class=\"product-thumb\">\n                            <div class=\"image\">\n\t\t\t\t\t\t\t\t<a href=\"https:\/\/vww.pt\/index.php?route=product\/product&amp;path=179&amp;product_id=1124\">\n\t\t\t\t\t\t\t\t\t<img src=\"https:\/\/vww.pt\/image\/cache\/catalog\/catalogo\/MARCA\/ALTA%20VISIBILIDADE%20-%20HI%20VIS\/parka%20288PKFMIXYFA\/288_PKFY.jpg-500x666.png\" alt=\"Parka Combinada Hi-Vis- triplo uso\" title=\"Parka Combinada Hi-Vis- triplo uso\" class=\"img-responsive\" \/>\t\t\t\t\t\t\t\t<\/a>\t\t\t\t\t\t\t\t<div class=\"action-links\">\n\t\t\t\t\t\t\t\t\t<button class=\"btn-cart\" type=\"button\" data-toggle=\"tooltip\" title=\"Adicionar ao Pedido\" onclick=\"cart.add('1124', '1')\"><i class=\"ion-bag\"><\/i><span>Adicionar ao Pedido<\/span><\/button>\n\t\t\t\t\t\t\t\t\t<button class=\"btn-wishlist\" type=\"button\" data-toggle=\"tooltip\" title=\"Add \u00e0 Lista de preferencias\" onclick=\"wishlist.add('1124');\"><i class=\"ion-android-favorite-outline\"><\/i><span>Add \u00e0 Lista de preferencias<\/span><\/button>\n\t\t\t\t\t\t\t\t\t<button class=\"btn-compare\" type=\"button\" data-toggle=\"tooltip\" title=\"Comparar\" onclick=\"compare.add('1124');\"><i class=\"ion-android-options\"><\/i><span>Comparar<\/span><\/button>\n\t\t\t\t\t\t\t\t\t<button class=\"btn-quickview\" type=\"button\" data-toggle=\"tooltip\" title=\"Quick View\" onclick=\"ocquickview.ajaxView('https:\/\/vww.pt\/index.php?route=product\/product&amp;path=179&amp;product_id=1124')\"><i class=\"ion-android-open\"><\/i><span>Quick View<\/span><\/button>\n\t\t\t\t\t\t\t\t<\/div>\n\t\t\t\t\t\t\t<\/div>\n\t\t\t\t\t\t\t<div class=\"caption\">\t\t\t\t\t\t\t\t<p class=\"manufacture-product\">\n\t\t\t\t\t\t\t\t\t<a href=\"https:\/\/vww.pt\/index.php?route=product\/manufacturer\/info&amp;manufacturer_id=32\">MARCA<\/a>\n\t\t\t\t\t\t\t\t<\/p>\t\t\t\t\t\t\t\t<h4 class=\"product-name\"><a href=\"https:\/\/vww.pt\/index.php?route=product\/product&amp;path=179&amp;product_id=1124\">Parka Combinada Hi-Vis- triplo uso<\/a><\/h4>\t\t\t\t\t\t\t\t\t<p class=\"price\">0.00\u20ac\t\t\t\t\t\t\t\t\t<\/p>\t\t\t\t\t\t\t\t<p class=\"product-des 8\">DESCRI\u00c7\u00c3OParka tripla utiliza\u00e7\u00e3o de alta visibilidade bicolorCosturas seladas termicamenteCapuz ajust\u00e1vel com cord\u00e3o com al\u00e7as que podem ser fixadas com n\u00f3Fixado ao husky por meio de 2 z\u00edperes internos paralelos ao z\u00edper principal2 bolsos na parte inferior de ambas as frentesHusky: 2 bolsos inferior..<\/p>\n\t\t\t\t\t\t\t<\/div>\n                        <\/div>\n                    <\/div>                    <div class=\"product-layout product-list col-xs-12\">\n                        <div class=\"product-thumb\">\n                            <div class=\"image\">\n\t\t\t\t\t\t\t\t<a href=\"https:\/\/vww.pt\/index.php?route=product\/product&amp;path=179&amp;product_id=1122\">\n\t\t\t\t\t\t\t\t\t<img src=\"https:\/\/vww.pt\/image\/cache\/catalog\/catalogo\/MARCA\/ALTA%20VISIBILIDADE%20-%20HI%20VIS\/288_PFE.jpg-500x666.png\" alt=\"Parka Hi-Vis\" title=\"Parka Hi-Vis\" class=\"img-responsive\" \/>\t\t\t\t\t\t\t\t<\/a>\t\t\t\t\t\t\t\t<div class=\"action-links\">\n\t\t\t\t\t\t\t\t\t<button class=\"btn-cart\" type=\"button\" data-toggle=\"tooltip\" title=\"Adicionar ao Pedido\" onclick=\"cart.add('1122', '1')\"><i class=\"ion-bag\"><\/i><span>Adicionar ao Pedido<\/span><\/button>\n\t\t\t\t\t\t\t\t\t<button class=\"btn-wishlist\" type=\"button\" data-toggle=\"tooltip\" title=\"Add \u00e0 Lista de preferencias\" onclick=\"wishlist.add('1122');\"><i class=\"ion-android-favorite-outline\"><\/i><span>Add \u00e0 Lista de preferencias<\/span><\/button>\n\t\t\t\t\t\t\t\t\t<button class=\"btn-compare\" type=\"button\" data-toggle=\"tooltip\" title=\"Comparar\" onclick=\"compare.add('1122');\"><i class=\"ion-android-options\"><\/i><span>Comparar<\/span><\/button>\n\t\t\t\t\t\t\t\t\t<button class=\"btn-quickview\" type=\"button\" data-toggle=\"tooltip\" title=\"Quick View\" onclick=\"ocquickview.ajaxView('https:\/\/vww.pt\/index.php?route=product\/product&amp;path=179&amp;product_id=1122')\"><i class=\"ion-android-open\"><\/i><span>Quick View<\/span><\/button>\n\t\t\t\t\t\t\t\t<\/div>\n\t\t\t\t\t\t\t<\/div>\n\t\t\t\t\t\t\t<div class=\"caption\">\t\t\t\t\t\t\t\t<p class=\"manufacture-product\">\n\t\t\t\t\t\t\t\t\t<a href=\"https:\/\/vww.pt\/index.php?route=product\/manufacturer\/info&amp;manufacturer_id=32\">MARCA<\/a>\n\t\t\t\t\t\t\t\t<\/p>\t\t\t\t\t\t\t\t<h4 class=\"product-name\"><a href=\"https:\/\/vww.pt\/index.php?route=product\/product&amp;path=179&amp;product_id=1122\">Parka Hi-Vis<\/a><\/h4>\t\t\t\t\t\t\t\t\t<p class=\"price\">0.00\u20ac\t\t\t\t\t\t\t\t\t<\/p>\t\t\t\t\t\t\t\t<p class=\"product-des 8\">DESCRI\u00c7\u00c3OParka b\u00e1sica com costuras seladas a quenteCapuz ajust\u00e1vel com cord\u00e3o e al\u00e7as que podem ser amarradas com n\u00f32 bolsos inferiores em ambas as frentes com aba1 bolso interior de chapa com boca horizontal localizado \u00e0 esquerda do utilizadorCOMPOSI\u00c7\u00c3OExterior: 100% poli\u00e9ster Oxford 150D \/ PU - 17..<\/p>\n\t\t\t\t\t\t\t<\/div>\n                        <\/div>\n                    <\/div>                    <div class=\"product-layout product-list col-xs-12\">\n                        <div class=\"product-thumb\">\n                            <div class=\"image\">\n\t\t\t\t\t\t\t\t<a href=\"https:\/\/vww.pt\/index.php?route=product\/product&amp;path=179&amp;product_id=1005\">\n\t\t\t\t\t\t\t\t\t<img src=\"https:\/\/vww.pt\/image\/cache\/catalog\/Prot.%20corpo\/combinado\/105504-500x666.png\" alt=\"Polo bicolor\" title=\"Polo bicolor\" class=\"img-responsive\" \/>\t\t\t\t\t\t\t\t<\/a>\t\t\t\t\t\t\t\t<div class=\"action-links\">\n\t\t\t\t\t\t\t\t\t<button class=\"btn-cart\" type=\"button\" data-toggle=\"tooltip\" title=\"Adicionar ao Pedido\" onclick=\"cart.add('1005', '1')\"><i class=\"ion-bag\"><\/i><span>Adicionar ao Pedido<\/span><\/button>\n\t\t\t\t\t\t\t\t\t<button class=\"btn-wishlist\" type=\"button\" data-toggle=\"tooltip\" title=\"Add \u00e0 Lista de preferencias\" onclick=\"wishlist.add('1005');\"><i class=\"ion-android-favorite-outline\"><\/i><span>Add \u00e0 Lista de preferencias<\/span><\/button>\n\t\t\t\t\t\t\t\t\t<button class=\"btn-compare\" type=\"button\" data-toggle=\"tooltip\" title=\"Comparar\" onclick=\"compare.add('1005');\"><i class=\"ion-android-options\"><\/i><span>Comparar<\/span><\/button>\n\t\t\t\t\t\t\t\t\t<button class=\"btn-quickview\" type=\"button\" data-toggle=\"tooltip\" title=\"Quick View\" onclick=\"ocquickview.ajaxView('https:\/\/vww.pt\/index.php?route=product\/product&amp;path=179&amp;product_id=1005')\"><i class=\"ion-android-open\"><\/i><span>Quick View<\/span><\/button>\n\t\t\t\t\t\t\t\t<\/div>\n\t\t\t\t\t\t\t<\/div>\n\t\t\t\t\t\t\t<div class=\"caption\">\t\t\t\t\t\t\t\t<p class=\"manufacture-product\">\n\t\t\t\t\t\t\t\t\t<a href=\"https:\/\/vww.pt\/index.php?route=product\/manufacturer\/info&amp;manufacturer_id=36\">VELILLA<\/a>\n\t\t\t\t\t\t\t\t<\/p>\t\t\t\t\t\t\t\t<h4 class=\"product-name\"><a href=\"https:\/\/vww.pt\/index.php?route=product\/product&amp;path=179&amp;product_id=1005\">Polo bicolor<\/a><\/h4>\t\t\t\t\t\t\t\t\t<p class=\"price\">0.00\u20ac\t\t\t\t\t\t\t\t\t<\/p>\t\t\t\t\t\t\t\t<p class=\"product-des 8\">DESCRI\u00c7\u00c3OFecho central com bot\u00f5esGola e parte inferior da manga caneladasLaterais, carcela, tapa costuras da gola e pespontos em cor contrasteCOMPOSI\u00c7\u00c3OPIQU\u00c9. 60% Algod\u00e3o 40% Poli\u00e9ster180 GSM..<\/p>\n\t\t\t\t\t\t\t<\/div>\n                        <\/div>\n                    <\/div>                    <div class=\"product-layout product-list col-xs-12\">\n                        <div class=\"product-thumb\">\n                            <div class=\"image\">\n\t\t\t\t\t\t\t\t<a href=\"https:\/\/vww.pt\/index.php?route=product\/product&amp;path=179&amp;product_id=1007\">\n\t\t\t\t\t\t\t\t\t<img src=\"https:\/\/vww.pt\/image\/cache\/catalog\/Prot.%20corpo\/combinado\/105514-500x666.png\" alt=\"Polo bicolor Manga comprida\" title=\"Polo bicolor Manga comprida\" class=\"img-responsive\" \/>\t\t\t\t\t\t\t\t<\/a>\t\t\t\t\t\t\t\t<div class=\"action-links\">\n\t\t\t\t\t\t\t\t\t<button class=\"btn-cart\" type=\"button\" data-toggle=\"tooltip\" title=\"Adicionar ao Pedido\" onclick=\"cart.add('1007', '1')\"><i class=\"ion-bag\"><\/i><span>Adicionar ao Pedido<\/span><\/button>\n\t\t\t\t\t\t\t\t\t<button class=\"btn-wishlist\" type=\"button\" data-toggle=\"tooltip\" title=\"Add \u00e0 Lista de preferencias\" onclick=\"wishlist.add('1007');\"><i class=\"ion-android-favorite-outline\"><\/i><span>Add \u00e0 Lista de preferencias<\/span><\/button>\n\t\t\t\t\t\t\t\t\t<button class=\"btn-compare\" type=\"button\" data-toggle=\"tooltip\" title=\"Comparar\" onclick=\"compare.add('1007');\"><i class=\"ion-android-options\"><\/i><span>Comparar<\/span><\/button>\n\t\t\t\t\t\t\t\t\t<button class=\"btn-quickview\" type=\"button\" data-toggle=\"tooltip\" title=\"Quick View\" onclick=\"ocquickview.ajaxView('https:\/\/vww.pt\/index.php?route=product\/product&amp;path=179&amp;product_id=1007')\"><i class=\"ion-android-open\"><\/i><span>Quick View<\/span><\/button>\n\t\t\t\t\t\t\t\t<\/div>\n\t\t\t\t\t\t\t<\/div>\n\t\t\t\t\t\t\t<div class=\"caption\">\t\t\t\t\t\t\t\t<p class=\"manufacture-product\">\n\t\t\t\t\t\t\t\t\t<a href=\"https:\/\/vww.pt\/index.php?route=product\/manufacturer\/info&amp;manufacturer_id=36\">VELILLA<\/a>\n\t\t\t\t\t\t\t\t<\/p>\t\t\t\t\t\t\t\t<h4 class=\"product-name\"><a href=\"https:\/\/vww.pt\/index.php?route=product\/product&amp;path=179&amp;product_id=1007\">Polo bicolor Manga comprida<\/a><\/h4>\t\t\t\t\t\t\t\t\t<p class=\"price\">0.00\u20ac\t\t\t\t\t\t\t\t\t<\/p>\t\t\t\t\t\t\t\t<p class=\"product-des 8\">DESCRI\u00c7\u00c3OFecho central com bot\u00f5esGola e parte inferior da manga caneladasLaterais, axilas, carcela, tapa costuras da gola e pespontos em cor contrasteCOMPOSI\u00c7\u00c3OPIQU\u00c9. 60% Algod\u00e3o 40% Poli\u00e9ster180 GSM..<\/p>\n\t\t\t\t\t\t\t<\/div>\n                        <\/div>\n                    <\/div>                    <div class=\"product-layout product-list col-xs-12\">\n                        <div class=\"product-thumb\">\n                            <div class=\"image\">\n\t\t\t\t\t\t\t\t<a href=\"https:\/\/vww.pt\/index.php?route=product\/product&amp;path=179&amp;product_id=1008\">\n\t\t\t\t\t\t\t\t\t<img src=\"https:\/\/vww.pt\/image\/cache\/catalog\/Prot.%20corpo\/combinado\/105515-500x666.png\" alt=\"Polo bicolor Manga comprida vivo\" title=\"Polo bicolor Manga comprida vivo\" class=\"img-responsive\" \/>\t\t\t\t\t\t\t\t<\/a>\t\t\t\t\t\t\t\t<div class=\"action-links\">\n\t\t\t\t\t\t\t\t\t<button class=\"btn-cart\" type=\"button\" data-toggle=\"tooltip\" title=\"Adicionar ao Pedido\" onclick=\"cart.add('1008', '1')\"><i class=\"ion-bag\"><\/i><span>Adicionar ao Pedido<\/span><\/button>\n\t\t\t\t\t\t\t\t\t<button class=\"btn-wishlist\" type=\"button\" data-toggle=\"tooltip\" title=\"Add \u00e0 Lista de preferencias\" onclick=\"wishlist.add('1008');\"><i class=\"ion-android-favorite-outline\"><\/i><span>Add \u00e0 Lista de preferencias<\/span><\/button>\n\t\t\t\t\t\t\t\t\t<button class=\"btn-compare\" type=\"button\" data-toggle=\"tooltip\" title=\"Comparar\" onclick=\"compare.add('1008');\"><i class=\"ion-android-options\"><\/i><span>Comparar<\/span><\/button>\n\t\t\t\t\t\t\t\t\t<button class=\"btn-quickview\" type=\"button\" data-toggle=\"tooltip\" title=\"Quick View\" onclick=\"ocquickview.ajaxView('https:\/\/vww.pt\/index.php?route=product\/product&amp;path=179&amp;product_id=1008')\"><i class=\"ion-android-open\"><\/i><span>Quick View<\/span><\/button>\n\t\t\t\t\t\t\t\t<\/div>\n\t\t\t\t\t\t\t<\/div>\n\t\t\t\t\t\t\t<div class=\"caption\">\t\t\t\t\t\t\t\t<p class=\"manufacture-product\">\n\t\t\t\t\t\t\t\t\t<a href=\"https:\/\/vww.pt\/index.php?route=product\/manufacturer\/info&amp;manufacturer_id=36\">VELILLA<\/a>\n\t\t\t\t\t\t\t\t<\/p>\t\t\t\t\t\t\t\t<h4 class=\"product-name\"><a href=\"https:\/\/vww.pt\/index.php?route=product\/product&amp;path=179&amp;product_id=1008\">Polo bicolor Manga comprida vivo<\/a><\/h4>\t\t\t\t\t\t\t\t\t<p class=\"price\">0.00\u20ac\t\t\t\t\t\t\t\t\t<\/p>\t\t\t\t\t\t\t\t<p class=\"product-des 8\">DESCRI\u00c7\u00c3OFecho central com bot\u00f5esGola e parte inferior da manga caneladasTapa costuras da gola, vivo da manga e gola, carcela e pespontos em cor contrasteCOMPOSI\u00c7\u00c3OPIQU\u00c9. 60% Algod\u00e3o 40% Poli\u00e9ster180 GSM..<\/p>\n\t\t\t\t\t\t\t<\/div>\n                        <\/div>\n                    <\/div>                    <div class=\"product-layout product-list col-xs-12\">\n                        <div class=\"product-thumb\">\n                            <div class=\"image\">\n\t\t\t\t\t\t\t\t<a href=\"https:\/\/vww.pt\/index.php?route=product\/product&amp;path=179&amp;product_id=1006\">\n\t\t\t\t\t\t\t\t\t<img src=\"https:\/\/vww.pt\/image\/cache\/catalog\/Prot.%20corpo\/combinado\/105505-500x666.png\" alt=\"Polo bicolor Vivo\" title=\"Polo bicolor Vivo\" class=\"img-responsive\" \/>\t\t\t\t\t\t\t\t<\/a>\t\t\t\t\t\t\t\t<div class=\"action-links\">\n\t\t\t\t\t\t\t\t\t<button class=\"btn-cart\" type=\"button\" data-toggle=\"tooltip\" title=\"Adicionar ao Pedido\" onclick=\"cart.add('1006', '1')\"><i class=\"ion-bag\"><\/i><span>Adicionar ao Pedido<\/span><\/button>\n\t\t\t\t\t\t\t\t\t<button class=\"btn-wishlist\" type=\"button\" data-toggle=\"tooltip\" title=\"Add \u00e0 Lista de preferencias\" onclick=\"wishlist.add('1006');\"><i class=\"ion-android-favorite-outline\"><\/i><span>Add \u00e0 Lista de preferencias<\/span><\/button>\n\t\t\t\t\t\t\t\t\t<button class=\"btn-compare\" type=\"button\" data-toggle=\"tooltip\" title=\"Comparar\" onclick=\"compare.add('1006');\"><i class=\"ion-android-options\"><\/i><span>Comparar<\/span><\/button>\n\t\t\t\t\t\t\t\t\t<button class=\"btn-quickview\" type=\"button\" data-toggle=\"tooltip\" title=\"Quick View\" onclick=\"ocquickview.ajaxView('https:\/\/vww.pt\/index.php?route=product\/product&amp;path=179&amp;product_id=1006')\"><i class=\"ion-android-open\"><\/i><span>Quick View<\/span><\/button>\n\t\t\t\t\t\t\t\t<\/div>\n\t\t\t\t\t\t\t<\/div>\n\t\t\t\t\t\t\t<div class=\"caption\">\t\t\t\t\t\t\t\t<p class=\"manufacture-product\">\n\t\t\t\t\t\t\t\t\t<a href=\"https:\/\/vww.pt\/index.php?route=product\/manufacturer\/info&amp;manufacturer_id=36\">VELILLA<\/a>\n\t\t\t\t\t\t\t\t<\/p>\t\t\t\t\t\t\t\t<h4 class=\"product-name\"><a href=\"https:\/\/vww.pt\/index.php?route=product\/product&amp;path=179&amp;product_id=1006\">Polo bicolor Vivo<\/a><\/h4>\t\t\t\t\t\t\t\t\t<p class=\"price\">0.00\u20ac\t\t\t\t\t\t\t\t\t<\/p>\t\t\t\t\t\t\t\t<p class=\"product-des 8\">DESCRI\u00c7\u00c3OFecho central com bot\u00f5esGola e parte inferior da manga caneladasTapa costuras da gola, vivo da manga e gola, carcela e pespontos em cor contrasteCOMPOSI\u00c7\u00c3OPIQU\u00c9. 60% Algod\u00e3o 40% Poli\u00e9ster180 GSM..<\/p>\n\t\t\t\t\t\t\t<\/div>\n                        <\/div>\n                    <\/div>                    <div class=\"product-layout product-list col-xs-12\">\n                        <div class=\"product-thumb\">\n                            <div class=\"image\">\n\t\t\t\t\t\t\t\t<a href=\"https:\/\/vww.pt\/index.php?route=product\/product&amp;path=179&amp;product_id=1158\">\n\t\t\t\t\t\t\t\t\t<img src=\"https:\/\/vww.pt\/image\/cache\/catalog\/catalogo\/MARCA\/ALTA%20VISIBILIDADE%20-%20HI%20VIS\/1288_POLFYML.jpg-500x666.png\" alt=\"Polo de manga comprida Hi-Vis\" title=\"Polo de manga comprida Hi-Vis\" class=\"img-responsive\" \/>\t\t\t\t\t\t\t\t<\/a>\t\t\t\t\t\t\t\t<div class=\"action-links\">\n\t\t\t\t\t\t\t\t\t<button class=\"btn-cart\" type=\"button\" data-toggle=\"tooltip\" title=\"Adicionar ao Pedido\" onclick=\"cart.add('1158', '1')\"><i class=\"ion-bag\"><\/i><span>Adicionar ao Pedido<\/span><\/button>\n\t\t\t\t\t\t\t\t\t<button class=\"btn-wishlist\" type=\"button\" data-toggle=\"tooltip\" title=\"Add \u00e0 Lista de preferencias\" onclick=\"wishlist.add('1158');\"><i class=\"ion-android-favorite-outline\"><\/i><span>Add \u00e0 Lista de preferencias<\/span><\/button>\n\t\t\t\t\t\t\t\t\t<button class=\"btn-compare\" type=\"button\" data-toggle=\"tooltip\" title=\"Comparar\" onclick=\"compare.add('1158');\"><i class=\"ion-android-options\"><\/i><span>Comparar<\/span><\/button>\n\t\t\t\t\t\t\t\t\t<button class=\"btn-quickview\" type=\"button\" data-toggle=\"tooltip\" title=\"Quick View\" onclick=\"ocquickview.ajaxView('https:\/\/vww.pt\/index.php?route=product\/product&amp;path=179&amp;product_id=1158')\"><i class=\"ion-android-open\"><\/i><span>Quick View<\/span><\/button>\n\t\t\t\t\t\t\t\t<\/div>\n\t\t\t\t\t\t\t<\/div>\n\t\t\t\t\t\t\t<div class=\"caption\">\t\t\t\t\t\t\t\t<p class=\"manufacture-product\">\n\t\t\t\t\t\t\t\t\t<a href=\"https:\/\/vww.pt\/index.php?route=product\/manufacturer\/info&amp;manufacturer_id=32\">MARCA<\/a>\n\t\t\t\t\t\t\t\t<\/p>\t\t\t\t\t\t\t\t<h4 class=\"product-name\"><a href=\"https:\/\/vww.pt\/index.php?route=product\/product&amp;path=179&amp;product_id=1158\">Polo de manga comprida Hi-Vis<\/a><\/h4>\t\t\t\t\t\t\t\t\t<p class=\"price\">0.00\u20ac\t\t\t\t\t\t\t\t\t<\/p>\t\t\t\t\t\t\t\t<p class=\"product-des 8\">DESCRI\u00c7\u00c3OPolo bicolor de manga comprida e alta visibilidadeAjuste no punho com el\u00e1stico canelado cinza2 listras na cor da pe\u00e7a1 bolso no peito localizado \u00e0 esquerda do usu\u00e1rioCOMPOSI\u00c7\u00c3OFolha exterior: 100% poli\u00e9ster. Alta visibilidade. M\u00e1x. X25Len\u00e7ol interno: 100% algod\u00e3o escovadoMassa laminar total..<\/p>\n\t\t\t\t\t\t\t<\/div>\n                        <\/div>\n                    <\/div>                    <div class=\"product-layout product-list col-xs-12\">\n                        <div class=\"product-thumb\">\n                            <div class=\"image\">\n\t\t\t\t\t\t\t\t<a href=\"https:\/\/vww.pt\/index.php?route=product\/product&amp;path=179&amp;product_id=1420\">\n\t\t\t\t\t\t\t\t\t<img src=\"https:\/\/vww.pt\/image\/cache\/catalog\/catalogo\/PORTWEST\/VESTUaRIO%20TeCNICO--%20OK\/Alta-Visibilidade\/LINHA%20PW\/FR702\/FR702YBR.jpg-500x666.png\" alt=\"Polo de manga comprida Ignifuga Hi-Vis PW3\" title=\"Polo de manga comprida Ignifuga Hi-Vis PW3\" class=\"img-responsive\" \/>\t\t\t\t\t\t\t\t<\/a>\t\t\t\t\t\t\t\t<div class=\"action-links\">\n\t\t\t\t\t\t\t\t\t<button class=\"btn-cart\" type=\"button\" data-toggle=\"tooltip\" title=\"Adicionar ao Pedido\" onclick=\"cart.add('1420', '1')\"><i class=\"ion-bag\"><\/i><span>Adicionar ao Pedido<\/span><\/button>\n\t\t\t\t\t\t\t\t\t<button class=\"btn-wishlist\" type=\"button\" data-toggle=\"tooltip\" title=\"Add \u00e0 Lista de preferencias\" onclick=\"wishlist.add('1420');\"><i class=\"ion-android-favorite-outline\"><\/i><span>Add \u00e0 Lista de preferencias<\/span><\/button>\n\t\t\t\t\t\t\t\t\t<button class=\"btn-compare\" type=\"button\" data-toggle=\"tooltip\" title=\"Comparar\" onclick=\"compare.add('1420');\"><i class=\"ion-android-options\"><\/i><span>Comparar<\/span><\/button>\n\t\t\t\t\t\t\t\t\t<button class=\"btn-quickview\" type=\"button\" data-toggle=\"tooltip\" title=\"Quick View\" onclick=\"ocquickview.ajaxView('https:\/\/vww.pt\/index.php?route=product\/product&amp;path=179&amp;product_id=1420')\"><i class=\"ion-android-open\"><\/i><span>Quick View<\/span><\/button>\n\t\t\t\t\t\t\t\t<\/div>\n\t\t\t\t\t\t\t<\/div>\n\t\t\t\t\t\t\t<div class=\"caption\">\t\t\t\t\t\t\t\t<p class=\"manufacture-product\">\n\t\t\t\t\t\t\t\t\t<a href=\"https:\/\/vww.pt\/index.php?route=product\/manufacturer\/info&amp;manufacturer_id=23\">PORTWEST<\/a>\n\t\t\t\t\t\t\t\t<\/p>\t\t\t\t\t\t\t\t<h4 class=\"product-name\"><a href=\"https:\/\/vww.pt\/index.php?route=product\/product&amp;path=179&amp;product_id=1420\">Polo de manga comprida Ignifuga Hi-Vis PW3<\/a><\/h4>\t\t\t\t\t\t\t\t\t<p class=\"price\">0.00\u20ac\t\t\t\t\t\t\t\t\t<\/p>\t\t\t\t\t\t\t\t<p class=\"product-des 8\">DESCRI\u00c7\u00c3OQualidades inerentes de resist\u00eancia a chamas n\u00e3o diminuir\u00e3o com a lavagem Prote\u00e7\u00e3o contra calor radiante, convectivo e de contato Alto teor de algod\u00e3o para conforto superior Fecho de bot\u00e3o oculto Gola e punhos canelados Projetado com um ajuste confort\u00e1vel Fita reflexiva segmentada aplicada ..<\/p>\n\t\t\t\t\t\t\t<\/div>\n                        <\/div>\n                    <\/div>                    <div class=\"product-layout product-list col-xs-12\">\n                        <div class=\"product-thumb\">\n                            <div class=\"image\">\n\t\t\t\t\t\t\t\t<a href=\"https:\/\/vww.pt\/index.php?route=product\/product&amp;path=179&amp;product_id=1092\">\n\t\t\t\t\t\t\t\t\t<img src=\"https:\/\/vww.pt\/image\/cache\/catalog\/catalogo\/MARCA\/1288_POLFNY.jpg-500x666.png\" alt=\"Polo de manga curta Hi-Vis\" title=\"Polo de manga curta Hi-Vis\" class=\"img-responsive\" \/>\t\t\t\t\t\t\t\t<\/a>\t\t\t\t\t\t\t\t<div class=\"action-links\">\n\t\t\t\t\t\t\t\t\t<button class=\"btn-cart\" type=\"button\" data-toggle=\"tooltip\" title=\"Adicionar ao Pedido\" onclick=\"cart.add('1092', '1')\"><i class=\"ion-bag\"><\/i><span>Adicionar ao Pedido<\/span><\/button>\n\t\t\t\t\t\t\t\t\t<button class=\"btn-wishlist\" type=\"button\" data-toggle=\"tooltip\" title=\"Add \u00e0 Lista de preferencias\" onclick=\"wishlist.add('1092');\"><i class=\"ion-android-favorite-outline\"><\/i><span>Add \u00e0 Lista de preferencias<\/span><\/button>\n\t\t\t\t\t\t\t\t\t<button class=\"btn-compare\" type=\"button\" data-toggle=\"tooltip\" title=\"Comparar\" onclick=\"compare.add('1092');\"><i class=\"ion-android-options\"><\/i><span>Comparar<\/span><\/button>\n\t\t\t\t\t\t\t\t\t<button class=\"btn-quickview\" type=\"button\" data-toggle=\"tooltip\" title=\"Quick View\" onclick=\"ocquickview.ajaxView('https:\/\/vww.pt\/index.php?route=product\/product&amp;path=179&amp;product_id=1092')\"><i class=\"ion-android-open\"><\/i><span>Quick View<\/span><\/button>\n\t\t\t\t\t\t\t\t<\/div>\n\t\t\t\t\t\t\t<\/div>\n\t\t\t\t\t\t\t<div class=\"caption\">\t\t\t\t\t\t\t\t<p class=\"manufacture-product\">\n\t\t\t\t\t\t\t\t\t<a href=\"https:\/\/vww.pt\/index.php?route=product\/manufacturer\/info&amp;manufacturer_id=32\">MARCA<\/a>\n\t\t\t\t\t\t\t\t<\/p>\t\t\t\t\t\t\t\t<h4 class=\"product-name\"><a href=\"https:\/\/vww.pt\/index.php?route=product\/product&amp;path=179&amp;product_id=1092\">Polo de manga curta Hi-Vis<\/a><\/h4>\t\t\t\t\t\t\t\t\t<p class=\"price\">0.00\u20ac\t\t\t\t\t\t\t\t\t<\/p>\t\t\t\t\t\t\t\t<p class=\"product-des 8\">DESCRI\u00c7\u00c3OPolo de alta&amp;nbsp;visibilidade de manga curtaAjuste no bra\u00e7o com el\u00e1stico de cor cinzenta1 bolso do lado esquerdo do peito do usu\u00e1rio1 fita refletora em cada manga2 fitas refletoras horizontais no corpoCOMPOSI\u00c7\u00c3O100% poli\u00e9ster. M\u00e1x. X25Peso: 160 g\/m2NORMAS E CERTEFICA\u00c7\u00d5ESEN 13688EN&amp;nbsp; 20..<\/p>\n\t\t\t\t\t\t\t<\/div>\n                        <\/div>\n                    <\/div>                    <div class=\"product-layout product-list col-xs-12\">\n                        <div class=\"product-thumb\">\n                            <div class=\"image\">\n\t\t\t\t\t\t\t\t<a href=\"https:\/\/vww.pt\/index.php?route=product\/product&amp;path=179&amp;product_id=1166\">\n\t\t\t\t\t\t\t\t\t<img src=\"https:\/\/vww.pt\/image\/cache\/catalog\/Prot.%20corpo\/combinado\/305515-500x666.png\" alt=\"Polo manga comprida combinado bicolor Hi-Vis\" title=\"Polo manga comprida combinado bicolor Hi-Vis\" class=\"img-responsive\" \/>\t\t\t\t\t\t\t\t<\/a>\t\t\t\t\t\t\t\t<div class=\"action-links\">\n\t\t\t\t\t\t\t\t\t<button class=\"btn-cart\" type=\"button\" data-toggle=\"tooltip\" title=\"Adicionar ao Pedido\" onclick=\"cart.add('1166', '1')\"><i class=\"ion-bag\"><\/i><span>Adicionar ao Pedido<\/span><\/button>\n\t\t\t\t\t\t\t\t\t<button class=\"btn-wishlist\" type=\"button\" data-toggle=\"tooltip\" title=\"Add \u00e0 Lista de preferencias\" onclick=\"wishlist.add('1166');\"><i class=\"ion-android-favorite-outline\"><\/i><span>Add \u00e0 Lista de preferencias<\/span><\/button>\n\t\t\t\t\t\t\t\t\t<button class=\"btn-compare\" type=\"button\" data-toggle=\"tooltip\" title=\"Comparar\" onclick=\"compare.add('1166');\"><i class=\"ion-android-options\"><\/i><span>Comparar<\/span><\/button>\n\t\t\t\t\t\t\t\t\t<button class=\"btn-quickview\" type=\"button\" data-toggle=\"tooltip\" title=\"Quick View\" onclick=\"ocquickview.ajaxView('https:\/\/vww.pt\/index.php?route=product\/product&amp;path=179&amp;product_id=1166')\"><i class=\"ion-android-open\"><\/i><span>Quick View<\/span><\/button>\n\t\t\t\t\t\t\t\t<\/div>\n\t\t\t\t\t\t\t<\/div>\n\t\t\t\t\t\t\t<div class=\"caption\">\t\t\t\t\t\t\t\t<p class=\"manufacture-product\">\n\t\t\t\t\t\t\t\t\t<a href=\"https:\/\/vww.pt\/index.php?route=product\/manufacturer\/info&amp;manufacturer_id=36\">VELILLA<\/a>\n\t\t\t\t\t\t\t\t<\/p>\t\t\t\t\t\t\t\t<h4 class=\"product-name\"><a href=\"https:\/\/vww.pt\/index.php?route=product\/product&amp;path=179&amp;product_id=1166\">Polo manga comprida combinado bicolor Hi-Vis<\/a><\/h4>\t\t\t\t\t\t\t\t\t<p class=\"price\">0.00\u20ac\t\t\t\t\t\t\t\t\t<\/p>\t\t\t\t\t\t\t\t<p class=\"product-des 8\">DESCRI\u00c7\u00c3OFecho central com bot\u00f5esFaixas refletoras no torso e mangasGola e punhos em malha caneladosBot\u00f5es, gola e presilhas em cor de contraste1 bolso de remendo no peitoCOMPOSI\u00c7\u00c3OPIQU\u00c9 55% Algod\u00e3o e 45% Poli\u00e9sterPeso: 150 g\/m2..<\/p>\n\t\t\t\t\t\t\t<\/div>\n                        <\/div>\n                    <\/div>                    <div class=\"product-layout product-list col-xs-12\">\n                        <div class=\"product-thumb\">\n                            <div class=\"image\">\n\t\t\t\t\t\t\t\t<a href=\"https:\/\/vww.pt\/index.php?route=product\/product&amp;path=179&amp;product_id=1162\">\n\t\t\t\t\t\t\t\t\t<img src=\"https:\/\/vww.pt\/image\/cache\/catalog\/Prot.%20corpo\/combinado\/175-500x666.png\" alt=\"Polo manga comprida combinado Hi-Vis\" title=\"Polo manga comprida combinado Hi-Vis\" class=\"img-responsive\" \/>\t\t\t\t\t\t\t\t<\/a>\t\t\t\t\t\t\t\t<div class=\"action-links\">\n\t\t\t\t\t\t\t\t\t<button class=\"btn-cart\" type=\"button\" data-toggle=\"tooltip\" title=\"Adicionar ao Pedido\" onclick=\"cart.add('1162', '1')\"><i class=\"ion-bag\"><\/i><span>Adicionar ao Pedido<\/span><\/button>\n\t\t\t\t\t\t\t\t\t<button class=\"btn-wishlist\" type=\"button\" data-toggle=\"tooltip\" title=\"Add \u00e0 Lista de preferencias\" onclick=\"wishlist.add('1162');\"><i class=\"ion-android-favorite-outline\"><\/i><span>Add \u00e0 Lista de preferencias<\/span><\/button>\n\t\t\t\t\t\t\t\t\t<button class=\"btn-compare\" type=\"button\" data-toggle=\"tooltip\" title=\"Comparar\" onclick=\"compare.add('1162');\"><i class=\"ion-android-options\"><\/i><span>Comparar<\/span><\/button>\n\t\t\t\t\t\t\t\t\t<button class=\"btn-quickview\" type=\"button\" data-toggle=\"tooltip\" title=\"Quick View\" onclick=\"ocquickview.ajaxView('https:\/\/vww.pt\/index.php?route=product\/product&amp;path=179&amp;product_id=1162')\"><i class=\"ion-android-open\"><\/i><span>Quick View<\/span><\/button>\n\t\t\t\t\t\t\t\t<\/div>\n\t\t\t\t\t\t\t<\/div>\n\t\t\t\t\t\t\t<div class=\"caption\">\t\t\t\t\t\t\t\t<p class=\"manufacture-product\">\n\t\t\t\t\t\t\t\t\t<a href=\"https:\/\/vww.pt\/index.php?route=product\/manufacturer\/info&amp;manufacturer_id=36\">VELILLA<\/a>\n\t\t\t\t\t\t\t\t<\/p>\t\t\t\t\t\t\t\t<h4 class=\"product-name\"><a href=\"https:\/\/vww.pt\/index.php?route=product\/product&amp;path=179&amp;product_id=1162\">Polo manga comprida combinado Hi-Vis<\/a><\/h4>\t\t\t\t\t\t\t\t\t<p class=\"price\">0.00\u20ac\t\t\t\t\t\t\t\t\t<\/p>\t\t\t\t\t\t\t\t<p class=\"product-des 8\">DESCRI\u00c7\u00c3OFecho central com bot\u00f5esFaixas refletoras no torso e mangasGola e punhos canelados em cor de contrasteBot\u00f5es em cor de contraste1 bolso de remendo no peitoCOMPOSI\u00c7\u00c3OBIRD-EYE 100% Poli\u00e9sterPeso: 160 g\/m2..<\/p>\n\t\t\t\t\t\t\t<\/div>\n                        <\/div>\n                    <\/div>                    <div class=\"product-layout product-list col-xs-12\">\n                        <div class=\"product-thumb\">\n                            <div class=\"image\">\n\t\t\t\t\t\t\t\t<a href=\"https:\/\/vww.pt\/index.php?route=product\/product&amp;path=179&amp;product_id=1165\">\n\t\t\t\t\t\t\t\t\t<img src=\"https:\/\/vww.pt\/image\/cache\/catalog\/Prot.%20corpo\/combinado\/305513-500x666.png\" alt=\"Polo manga curta combinado bicolor Hi-Vis\" title=\"Polo manga curta combinado bicolor Hi-Vis\" class=\"img-responsive\" \/>\t\t\t\t\t\t\t\t<\/a>\t\t\t\t\t\t\t\t<div class=\"action-links\">\n\t\t\t\t\t\t\t\t\t<button class=\"btn-cart\" type=\"button\" data-toggle=\"tooltip\" title=\"Adicionar ao Pedido\" onclick=\"cart.add('1165', '1')\"><i class=\"ion-bag\"><\/i><span>Adicionar ao Pedido<\/span><\/button>\n\t\t\t\t\t\t\t\t\t<button class=\"btn-wishlist\" type=\"button\" data-toggle=\"tooltip\" title=\"Add \u00e0 Lista de preferencias\" onclick=\"wishlist.add('1165');\"><i class=\"ion-android-favorite-outline\"><\/i><span>Add \u00e0 Lista de preferencias<\/span><\/button>\n\t\t\t\t\t\t\t\t\t<button class=\"btn-compare\" type=\"button\" data-toggle=\"tooltip\" title=\"Comparar\" onclick=\"compare.add('1165');\"><i class=\"ion-android-options\"><\/i><span>Comparar<\/span><\/button>\n\t\t\t\t\t\t\t\t\t<button class=\"btn-quickview\" type=\"button\" data-toggle=\"tooltip\" title=\"Quick View\" onclick=\"ocquickview.ajaxView('https:\/\/vww.pt\/index.php?route=product\/product&amp;path=179&amp;product_id=1165')\"><i class=\"ion-android-open\"><\/i><span>Quick View<\/span><\/button>\n\t\t\t\t\t\t\t\t<\/div>\n\t\t\t\t\t\t\t<\/div>\n\t\t\t\t\t\t\t<div class=\"caption\">\t\t\t\t\t\t\t\t<p class=\"manufacture-product\">\n\t\t\t\t\t\t\t\t\t<a href=\"https:\/\/vww.pt\/index.php?route=product\/manufacturer\/info&amp;manufacturer_id=36\">VELILLA<\/a>\n\t\t\t\t\t\t\t\t<\/p>\t\t\t\t\t\t\t\t<h4 class=\"product-name\"><a href=\"https:\/\/vww.pt\/index.php?route=product\/product&amp;path=179&amp;product_id=1165\">Polo manga curta combinado bicolor Hi-Vis<\/a><\/h4>\t\t\t\t\t\t\t\t\t<p class=\"price\">0.00\u20ac\t\t\t\t\t\t\t\t\t<\/p>\t\t\t\t\t\t\t\t<p class=\"product-des 8\">DESCRI\u00c7\u00c3OFecho central com bot\u00f5esFaixas refletoras no troncoGola em malha caneladaBot\u00f5es, gola, presilhas e parte de baixo da manga em contraste de cor1 bolso de remendo no peitoCOMPOSI\u00c7\u00c3OPIQU\u00c9 55% Algod\u00e3o e 45% Poli\u00e9sterPeso: 150 g\/m2..<\/p>\n\t\t\t\t\t\t\t<\/div>\n                        <\/div>\n                    <\/div>                    <div class=\"product-layout product-list col-xs-12\">\n                        <div class=\"product-thumb\">\n                            <div class=\"image\">\n\t\t\t\t\t\t\t\t<a href=\"https:\/\/vww.pt\/index.php?route=product\/product&amp;path=179&amp;product_id=1126\">\n\t\t\t\t\t\t\t\t\t<img src=\"https:\/\/vww.pt\/image\/cache\/catalog\/catalogo\/MARCA\/ALTA%20VISIBILIDADE%20-%20HI%20VIS\/1288_POLFY_A-500x666.png\" alt=\"Polo manga curta combinado Hi-Vis\" title=\"Polo manga curta combinado Hi-Vis\" class=\"img-responsive\" \/>\t\t\t\t\t\t\t\t<\/a>\t\t\t\t\t\t\t\t<div class=\"action-links\">\n\t\t\t\t\t\t\t\t\t<button class=\"btn-cart\" type=\"button\" data-toggle=\"tooltip\" title=\"Adicionar ao Pedido\" onclick=\"cart.add('1126', '1')\"><i class=\"ion-bag\"><\/i><span>Adicionar ao Pedido<\/span><\/button>\n\t\t\t\t\t\t\t\t\t<button class=\"btn-wishlist\" type=\"button\" data-toggle=\"tooltip\" title=\"Add \u00e0 Lista de preferencias\" onclick=\"wishlist.add('1126');\"><i class=\"ion-android-favorite-outline\"><\/i><span>Add \u00e0 Lista de preferencias<\/span><\/button>\n\t\t\t\t\t\t\t\t\t<button class=\"btn-compare\" type=\"button\" data-toggle=\"tooltip\" title=\"Comparar\" onclick=\"compare.add('1126');\"><i class=\"ion-android-options\"><\/i><span>Comparar<\/span><\/button>\n\t\t\t\t\t\t\t\t\t<button class=\"btn-quickview\" type=\"button\" data-toggle=\"tooltip\" title=\"Quick View\" onclick=\"ocquickview.ajaxView('https:\/\/vww.pt\/index.php?route=product\/product&amp;path=179&amp;product_id=1126')\"><i class=\"ion-android-open\"><\/i><span>Quick View<\/span><\/button>\n\t\t\t\t\t\t\t\t<\/div>\n\t\t\t\t\t\t\t<\/div>\n\t\t\t\t\t\t\t<div class=\"caption\">\t\t\t\t\t\t\t\t<p class=\"manufacture-product\">\n\t\t\t\t\t\t\t\t\t<a href=\"https:\/\/vww.pt\/index.php?route=product\/manufacturer\/info&amp;manufacturer_id=32\">MARCA<\/a>\n\t\t\t\t\t\t\t\t<\/p>\t\t\t\t\t\t\t\t<h4 class=\"product-name\"><a href=\"https:\/\/vww.pt\/index.php?route=product\/product&amp;path=179&amp;product_id=1126\">Polo manga curta combinado Hi-Vis<\/a><\/h4>\t\t\t\t\t\t\t\t\t<p class=\"price\">0.00\u20ac\t\t\t\t\t\t\t\t\t<\/p>\t\t\t\t\t\t\t\t<p class=\"product-des 8\">DESCRI\u00c7\u00c3OPolo de alta&amp;nbsp;visibilidade de manga curtaAjuste no bra\u00e7o com el\u00e1stico de cor cinzenta1 bolso do lado esquerdo do peito do usu\u00e1rio1 fita refletora em cada manga2 fitas refletoras horizontais no corpoCOMPOSI\u00c7\u00c3O100% poli\u00e9ster. M\u00e1x. X25Peso: 160 g\/m2NORMAS E CERTEFICA\u00c7\u00d5ESEN 13688EN&amp;nbsp; 20..<\/p>\n\t\t\t\t\t\t\t<\/div>\n                        <\/div>\n                    <\/div>                <\/div>\n                <div class=\"row toolbar4\">\n                    <div class=\"col-sm-6\"><ul class=\"pagination\"><li><a href=\"https:\/\/vww.pt\/index.php?route=product\/category&path=179\">|&lt;<\/a><\/li><li><a href=\"https:\/\/vww.pt\/index.php?route=product\/category&path=179\">&lt;<\/a><\/li><li><a href=\"https:\/\/vww.pt\/index.php?route=product\/category&path=179\">1<\/a><\/li><li class=\"active\"><span>2<\/span><\/li><li><a href=\"https:\/\/vww.pt\/index.php?route=product\/category&path=179&amp;page=3\">3<\/a><\/li><li><a href=\"https:\/\/vww.pt\/index.php?route=product\/category&path=179&amp;page=4\">4<\/a><\/li><li><a href=\"https:\/\/vww.pt\/index.php?route=product\/category&path=179&amp;page=3\">&gt;<\/a><\/li><li><a href=\"https:\/\/vww.pt\/index.php?route=product\/category&path=179&amp;page=4\">&gt;|<\/a><\/li><\/ul><\/div>\n                    <div class=\"col-sm-6 text-right\">Exibindo 51 a 100 de 162 (4 P\u00e1ginas)<\/div>\n                <\/div><script type=\"text\/javascript\">\n    \/\/ Product List\n\t$('#list-view').click(function() {\n\t\t$('.custom-products').removeClass('custom-products-row');\n\t\t$(this).addClass('selected');\n\t\t$('#grid-view').removeClass('selected');\n\t\t$('#content .product-grid > .clearfix').remove();\n\n\t\t\/\/$('#content .product-layout').attr('class', 'product-layout product-list col-xs-12');\n\t\t$('#content .product-grid').attr('class', 'product-layout product-list col-xs-12');\n\t\t$('#content .product-list .caption').addClass('col-xs-8');\n\t\t$('#content .product-list .image').addClass('col-xs-4');\n\t\t\n\n\t\tlocalStorage.setItem('display', 'list');\n\t});\n    \n\t\/\/ Product Grid\n\t$('#grid-view').click(function() {\n\t\t$('.custom-products').addClass('custom-products-row');\n\t\t$(this).addClass('selected');\n\t\t$('#list-view').removeClass('selected');\n\t\t\/\/ What a shame bootstrap does not take into account dynamically loaded columns\n\t\tcols = $('#column-right, #column-left').length;\n\n\t\tif (cols == 2) {\n\t\t\t$('#content .product-layout').attr('class', 'product-layout product-grid col-md-6 col-sm-6 col-xs-6 two-items');\n\t\t} else if (cols == 1) {\n\t\t\t$('#content .product-layout').attr('class', 'product-layout product-grid col-md-4 col-sm-6 col-xs-6 three-items');\n\t\t} else {\n\t\t\t$('#content .product-layout').attr('class', 'product-layout product-grid col-md-3 col-sm-6 col-xs-6 four-items');\n\t\t}\n\t\t$('#content .product-grid .caption').removeClass('col-xs-8');\n\t\t$('#content .product-grid .image').removeClass('col-xs-4');\n\t\t\n\n\t\t localStorage.setItem('display', 'grid');\n\t});\n\n\tif (localStorage.getItem('display') == 'list') {\n\t\t\n\t\t$('#list-view').trigger('click');\n\t} else {\n\t\t$('#grid-view').trigger('click');\n\t}\n<\/script>\n\n","filter_action":"https:\/\/vww.pt\/index.php?route=extension\/module\/oclayerednavigation\/category&path=179","price_action":"https:\/\/vww.pt\/index.php?route=extension\/module\/oclayerednavigation\/category&path=179","layered_html":"<div class=\"list-group\">\n    <div class=\"filter-attribute-container filter-attribute-remove-container\">    <\/div>\n    <div class=\"filter-attribute-container filter-prices\">\n        <label>Price Filter<\/label>\n        <div class=\"list-group-item\">\n            <div class=\"filter-price\">\n                <div id=\"slider-price\"><\/div>\n                <div class=\"slider-values\">\n                    <span><\/span>\n                    <input id=\"price-from\" disabled=\"disabled\" class=\"input-price\" type=\"text\" value=\"0\" placeholder=\"Min\" name=\"price-from\"\/>\n                    <span>\u20ac<\/span> -\n                    <span><\/span>\n                    <input id=\"price-to\" disabled=\"disabled\" class=\"input-price\" type=\"text\" value=\"0\" placeholder=\"Max\" name=\"price-to\" \/>\n                    <span>\u20ac<\/span>\n                <\/div>\n            <\/div>\n        <\/div>\n    <\/div><\/div>\n"}