{"result_html":"                <div><a href=\"https:\/\/vww.pt\/index.php?route=product\/compare\" id=\"compare-total\">Produtos na compara\u00e7\u00e3o (0)<\/a><\/div>\n\t\t\t\t<div class=\"toolbar\">\n\t\t\t\t\t<div class=\"col-md-2 toolbar3 pull-left\">\n                        <div class=\"btn-group\">\n                            <button type=\"button\" id=\"list-view\" class=\"btn btn-default\"><i class=\"fa fa-th-list\"><\/i><\/button>\n                            <button type=\"button\" id=\"grid-view\" class=\"btn btn-default\"><i class=\"fa fa-th\"><\/i><\/button>\n                        <\/div>\n                    <\/div>\n                    <div class=\"col-md-2 toolbar1 pull-right\">\n                        <select id=\"input-sort\" class=\"form-control\" onchange=\"oclayerednavigationajax.filter(this.value)\">\t\t\t\t\t\t\t\t\t<option value=\"https:\/\/vww.pt\/index.php?route=extension\/module\/oclayerednavigation\/category&path=306&sort=p.sort_order&order=ASC\" selected=\"selected\">Ordenar por: Padr\u00e3o<\/option>\t\t\t\t\t\t\t\t\t<option value=\"https:\/\/vww.pt\/index.php?route=extension\/module\/oclayerednavigation\/category&path=306&sort=pd.name&order=ASC\">Ordenar por: Nome (A - Z)<\/option>\t\t\t\t\t\t\t\t\t<option value=\"https:\/\/vww.pt\/index.php?route=extension\/module\/oclayerednavigation\/category&path=306&sort=pd.name&order=DESC\">Ordenar por: Nome (Z - A)<\/option>\t\t\t\t\t\t\t\t\t<option value=\"https:\/\/vww.pt\/index.php?route=extension\/module\/oclayerednavigation\/category&path=306&sort=p.price&order=ASC\">Ordenar por: Pre\u00e7o (Menor &gt; Maior)<\/option>\t\t\t\t\t\t\t\t\t<option value=\"https:\/\/vww.pt\/index.php?route=extension\/module\/oclayerednavigation\/category&path=306&sort=p.price&order=DESC\">Ordenar por: Pre\u00e7o (Maior &gt; Menor)<\/option>\t\t\t\t\t\t\t\t\t<option value=\"https:\/\/vww.pt\/index.php?route=extension\/module\/oclayerednavigation\/category&path=306&sort=rating&order=DESC\">Ordenar por: Avalia\u00e7\u00e3o (Alta)<\/option>\t\t\t\t\t\t\t\t\t<option value=\"https:\/\/vww.pt\/index.php?route=extension\/module\/oclayerednavigation\/category&path=306&sort=rating&order=ASC\">Ordenar por: Avalia\u00e7\u00e3o (Baixa)<\/option>\t\t\t\t\t\t\t\t\t<option value=\"https:\/\/vww.pt\/index.php?route=extension\/module\/oclayerednavigation\/category&path=306&sort=p.model&order=ASC\">Ordenar por: Modelo (A - Z)<\/option>\t\t\t\t\t\t\t\t\t<option value=\"https:\/\/vww.pt\/index.php?route=extension\/module\/oclayerednavigation\/category&path=306&sort=p.model&order=DESC\">Ordenar por: Modelo (Z - A)<\/option>\t\t\t\t\t\t<\/select>\n                    <\/div>\n                    <div class=\"col-md-2 toolbar2 pull-right\">\n                        <select id=\"input-limit\" class=\"form-control\" onchange=\"oclayerednavigationajax.filter(this.value)\">\t\t\t\t\t\t\t\t\t<option value=\"https:\/\/vww.pt\/index.php?route=extension\/module\/oclayerednavigation\/category&path=306&limit=25\">Mostrar 25<\/option>\t\t\t\t\t\t\t\t\t<option value=\"https:\/\/vww.pt\/index.php?route=extension\/module\/oclayerednavigation\/category&path=306&limit=50\" selected=\"selected\">Mostrar 50<\/option>\t\t\t\t\t\t\t\t\t<option value=\"https:\/\/vww.pt\/index.php?route=extension\/module\/oclayerednavigation\/category&path=306&limit=75\">Mostrar 75<\/option>\t\t\t\t\t\t\t\t\t<option value=\"https:\/\/vww.pt\/index.php?route=extension\/module\/oclayerednavigation\/category&path=306&limit=100\">Mostrar 100<\/option>\t\t\t\t\t\t<\/select>\n                    <\/div>\n\t\t\t\t<\/div>\n                <div class=\"custom-products\">                    <div class=\"product-layout product-list col-xs-12\">\n                        <div class=\"product-thumb\">\n                            <div class=\"image\">\n\t\t\t\t\t\t\t\t<a href=\"https:\/\/vww.pt\/index.php?route=product\/product&amp;path=306&amp;product_id=886\">\n\t\t\t\t\t\t\t\t\t<img src=\"https:\/\/vww.pt\/image\/cache\/catalog\/prot.%20p\u00e9s\/acessorios\/spodos_blue.jpg-500x666.png\" alt=\"Palmilha\" title=\"Palmilha\" class=\"img-responsive\" \/>\t\t\t\t\t\t\t\t<\/a>\t\t\t\t\t\t\t\t<div class=\"action-links\">\n\t\t\t\t\t\t\t\t\t<button class=\"btn-cart\" type=\"button\" data-toggle=\"tooltip\" title=\"Adicionar ao Pedido\" onclick=\"cart.add('886', '1')\"><i class=\"ion-bag\"><\/i><span>Adicionar ao Pedido<\/span><\/button>\n\t\t\t\t\t\t\t\t\t<button class=\"btn-wishlist\" type=\"button\" data-toggle=\"tooltip\" title=\"Add \u00e0 Lista de preferencias\" onclick=\"wishlist.add('886');\"><i class=\"ion-android-favorite-outline\"><\/i><span>Add \u00e0 Lista de preferencias<\/span><\/button>\n\t\t\t\t\t\t\t\t\t<button class=\"btn-compare\" type=\"button\" data-toggle=\"tooltip\" title=\"Comparar\" onclick=\"compare.add('886');\"><i class=\"ion-android-options\"><\/i><span>Comparar<\/span><\/button>\n\t\t\t\t\t\t\t\t\t<button class=\"btn-quickview\" type=\"button\" data-toggle=\"tooltip\" title=\"Quick View\" onclick=\"ocquickview.ajaxView('https:\/\/vww.pt\/index.php?route=product\/product&amp;path=306&amp;product_id=886')\"><i class=\"ion-android-open\"><\/i><span>Quick View<\/span><\/button>\n\t\t\t\t\t\t\t\t<\/div>\n\t\t\t\t\t\t\t<\/div>\n\t\t\t\t\t\t\t<div class=\"caption\">\t\t\t\t\t\t\t\t<p class=\"manufacture-product\">\n\t\t\t\t\t\t\t\t\t<a href=\"https:\/\/vww.pt\/index.php?route=product\/manufacturer\/info&amp;manufacturer_id=19\">LAVORO<\/a>\n\t\t\t\t\t\t\t\t<\/p>\t\t\t\t\t\t\t\t<h4 class=\"product-name\"><a href=\"https:\/\/vww.pt\/index.php?route=product\/product&amp;path=306&amp;product_id=886\">Palmilha<\/a><\/h4>\t\t\t\t\t\t\t\t\t<p class=\"price\">0.00\u20ac\t\t\t\t\t\t\t\t\t<\/p>\t\t\t\t\t\t\t\t<p class=\"product-des 8\">DESCRI\u00c7\u00c3OAnti-microbianasCarbono activo na sua constitui\u00e7\u00e3oEfeito termoreguladorPerme\u00e1veis ao vapor100% respir\u00e1veisLav\u00e1veisResistentes \u00e0 abras\u00e3oAnti-est\u00e1ticasFabricadas em materiais reciclados<br \/>\r\n<br \/>\r\nAzul - Medium - p\u00e9 plano<br \/>\r\nVerde - Low - p\u00e9 normal<br \/>\r\nVermelho - High - p\u00e9 cavo..<\/p>\n\t\t\t\t\t\t\t<\/div>\n                        <\/div>\n                    <\/div>                    <div class=\"product-layout product-list col-xs-12\">\n                        <div class=\"product-thumb\">\n                            <div class=\"image\">\n\t\t\t\t\t\t\t\t<a href=\"https:\/\/vww.pt\/index.php?route=product\/product&amp;path=306&amp;product_id=961\">\n\t\t\t\t\t\t\t\t\t<img src=\"https:\/\/vww.pt\/image\/cache\/catalog\/prot.%20p\u00e9s\/acessorios\/metatarsal-01-500x666.png\" alt=\"Palmilha Metatarsal\" title=\"Palmilha Metatarsal\" class=\"img-responsive\" \/>\t\t\t\t\t\t\t\t<\/a>\t\t\t\t\t\t\t\t<div class=\"action-links\">\n\t\t\t\t\t\t\t\t\t<button class=\"btn-cart\" type=\"button\" data-toggle=\"tooltip\" title=\"Adicionar ao Pedido\" onclick=\"cart.add('961', '1')\"><i class=\"ion-bag\"><\/i><span>Adicionar ao Pedido<\/span><\/button>\n\t\t\t\t\t\t\t\t\t<button class=\"btn-wishlist\" type=\"button\" data-toggle=\"tooltip\" title=\"Add \u00e0 Lista de preferencias\" onclick=\"wishlist.add('961');\"><i class=\"ion-android-favorite-outline\"><\/i><span>Add \u00e0 Lista de preferencias<\/span><\/button>\n\t\t\t\t\t\t\t\t\t<button class=\"btn-compare\" type=\"button\" data-toggle=\"tooltip\" title=\"Comparar\" onclick=\"compare.add('961');\"><i class=\"ion-android-options\"><\/i><span>Comparar<\/span><\/button>\n\t\t\t\t\t\t\t\t\t<button class=\"btn-quickview\" type=\"button\" data-toggle=\"tooltip\" title=\"Quick View\" onclick=\"ocquickview.ajaxView('https:\/\/vww.pt\/index.php?route=product\/product&amp;path=306&amp;product_id=961')\"><i class=\"ion-android-open\"><\/i><span>Quick View<\/span><\/button>\n\t\t\t\t\t\t\t\t<\/div>\n\t\t\t\t\t\t\t<\/div>\n\t\t\t\t\t\t\t<div class=\"caption\">\t\t\t\t\t\t\t\t<p class=\"manufacture-product\">\n\t\t\t\t\t\t\t\t\t<a href=\"https:\/\/vww.pt\/index.php?route=product\/manufacturer\/info&amp;manufacturer_id=14\">COFRA<\/a>\n\t\t\t\t\t\t\t\t<\/p>\t\t\t\t\t\t\t\t<h4 class=\"product-name\"><a href=\"https:\/\/vww.pt\/index.php?route=product\/product&amp;path=306&amp;product_id=961\">Palmilha Metatarsal<\/a><\/h4>\t\t\t\t\t\t\t\t\t<p class=\"price\">0.00\u20ac\t\t\t\t\t\t\t\t\t<\/p>\t\t\t\t\t\t\t\t<p class=\"product-des 8\">DESCRI\u00c7\u00c3OPalmilha de poliuretano,&amp;nbsp;macia, antiest\u00e1tica, anat\u00f4mica, perfurada e forrada com tecidoInser\u00e7\u00e3o de gel macio na regi\u00e3o do metatarso garante estabilidade e conforto em qualquer tipo de superf\u00edcieEfeito termo reguladorIsola do frio e do calor..<\/p>\n\t\t\t\t\t\t\t<\/div>\n                        <\/div>\n                    <\/div>                    <div class=\"product-layout product-list col-xs-12\">\n                        <div class=\"product-thumb\">\n                            <div class=\"image\">\n\t\t\t\t\t\t\t\t<a href=\"https:\/\/vww.pt\/index.php?route=product\/product&amp;path=306&amp;product_id=1545\">\n\t\t\t\t\t\t\t\t\t<img src=\"https:\/\/vww.pt\/image\/cache\/catalog\/EPI'S\/Prot.%20Respirat\u00f3ria\/PAPR%20SERIE%20PA500\/PAPR-SERIE-PA500-500x666.jpg\" alt=\"Papr serie pa500\" title=\"Papr serie pa500\" class=\"img-responsive\" \/>\t\t\t\t\t\t\t\t<\/a>\t\t\t\t\t\t\t\t<div class=\"action-links\">\n\t\t\t\t\t\t\t\t\t<button class=\"btn-cart\" type=\"button\" data-toggle=\"tooltip\" title=\"Adicionar ao Pedido\" onclick=\"cart.add('1545', '1')\"><i class=\"ion-bag\"><\/i><span>Adicionar ao Pedido<\/span><\/button>\n\t\t\t\t\t\t\t\t\t<button class=\"btn-wishlist\" type=\"button\" data-toggle=\"tooltip\" title=\"Add \u00e0 Lista de preferencias\" onclick=\"wishlist.add('1545');\"><i class=\"ion-android-favorite-outline\"><\/i><span>Add \u00e0 Lista de preferencias<\/span><\/button>\n\t\t\t\t\t\t\t\t\t<button class=\"btn-compare\" type=\"button\" data-toggle=\"tooltip\" title=\"Comparar\" onclick=\"compare.add('1545');\"><i class=\"ion-android-options\"><\/i><span>Comparar<\/span><\/button>\n\t\t\t\t\t\t\t\t\t<button class=\"btn-quickview\" type=\"button\" data-toggle=\"tooltip\" title=\"Quick View\" onclick=\"ocquickview.ajaxView('https:\/\/vww.pt\/index.php?route=product\/product&amp;path=306&amp;product_id=1545')\"><i class=\"ion-android-open\"><\/i><span>Quick View<\/span><\/button>\n\t\t\t\t\t\t\t\t<\/div>\n\t\t\t\t\t\t\t<\/div>\n\t\t\t\t\t\t\t<div class=\"caption\">\t\t\t\t\t\t\t\t<p class=\"manufacture-product\">\n\t\t\t\t\t\t\t\t\t<a href=\"https:\/\/vww.pt\/index.php?route=product\/manufacturer\/info&amp;manufacturer_id=5\">HONEYWELL<\/a>\n\t\t\t\t\t\t\t\t<\/p>\t\t\t\t\t\t\t\t<h4 class=\"product-name\"><a href=\"https:\/\/vww.pt\/index.php?route=product\/product&amp;path=306&amp;product_id=1545\">Papr serie pa500<\/a><\/h4>\t\t\t\t\t\t\t\t\t<p class=\"price\">0.00\u20ac\t\t\t\t\t\t\t\t\t<\/p>\t\t\t\t\t\t\t\t<p class=\"product-des 8\">DESCRI\u00c7\u00c3OUltraleve e compacto \u2013 ideal para longos turnos e trabalho em espa\u00e7os confinadosDesign bem equilibrado que reduz a tens\u00e3o nas costas e aumenta a liberdade de movimentoAlmofada de conforto remov\u00edvelOp\u00e7\u00e3o de uso como mochila, a mais leve do mercadoMontagem r\u00e1pida e f\u00e1cilSistema de trava de ca..<\/p>\n\t\t\t\t\t\t\t<\/div>\n                        <\/div>\n                    <\/div>                    <div class=\"product-layout product-list col-xs-12\">\n                        <div class=\"product-thumb\">\n                            <div class=\"image\">\n\t\t\t\t\t\t\t\t<a href=\"https:\/\/vww.pt\/index.php?route=product\/product&amp;path=306&amp;product_id=1123\">\n\t\t\t\t\t\t\t\t\t<img src=\"https:\/\/vww.pt\/image\/cache\/catalog\/catalogo\/MARCA\/ALTA%20VISIBILIDADE%20-%20HI%20VIS\/288_PFY_Mix.jpg-500x666.png\" alt=\"Parka Combinada Hi-Vis\" title=\"Parka Combinada Hi-Vis\" class=\"img-responsive\" \/>\t\t\t\t\t\t\t\t<\/a>\t\t\t\t\t\t\t\t<div class=\"action-links\">\n\t\t\t\t\t\t\t\t\t<button class=\"btn-cart\" type=\"button\" data-toggle=\"tooltip\" title=\"Adicionar ao Pedido\" onclick=\"cart.add('1123', '1')\"><i class=\"ion-bag\"><\/i><span>Adicionar ao Pedido<\/span><\/button>\n\t\t\t\t\t\t\t\t\t<button class=\"btn-wishlist\" type=\"button\" data-toggle=\"tooltip\" title=\"Add \u00e0 Lista de preferencias\" onclick=\"wishlist.add('1123');\"><i class=\"ion-android-favorite-outline\"><\/i><span>Add \u00e0 Lista de preferencias<\/span><\/button>\n\t\t\t\t\t\t\t\t\t<button class=\"btn-compare\" type=\"button\" data-toggle=\"tooltip\" title=\"Comparar\" onclick=\"compare.add('1123');\"><i class=\"ion-android-options\"><\/i><span>Comparar<\/span><\/button>\n\t\t\t\t\t\t\t\t\t<button class=\"btn-quickview\" type=\"button\" data-toggle=\"tooltip\" title=\"Quick View\" onclick=\"ocquickview.ajaxView('https:\/\/vww.pt\/index.php?route=product\/product&amp;path=306&amp;product_id=1123')\"><i class=\"ion-android-open\"><\/i><span>Quick View<\/span><\/button>\n\t\t\t\t\t\t\t\t<\/div>\n\t\t\t\t\t\t\t<\/div>\n\t\t\t\t\t\t\t<div class=\"caption\">\t\t\t\t\t\t\t\t<p class=\"manufacture-product\">\n\t\t\t\t\t\t\t\t\t<a href=\"https:\/\/vww.pt\/index.php?route=product\/manufacturer\/info&amp;manufacturer_id=32\">MARCA<\/a>\n\t\t\t\t\t\t\t\t<\/p>\t\t\t\t\t\t\t\t<h4 class=\"product-name\"><a href=\"https:\/\/vww.pt\/index.php?route=product\/product&amp;path=306&amp;product_id=1123\">Parka Combinada Hi-Vis<\/a><\/h4>\t\t\t\t\t\t\t\t\t<p class=\"price\">0.00\u20ac\t\t\t\t\t\t\t\t\t<\/p>\t\t\t\t\t\t\t\t<p class=\"product-des 8\">DESCRI\u00c7\u00c3OParka b\u00e1sica com costuras seladas a quenteCapuz ajust\u00e1vel com cord\u00e3o e al\u00e7as que podem ser amarradas com n\u00f32 bolsos inferiores em ambas as frentes com aba1 bolso interior de chapa com boca horizontal localizado \u00e0 esquerda do utilizadorCOMPOSI\u00c7\u00c3OExterior: 100% poli\u00e9ster Oxford 150D \/ PU - 17..<\/p>\n\t\t\t\t\t\t\t<\/div>\n                        <\/div>\n                    <\/div>                    <div class=\"product-layout product-list col-xs-12\">\n                        <div class=\"product-thumb\">\n                            <div class=\"image\">\n\t\t\t\t\t\t\t\t<a href=\"https:\/\/vww.pt\/index.php?route=product\/product&amp;path=306&amp;product_id=1124\">\n\t\t\t\t\t\t\t\t\t<img src=\"https:\/\/vww.pt\/image\/cache\/catalog\/catalogo\/MARCA\/ALTA%20VISIBILIDADE%20-%20HI%20VIS\/parka%20288PKFMIXYFA\/288_PKFY.jpg-500x666.png\" alt=\"Parka Combinada Hi-Vis- triplo uso\" title=\"Parka Combinada Hi-Vis- triplo uso\" class=\"img-responsive\" \/>\t\t\t\t\t\t\t\t<\/a>\t\t\t\t\t\t\t\t<div class=\"action-links\">\n\t\t\t\t\t\t\t\t\t<button class=\"btn-cart\" type=\"button\" data-toggle=\"tooltip\" title=\"Adicionar ao Pedido\" onclick=\"cart.add('1124', '1')\"><i class=\"ion-bag\"><\/i><span>Adicionar ao Pedido<\/span><\/button>\n\t\t\t\t\t\t\t\t\t<button class=\"btn-wishlist\" type=\"button\" data-toggle=\"tooltip\" title=\"Add \u00e0 Lista de preferencias\" onclick=\"wishlist.add('1124');\"><i class=\"ion-android-favorite-outline\"><\/i><span>Add \u00e0 Lista de preferencias<\/span><\/button>\n\t\t\t\t\t\t\t\t\t<button class=\"btn-compare\" type=\"button\" data-toggle=\"tooltip\" title=\"Comparar\" onclick=\"compare.add('1124');\"><i class=\"ion-android-options\"><\/i><span>Comparar<\/span><\/button>\n\t\t\t\t\t\t\t\t\t<button class=\"btn-quickview\" type=\"button\" data-toggle=\"tooltip\" title=\"Quick View\" onclick=\"ocquickview.ajaxView('https:\/\/vww.pt\/index.php?route=product\/product&amp;path=306&amp;product_id=1124')\"><i class=\"ion-android-open\"><\/i><span>Quick View<\/span><\/button>\n\t\t\t\t\t\t\t\t<\/div>\n\t\t\t\t\t\t\t<\/div>\n\t\t\t\t\t\t\t<div class=\"caption\">\t\t\t\t\t\t\t\t<p class=\"manufacture-product\">\n\t\t\t\t\t\t\t\t\t<a href=\"https:\/\/vww.pt\/index.php?route=product\/manufacturer\/info&amp;manufacturer_id=32\">MARCA<\/a>\n\t\t\t\t\t\t\t\t<\/p>\t\t\t\t\t\t\t\t<h4 class=\"product-name\"><a href=\"https:\/\/vww.pt\/index.php?route=product\/product&amp;path=306&amp;product_id=1124\">Parka Combinada Hi-Vis- triplo uso<\/a><\/h4>\t\t\t\t\t\t\t\t\t<p class=\"price\">0.00\u20ac\t\t\t\t\t\t\t\t\t<\/p>\t\t\t\t\t\t\t\t<p class=\"product-des 8\">DESCRI\u00c7\u00c3OParka tripla utiliza\u00e7\u00e3o de alta visibilidade bicolorCosturas seladas termicamenteCapuz ajust\u00e1vel com cord\u00e3o com al\u00e7as que podem ser fixadas com n\u00f3Fixado ao husky por meio de 2 z\u00edperes internos paralelos ao z\u00edper principal2 bolsos na parte inferior de ambas as frentesHusky: 2 bolsos inferior..<\/p>\n\t\t\t\t\t\t\t<\/div>\n                        <\/div>\n                    <\/div>                    <div class=\"product-layout product-list col-xs-12\">\n                        <div class=\"product-thumb\">\n                            <div class=\"image\">\n\t\t\t\t\t\t\t\t<a href=\"https:\/\/vww.pt\/index.php?route=product\/product&amp;path=306&amp;product_id=1122\">\n\t\t\t\t\t\t\t\t\t<img src=\"https:\/\/vww.pt\/image\/cache\/catalog\/catalogo\/MARCA\/ALTA%20VISIBILIDADE%20-%20HI%20VIS\/288_PFE.jpg-500x666.png\" alt=\"Parka Hi-Vis\" title=\"Parka Hi-Vis\" class=\"img-responsive\" \/>\t\t\t\t\t\t\t\t<\/a>\t\t\t\t\t\t\t\t<div class=\"action-links\">\n\t\t\t\t\t\t\t\t\t<button class=\"btn-cart\" type=\"button\" data-toggle=\"tooltip\" title=\"Adicionar ao Pedido\" onclick=\"cart.add('1122', '1')\"><i class=\"ion-bag\"><\/i><span>Adicionar ao Pedido<\/span><\/button>\n\t\t\t\t\t\t\t\t\t<button class=\"btn-wishlist\" type=\"button\" data-toggle=\"tooltip\" title=\"Add \u00e0 Lista de preferencias\" onclick=\"wishlist.add('1122');\"><i class=\"ion-android-favorite-outline\"><\/i><span>Add \u00e0 Lista de preferencias<\/span><\/button>\n\t\t\t\t\t\t\t\t\t<button class=\"btn-compare\" type=\"button\" data-toggle=\"tooltip\" title=\"Comparar\" onclick=\"compare.add('1122');\"><i class=\"ion-android-options\"><\/i><span>Comparar<\/span><\/button>\n\t\t\t\t\t\t\t\t\t<button class=\"btn-quickview\" type=\"button\" data-toggle=\"tooltip\" title=\"Quick View\" onclick=\"ocquickview.ajaxView('https:\/\/vww.pt\/index.php?route=product\/product&amp;path=306&amp;product_id=1122')\"><i class=\"ion-android-open\"><\/i><span>Quick View<\/span><\/button>\n\t\t\t\t\t\t\t\t<\/div>\n\t\t\t\t\t\t\t<\/div>\n\t\t\t\t\t\t\t<div class=\"caption\">\t\t\t\t\t\t\t\t<p class=\"manufacture-product\">\n\t\t\t\t\t\t\t\t\t<a href=\"https:\/\/vww.pt\/index.php?route=product\/manufacturer\/info&amp;manufacturer_id=32\">MARCA<\/a>\n\t\t\t\t\t\t\t\t<\/p>\t\t\t\t\t\t\t\t<h4 class=\"product-name\"><a href=\"https:\/\/vww.pt\/index.php?route=product\/product&amp;path=306&amp;product_id=1122\">Parka Hi-Vis<\/a><\/h4>\t\t\t\t\t\t\t\t\t<p class=\"price\">0.00\u20ac\t\t\t\t\t\t\t\t\t<\/p>\t\t\t\t\t\t\t\t<p class=\"product-des 8\">DESCRI\u00c7\u00c3OParka b\u00e1sica com costuras seladas a quenteCapuz ajust\u00e1vel com cord\u00e3o e al\u00e7as que podem ser amarradas com n\u00f32 bolsos inferiores em ambas as frentes com aba1 bolso interior de chapa com boca horizontal localizado \u00e0 esquerda do utilizadorCOMPOSI\u00c7\u00c3OExterior: 100% poli\u00e9ster Oxford 150D \/ PU - 17..<\/p>\n\t\t\t\t\t\t\t<\/div>\n                        <\/div>\n                    <\/div>                    <div class=\"product-layout product-list col-xs-12\">\n                        <div class=\"product-thumb\">\n                            <div class=\"image\">\n\t\t\t\t\t\t\t\t<a href=\"https:\/\/vww.pt\/index.php?route=product\/product&amp;path=306&amp;product_id=1158\">\n\t\t\t\t\t\t\t\t\t<img src=\"https:\/\/vww.pt\/image\/cache\/catalog\/catalogo\/MARCA\/ALTA%20VISIBILIDADE%20-%20HI%20VIS\/1288_POLFYML.jpg-500x666.png\" alt=\"Polo de manga comprida Hi-Vis\" title=\"Polo de manga comprida Hi-Vis\" class=\"img-responsive\" \/>\t\t\t\t\t\t\t\t<\/a>\t\t\t\t\t\t\t\t<div class=\"action-links\">\n\t\t\t\t\t\t\t\t\t<button class=\"btn-cart\" type=\"button\" data-toggle=\"tooltip\" title=\"Adicionar ao Pedido\" onclick=\"cart.add('1158', '1')\"><i class=\"ion-bag\"><\/i><span>Adicionar ao Pedido<\/span><\/button>\n\t\t\t\t\t\t\t\t\t<button class=\"btn-wishlist\" type=\"button\" data-toggle=\"tooltip\" title=\"Add \u00e0 Lista de preferencias\" onclick=\"wishlist.add('1158');\"><i class=\"ion-android-favorite-outline\"><\/i><span>Add \u00e0 Lista de preferencias<\/span><\/button>\n\t\t\t\t\t\t\t\t\t<button class=\"btn-compare\" type=\"button\" data-toggle=\"tooltip\" title=\"Comparar\" onclick=\"compare.add('1158');\"><i class=\"ion-android-options\"><\/i><span>Comparar<\/span><\/button>\n\t\t\t\t\t\t\t\t\t<button class=\"btn-quickview\" type=\"button\" data-toggle=\"tooltip\" title=\"Quick View\" onclick=\"ocquickview.ajaxView('https:\/\/vww.pt\/index.php?route=product\/product&amp;path=306&amp;product_id=1158')\"><i class=\"ion-android-open\"><\/i><span>Quick View<\/span><\/button>\n\t\t\t\t\t\t\t\t<\/div>\n\t\t\t\t\t\t\t<\/div>\n\t\t\t\t\t\t\t<div class=\"caption\">\t\t\t\t\t\t\t\t<p class=\"manufacture-product\">\n\t\t\t\t\t\t\t\t\t<a href=\"https:\/\/vww.pt\/index.php?route=product\/manufacturer\/info&amp;manufacturer_id=32\">MARCA<\/a>\n\t\t\t\t\t\t\t\t<\/p>\t\t\t\t\t\t\t\t<h4 class=\"product-name\"><a href=\"https:\/\/vww.pt\/index.php?route=product\/product&amp;path=306&amp;product_id=1158\">Polo de manga comprida Hi-Vis<\/a><\/h4>\t\t\t\t\t\t\t\t\t<p class=\"price\">0.00\u20ac\t\t\t\t\t\t\t\t\t<\/p>\t\t\t\t\t\t\t\t<p class=\"product-des 8\">DESCRI\u00c7\u00c3OPolo bicolor de manga comprida e alta visibilidadeAjuste no punho com el\u00e1stico canelado cinza2 listras na cor da pe\u00e7a1 bolso no peito localizado \u00e0 esquerda do usu\u00e1rioCOMPOSI\u00c7\u00c3OFolha exterior: 100% poli\u00e9ster. Alta visibilidade. M\u00e1x. X25Len\u00e7ol interno: 100% algod\u00e3o escovadoMassa laminar total..<\/p>\n\t\t\t\t\t\t\t<\/div>\n                        <\/div>\n                    <\/div>                    <div class=\"product-layout product-list col-xs-12\">\n                        <div class=\"product-thumb\">\n                            <div class=\"image\">\n\t\t\t\t\t\t\t\t<a href=\"https:\/\/vww.pt\/index.php?route=product\/product&amp;path=306&amp;product_id=1420\">\n\t\t\t\t\t\t\t\t\t<img src=\"https:\/\/vww.pt\/image\/cache\/catalog\/catalogo\/PORTWEST\/VESTUaRIO%20TeCNICO--%20OK\/Alta-Visibilidade\/LINHA%20PW\/FR702\/FR702YBR.jpg-500x666.png\" alt=\"Polo de manga comprida Ignifuga Hi-Vis PW3\" title=\"Polo de manga comprida Ignifuga Hi-Vis PW3\" class=\"img-responsive\" \/>\t\t\t\t\t\t\t\t<\/a>\t\t\t\t\t\t\t\t<div class=\"action-links\">\n\t\t\t\t\t\t\t\t\t<button class=\"btn-cart\" type=\"button\" data-toggle=\"tooltip\" title=\"Adicionar ao Pedido\" onclick=\"cart.add('1420', '1')\"><i class=\"ion-bag\"><\/i><span>Adicionar ao Pedido<\/span><\/button>\n\t\t\t\t\t\t\t\t\t<button class=\"btn-wishlist\" type=\"button\" data-toggle=\"tooltip\" title=\"Add \u00e0 Lista de preferencias\" onclick=\"wishlist.add('1420');\"><i class=\"ion-android-favorite-outline\"><\/i><span>Add \u00e0 Lista de preferencias<\/span><\/button>\n\t\t\t\t\t\t\t\t\t<button class=\"btn-compare\" type=\"button\" data-toggle=\"tooltip\" title=\"Comparar\" onclick=\"compare.add('1420');\"><i class=\"ion-android-options\"><\/i><span>Comparar<\/span><\/button>\n\t\t\t\t\t\t\t\t\t<button class=\"btn-quickview\" type=\"button\" data-toggle=\"tooltip\" title=\"Quick View\" onclick=\"ocquickview.ajaxView('https:\/\/vww.pt\/index.php?route=product\/product&amp;path=306&amp;product_id=1420')\"><i class=\"ion-android-open\"><\/i><span>Quick View<\/span><\/button>\n\t\t\t\t\t\t\t\t<\/div>\n\t\t\t\t\t\t\t<\/div>\n\t\t\t\t\t\t\t<div class=\"caption\">\t\t\t\t\t\t\t\t<p class=\"manufacture-product\">\n\t\t\t\t\t\t\t\t\t<a href=\"https:\/\/vww.pt\/index.php?route=product\/manufacturer\/info&amp;manufacturer_id=23\">PORTWEST<\/a>\n\t\t\t\t\t\t\t\t<\/p>\t\t\t\t\t\t\t\t<h4 class=\"product-name\"><a href=\"https:\/\/vww.pt\/index.php?route=product\/product&amp;path=306&amp;product_id=1420\">Polo de manga comprida Ignifuga Hi-Vis PW3<\/a><\/h4>\t\t\t\t\t\t\t\t\t<p class=\"price\">0.00\u20ac\t\t\t\t\t\t\t\t\t<\/p>\t\t\t\t\t\t\t\t<p class=\"product-des 8\">DESCRI\u00c7\u00c3OQualidades inerentes de resist\u00eancia a chamas n\u00e3o diminuir\u00e3o com a lavagem Prote\u00e7\u00e3o contra calor radiante, convectivo e de contato Alto teor de algod\u00e3o para conforto superior Fecho de bot\u00e3o oculto Gola e punhos canelados Projetado com um ajuste confort\u00e1vel Fita reflexiva segmentada aplicada ..<\/p>\n\t\t\t\t\t\t\t<\/div>\n                        <\/div>\n                    <\/div>                    <div class=\"product-layout product-list col-xs-12\">\n                        <div class=\"product-thumb\">\n                            <div class=\"image\">\n\t\t\t\t\t\t\t\t<a href=\"https:\/\/vww.pt\/index.php?route=product\/product&amp;path=306&amp;product_id=1092\">\n\t\t\t\t\t\t\t\t\t<img src=\"https:\/\/vww.pt\/image\/cache\/catalog\/catalogo\/MARCA\/1288_POLFNY.jpg-500x666.png\" alt=\"Polo de manga curta Hi-Vis\" title=\"Polo de manga curta Hi-Vis\" class=\"img-responsive\" \/>\t\t\t\t\t\t\t\t<\/a>\t\t\t\t\t\t\t\t<div class=\"action-links\">\n\t\t\t\t\t\t\t\t\t<button class=\"btn-cart\" type=\"button\" data-toggle=\"tooltip\" title=\"Adicionar ao Pedido\" onclick=\"cart.add('1092', '1')\"><i class=\"ion-bag\"><\/i><span>Adicionar ao Pedido<\/span><\/button>\n\t\t\t\t\t\t\t\t\t<button class=\"btn-wishlist\" type=\"button\" data-toggle=\"tooltip\" title=\"Add \u00e0 Lista de preferencias\" onclick=\"wishlist.add('1092');\"><i class=\"ion-android-favorite-outline\"><\/i><span>Add \u00e0 Lista de preferencias<\/span><\/button>\n\t\t\t\t\t\t\t\t\t<button class=\"btn-compare\" type=\"button\" data-toggle=\"tooltip\" title=\"Comparar\" onclick=\"compare.add('1092');\"><i class=\"ion-android-options\"><\/i><span>Comparar<\/span><\/button>\n\t\t\t\t\t\t\t\t\t<button class=\"btn-quickview\" type=\"button\" data-toggle=\"tooltip\" title=\"Quick View\" onclick=\"ocquickview.ajaxView('https:\/\/vww.pt\/index.php?route=product\/product&amp;path=306&amp;product_id=1092')\"><i class=\"ion-android-open\"><\/i><span>Quick View<\/span><\/button>\n\t\t\t\t\t\t\t\t<\/div>\n\t\t\t\t\t\t\t<\/div>\n\t\t\t\t\t\t\t<div class=\"caption\">\t\t\t\t\t\t\t\t<p class=\"manufacture-product\">\n\t\t\t\t\t\t\t\t\t<a href=\"https:\/\/vww.pt\/index.php?route=product\/manufacturer\/info&amp;manufacturer_id=32\">MARCA<\/a>\n\t\t\t\t\t\t\t\t<\/p>\t\t\t\t\t\t\t\t<h4 class=\"product-name\"><a href=\"https:\/\/vww.pt\/index.php?route=product\/product&amp;path=306&amp;product_id=1092\">Polo de manga curta Hi-Vis<\/a><\/h4>\t\t\t\t\t\t\t\t\t<p class=\"price\">0.00\u20ac\t\t\t\t\t\t\t\t\t<\/p>\t\t\t\t\t\t\t\t<p class=\"product-des 8\">DESCRI\u00c7\u00c3OPolo de alta&amp;nbsp;visibilidade de manga curtaAjuste no bra\u00e7o com el\u00e1stico de cor cinzenta1 bolso do lado esquerdo do peito do usu\u00e1rio1 fita refletora em cada manga2 fitas refletoras horizontais no corpoCOMPOSI\u00c7\u00c3O100% poli\u00e9ster. M\u00e1x. X25Peso: 160 g\/m2NORMAS E CERTEFICA\u00c7\u00d5ESEN 13688EN&amp;nbsp; 20..<\/p>\n\t\t\t\t\t\t\t<\/div>\n                        <\/div>\n                    <\/div>                    <div class=\"product-layout product-list col-xs-12\">\n                        <div class=\"product-thumb\">\n                            <div class=\"image\">\n\t\t\t\t\t\t\t\t<a href=\"https:\/\/vww.pt\/index.php?route=product\/product&amp;path=306&amp;product_id=1166\">\n\t\t\t\t\t\t\t\t\t<img src=\"https:\/\/vww.pt\/image\/cache\/catalog\/Prot.%20corpo\/combinado\/305515-500x666.png\" alt=\"Polo manga comprida combinado bicolor Hi-Vis\" title=\"Polo manga comprida combinado bicolor Hi-Vis\" class=\"img-responsive\" \/>\t\t\t\t\t\t\t\t<\/a>\t\t\t\t\t\t\t\t<div class=\"action-links\">\n\t\t\t\t\t\t\t\t\t<button class=\"btn-cart\" type=\"button\" data-toggle=\"tooltip\" title=\"Adicionar ao Pedido\" onclick=\"cart.add('1166', '1')\"><i class=\"ion-bag\"><\/i><span>Adicionar ao Pedido<\/span><\/button>\n\t\t\t\t\t\t\t\t\t<button class=\"btn-wishlist\" type=\"button\" data-toggle=\"tooltip\" title=\"Add \u00e0 Lista de preferencias\" onclick=\"wishlist.add('1166');\"><i class=\"ion-android-favorite-outline\"><\/i><span>Add \u00e0 Lista de preferencias<\/span><\/button>\n\t\t\t\t\t\t\t\t\t<button class=\"btn-compare\" type=\"button\" data-toggle=\"tooltip\" title=\"Comparar\" onclick=\"compare.add('1166');\"><i class=\"ion-android-options\"><\/i><span>Comparar<\/span><\/button>\n\t\t\t\t\t\t\t\t\t<button class=\"btn-quickview\" type=\"button\" data-toggle=\"tooltip\" title=\"Quick View\" onclick=\"ocquickview.ajaxView('https:\/\/vww.pt\/index.php?route=product\/product&amp;path=306&amp;product_id=1166')\"><i class=\"ion-android-open\"><\/i><span>Quick View<\/span><\/button>\n\t\t\t\t\t\t\t\t<\/div>\n\t\t\t\t\t\t\t<\/div>\n\t\t\t\t\t\t\t<div class=\"caption\">\t\t\t\t\t\t\t\t<p class=\"manufacture-product\">\n\t\t\t\t\t\t\t\t\t<a href=\"https:\/\/vww.pt\/index.php?route=product\/manufacturer\/info&amp;manufacturer_id=36\">VELILLA<\/a>\n\t\t\t\t\t\t\t\t<\/p>\t\t\t\t\t\t\t\t<h4 class=\"product-name\"><a href=\"https:\/\/vww.pt\/index.php?route=product\/product&amp;path=306&amp;product_id=1166\">Polo manga comprida combinado bicolor Hi-Vis<\/a><\/h4>\t\t\t\t\t\t\t\t\t<p class=\"price\">0.00\u20ac\t\t\t\t\t\t\t\t\t<\/p>\t\t\t\t\t\t\t\t<p class=\"product-des 8\">DESCRI\u00c7\u00c3OFecho central com bot\u00f5esFaixas refletoras no torso e mangasGola e punhos em malha caneladosBot\u00f5es, gola e presilhas em cor de contraste1 bolso de remendo no peitoCOMPOSI\u00c7\u00c3OPIQU\u00c9 55% Algod\u00e3o e 45% Poli\u00e9sterPeso: 150 g\/m2..<\/p>\n\t\t\t\t\t\t\t<\/div>\n                        <\/div>\n                    <\/div>                    <div class=\"product-layout product-list col-xs-12\">\n                        <div class=\"product-thumb\">\n                            <div class=\"image\">\n\t\t\t\t\t\t\t\t<a href=\"https:\/\/vww.pt\/index.php?route=product\/product&amp;path=306&amp;product_id=1162\">\n\t\t\t\t\t\t\t\t\t<img src=\"https:\/\/vww.pt\/image\/cache\/catalog\/Prot.%20corpo\/combinado\/175-500x666.png\" alt=\"Polo manga comprida combinado Hi-Vis\" title=\"Polo manga comprida combinado Hi-Vis\" class=\"img-responsive\" \/>\t\t\t\t\t\t\t\t<\/a>\t\t\t\t\t\t\t\t<div class=\"action-links\">\n\t\t\t\t\t\t\t\t\t<button class=\"btn-cart\" type=\"button\" data-toggle=\"tooltip\" title=\"Adicionar ao Pedido\" onclick=\"cart.add('1162', '1')\"><i class=\"ion-bag\"><\/i><span>Adicionar ao Pedido<\/span><\/button>\n\t\t\t\t\t\t\t\t\t<button class=\"btn-wishlist\" type=\"button\" data-toggle=\"tooltip\" title=\"Add \u00e0 Lista de preferencias\" onclick=\"wishlist.add('1162');\"><i class=\"ion-android-favorite-outline\"><\/i><span>Add \u00e0 Lista de preferencias<\/span><\/button>\n\t\t\t\t\t\t\t\t\t<button class=\"btn-compare\" type=\"button\" data-toggle=\"tooltip\" title=\"Comparar\" onclick=\"compare.add('1162');\"><i class=\"ion-android-options\"><\/i><span>Comparar<\/span><\/button>\n\t\t\t\t\t\t\t\t\t<button class=\"btn-quickview\" type=\"button\" data-toggle=\"tooltip\" title=\"Quick View\" onclick=\"ocquickview.ajaxView('https:\/\/vww.pt\/index.php?route=product\/product&amp;path=306&amp;product_id=1162')\"><i class=\"ion-android-open\"><\/i><span>Quick View<\/span><\/button>\n\t\t\t\t\t\t\t\t<\/div>\n\t\t\t\t\t\t\t<\/div>\n\t\t\t\t\t\t\t<div class=\"caption\">\t\t\t\t\t\t\t\t<p class=\"manufacture-product\">\n\t\t\t\t\t\t\t\t\t<a href=\"https:\/\/vww.pt\/index.php?route=product\/manufacturer\/info&amp;manufacturer_id=36\">VELILLA<\/a>\n\t\t\t\t\t\t\t\t<\/p>\t\t\t\t\t\t\t\t<h4 class=\"product-name\"><a href=\"https:\/\/vww.pt\/index.php?route=product\/product&amp;path=306&amp;product_id=1162\">Polo manga comprida combinado Hi-Vis<\/a><\/h4>\t\t\t\t\t\t\t\t\t<p class=\"price\">0.00\u20ac\t\t\t\t\t\t\t\t\t<\/p>\t\t\t\t\t\t\t\t<p class=\"product-des 8\">DESCRI\u00c7\u00c3OFecho central com bot\u00f5esFaixas refletoras no torso e mangasGola e punhos canelados em cor de contrasteBot\u00f5es em cor de contraste1 bolso de remendo no peitoCOMPOSI\u00c7\u00c3OBIRD-EYE 100% Poli\u00e9sterPeso: 160 g\/m2..<\/p>\n\t\t\t\t\t\t\t<\/div>\n                        <\/div>\n                    <\/div>                    <div class=\"product-layout product-list col-xs-12\">\n                        <div class=\"product-thumb\">\n                            <div class=\"image\">\n\t\t\t\t\t\t\t\t<a href=\"https:\/\/vww.pt\/index.php?route=product\/product&amp;path=306&amp;product_id=1165\">\n\t\t\t\t\t\t\t\t\t<img src=\"https:\/\/vww.pt\/image\/cache\/catalog\/Prot.%20corpo\/combinado\/305513-500x666.png\" alt=\"Polo manga curta combinado bicolor Hi-Vis\" title=\"Polo manga curta combinado bicolor Hi-Vis\" class=\"img-responsive\" \/>\t\t\t\t\t\t\t\t<\/a>\t\t\t\t\t\t\t\t<div class=\"action-links\">\n\t\t\t\t\t\t\t\t\t<button class=\"btn-cart\" type=\"button\" data-toggle=\"tooltip\" title=\"Adicionar ao Pedido\" onclick=\"cart.add('1165', '1')\"><i class=\"ion-bag\"><\/i><span>Adicionar ao Pedido<\/span><\/button>\n\t\t\t\t\t\t\t\t\t<button class=\"btn-wishlist\" type=\"button\" data-toggle=\"tooltip\" title=\"Add \u00e0 Lista de preferencias\" onclick=\"wishlist.add('1165');\"><i class=\"ion-android-favorite-outline\"><\/i><span>Add \u00e0 Lista de preferencias<\/span><\/button>\n\t\t\t\t\t\t\t\t\t<button class=\"btn-compare\" type=\"button\" data-toggle=\"tooltip\" title=\"Comparar\" onclick=\"compare.add('1165');\"><i class=\"ion-android-options\"><\/i><span>Comparar<\/span><\/button>\n\t\t\t\t\t\t\t\t\t<button class=\"btn-quickview\" type=\"button\" data-toggle=\"tooltip\" title=\"Quick View\" onclick=\"ocquickview.ajaxView('https:\/\/vww.pt\/index.php?route=product\/product&amp;path=306&amp;product_id=1165')\"><i class=\"ion-android-open\"><\/i><span>Quick View<\/span><\/button>\n\t\t\t\t\t\t\t\t<\/div>\n\t\t\t\t\t\t\t<\/div>\n\t\t\t\t\t\t\t<div class=\"caption\">\t\t\t\t\t\t\t\t<p class=\"manufacture-product\">\n\t\t\t\t\t\t\t\t\t<a href=\"https:\/\/vww.pt\/index.php?route=product\/manufacturer\/info&amp;manufacturer_id=36\">VELILLA<\/a>\n\t\t\t\t\t\t\t\t<\/p>\t\t\t\t\t\t\t\t<h4 class=\"product-name\"><a href=\"https:\/\/vww.pt\/index.php?route=product\/product&amp;path=306&amp;product_id=1165\">Polo manga curta combinado bicolor Hi-Vis<\/a><\/h4>\t\t\t\t\t\t\t\t\t<p class=\"price\">0.00\u20ac\t\t\t\t\t\t\t\t\t<\/p>\t\t\t\t\t\t\t\t<p class=\"product-des 8\">DESCRI\u00c7\u00c3OFecho central com bot\u00f5esFaixas refletoras no troncoGola em malha caneladaBot\u00f5es, gola, presilhas e parte de baixo da manga em contraste de cor1 bolso de remendo no peitoCOMPOSI\u00c7\u00c3OPIQU\u00c9 55% Algod\u00e3o e 45% Poli\u00e9sterPeso: 150 g\/m2..<\/p>\n\t\t\t\t\t\t\t<\/div>\n                        <\/div>\n                    <\/div>                    <div class=\"product-layout product-list col-xs-12\">\n                        <div class=\"product-thumb\">\n                            <div class=\"image\">\n\t\t\t\t\t\t\t\t<a href=\"https:\/\/vww.pt\/index.php?route=product\/product&amp;path=306&amp;product_id=1126\">\n\t\t\t\t\t\t\t\t\t<img src=\"https:\/\/vww.pt\/image\/cache\/catalog\/catalogo\/MARCA\/ALTA%20VISIBILIDADE%20-%20HI%20VIS\/1288_POLFY_A-500x666.png\" alt=\"Polo manga curta combinado Hi-Vis\" title=\"Polo manga curta combinado Hi-Vis\" class=\"img-responsive\" \/>\t\t\t\t\t\t\t\t<\/a>\t\t\t\t\t\t\t\t<div class=\"action-links\">\n\t\t\t\t\t\t\t\t\t<button class=\"btn-cart\" type=\"button\" data-toggle=\"tooltip\" title=\"Adicionar ao Pedido\" onclick=\"cart.add('1126', '1')\"><i class=\"ion-bag\"><\/i><span>Adicionar ao Pedido<\/span><\/button>\n\t\t\t\t\t\t\t\t\t<button class=\"btn-wishlist\" type=\"button\" data-toggle=\"tooltip\" title=\"Add \u00e0 Lista de preferencias\" onclick=\"wishlist.add('1126');\"><i class=\"ion-android-favorite-outline\"><\/i><span>Add \u00e0 Lista de preferencias<\/span><\/button>\n\t\t\t\t\t\t\t\t\t<button class=\"btn-compare\" type=\"button\" data-toggle=\"tooltip\" title=\"Comparar\" onclick=\"compare.add('1126');\"><i class=\"ion-android-options\"><\/i><span>Comparar<\/span><\/button>\n\t\t\t\t\t\t\t\t\t<button class=\"btn-quickview\" type=\"button\" data-toggle=\"tooltip\" title=\"Quick View\" onclick=\"ocquickview.ajaxView('https:\/\/vww.pt\/index.php?route=product\/product&amp;path=306&amp;product_id=1126')\"><i class=\"ion-android-open\"><\/i><span>Quick View<\/span><\/button>\n\t\t\t\t\t\t\t\t<\/div>\n\t\t\t\t\t\t\t<\/div>\n\t\t\t\t\t\t\t<div class=\"caption\">\t\t\t\t\t\t\t\t<p class=\"manufacture-product\">\n\t\t\t\t\t\t\t\t\t<a href=\"https:\/\/vww.pt\/index.php?route=product\/manufacturer\/info&amp;manufacturer_id=32\">MARCA<\/a>\n\t\t\t\t\t\t\t\t<\/p>\t\t\t\t\t\t\t\t<h4 class=\"product-name\"><a href=\"https:\/\/vww.pt\/index.php?route=product\/product&amp;path=306&amp;product_id=1126\">Polo manga curta combinado Hi-Vis<\/a><\/h4>\t\t\t\t\t\t\t\t\t<p class=\"price\">0.00\u20ac\t\t\t\t\t\t\t\t\t<\/p>\t\t\t\t\t\t\t\t<p class=\"product-des 8\">DESCRI\u00c7\u00c3OPolo de alta&amp;nbsp;visibilidade de manga curtaAjuste no bra\u00e7o com el\u00e1stico de cor cinzenta1 bolso do lado esquerdo do peito do usu\u00e1rio1 fita refletora em cada manga2 fitas refletoras horizontais no corpoCOMPOSI\u00c7\u00c3O100% poli\u00e9ster. M\u00e1x. X25Peso: 160 g\/m2NORMAS E CERTEFICA\u00c7\u00d5ESEN 13688EN&amp;nbsp; 20..<\/p>\n\t\t\t\t\t\t\t<\/div>\n                        <\/div>\n                    <\/div>                    <div class=\"product-layout product-list col-xs-12\">\n                        <div class=\"product-thumb\">\n                            <div class=\"image\">\n\t\t\t\t\t\t\t\t<a href=\"https:\/\/vww.pt\/index.php?route=product\/product&amp;path=306&amp;product_id=1161\">\n\t\t\t\t\t\t\t\t\t<img src=\"https:\/\/vww.pt\/image\/cache\/catalog\/Prot.%20corpo\/combinado\/173-500x666.png\" alt=\"Polo manga curta combinado Hi-Vis\" title=\"Polo manga curta combinado Hi-Vis\" class=\"img-responsive\" \/>\t\t\t\t\t\t\t\t<\/a>\t\t\t\t\t\t\t\t<div class=\"action-links\">\n\t\t\t\t\t\t\t\t\t<button class=\"btn-cart\" type=\"button\" data-toggle=\"tooltip\" title=\"Adicionar ao Pedido\" onclick=\"cart.add('1161', '1')\"><i class=\"ion-bag\"><\/i><span>Adicionar ao Pedido<\/span><\/button>\n\t\t\t\t\t\t\t\t\t<button class=\"btn-wishlist\" type=\"button\" data-toggle=\"tooltip\" title=\"Add \u00e0 Lista de preferencias\" onclick=\"wishlist.add('1161');\"><i class=\"ion-android-favorite-outline\"><\/i><span>Add \u00e0 Lista de preferencias<\/span><\/button>\n\t\t\t\t\t\t\t\t\t<button class=\"btn-compare\" type=\"button\" data-toggle=\"tooltip\" title=\"Comparar\" onclick=\"compare.add('1161');\"><i class=\"ion-android-options\"><\/i><span>Comparar<\/span><\/button>\n\t\t\t\t\t\t\t\t\t<button class=\"btn-quickview\" type=\"button\" data-toggle=\"tooltip\" title=\"Quick View\" onclick=\"ocquickview.ajaxView('https:\/\/vww.pt\/index.php?route=product\/product&amp;path=306&amp;product_id=1161')\"><i class=\"ion-android-open\"><\/i><span>Quick View<\/span><\/button>\n\t\t\t\t\t\t\t\t<\/div>\n\t\t\t\t\t\t\t<\/div>\n\t\t\t\t\t\t\t<div class=\"caption\">\t\t\t\t\t\t\t\t<p class=\"manufacture-product\">\n\t\t\t\t\t\t\t\t\t<a href=\"https:\/\/vww.pt\/index.php?route=product\/manufacturer\/info&amp;manufacturer_id=36\">VELILLA<\/a>\n\t\t\t\t\t\t\t\t<\/p>\t\t\t\t\t\t\t\t<h4 class=\"product-name\"><a href=\"https:\/\/vww.pt\/index.php?route=product\/product&amp;path=306&amp;product_id=1161\">Polo manga curta combinado Hi-Vis<\/a><\/h4>\t\t\t\t\t\t\t\t\t<p class=\"price\">0.00\u20ac\t\t\t\t\t\t\t\t\t<\/p>\t\t\t\t\t\t\t\t<p class=\"product-des 8\">DESCRI\u00c7\u00c3OFecho central com bot\u00f5esFaixas refletoras no torsoGola e parte inferior da manga caneladasBot\u00f5es em cor de contraste1 bolso de remendo no peitoCOMPOSI\u00c7\u00c3OBIRD-EYE 100% Poli\u00e9sterPeso: 160 g\/m2..<\/p>\n\t\t\t\t\t\t\t<\/div>\n                        <\/div>\n                    <\/div>                    <div class=\"product-layout product-list col-xs-12\">\n                        <div class=\"product-thumb\">\n                            <div class=\"image\">\n\t\t\t\t\t\t\t\t<a href=\"https:\/\/vww.pt\/index.php?route=product\/product&amp;path=306&amp;product_id=1554\">\n\t\t\t\t\t\t\t\t\t<img src=\"https:\/\/vww.pt\/image\/cache\/catalog\/EPI'S\/Prot.%20Respirat\u00f3ria\/Regulador%20de%20temperatura\/Rvor-500x666.jpg\" alt=\"Regulador de temperatura\" title=\"Regulador de temperatura\" class=\"img-responsive\" \/>\t\t\t\t\t\t\t\t<\/a>\t\t\t\t\t\t\t\t<div class=\"action-links\">\n\t\t\t\t\t\t\t\t\t<button class=\"btn-cart\" type=\"button\" data-toggle=\"tooltip\" title=\"Adicionar ao Pedido\" onclick=\"cart.add('1554', '1')\"><i class=\"ion-bag\"><\/i><span>Adicionar ao Pedido<\/span><\/button>\n\t\t\t\t\t\t\t\t\t<button class=\"btn-wishlist\" type=\"button\" data-toggle=\"tooltip\" title=\"Add \u00e0 Lista de preferencias\" onclick=\"wishlist.add('1554');\"><i class=\"ion-android-favorite-outline\"><\/i><span>Add \u00e0 Lista de preferencias<\/span><\/button>\n\t\t\t\t\t\t\t\t\t<button class=\"btn-compare\" type=\"button\" data-toggle=\"tooltip\" title=\"Comparar\" onclick=\"compare.add('1554');\"><i class=\"ion-android-options\"><\/i><span>Comparar<\/span><\/button>\n\t\t\t\t\t\t\t\t\t<button class=\"btn-quickview\" type=\"button\" data-toggle=\"tooltip\" title=\"Quick View\" onclick=\"ocquickview.ajaxView('https:\/\/vww.pt\/index.php?route=product\/product&amp;path=306&amp;product_id=1554')\"><i class=\"ion-android-open\"><\/i><span>Quick View<\/span><\/button>\n\t\t\t\t\t\t\t\t<\/div>\n\t\t\t\t\t\t\t<\/div>\n\t\t\t\t\t\t\t<div class=\"caption\">\t\t\t\t\t\t\t\t<p class=\"manufacture-product\">\n\t\t\t\t\t\t\t\t\t<a href=\"https:\/\/vww.pt\/index.php?route=product\/manufacturer\/info&amp;manufacturer_id=28\">VWW<\/a>\n\t\t\t\t\t\t\t\t<\/p>\t\t\t\t\t\t\t\t<h4 class=\"product-name\"><a href=\"https:\/\/vww.pt\/index.php?route=product\/product&amp;path=306&amp;product_id=1554\">Regulador de temperatura<\/a><\/h4>\t\t\t\t\t\t\t\t\t<p class=\"price\">0.00\u20ac\t\t\t\t\t\t\t\t\t<\/p>\t\t\t\t\t\t\t\t<p class=\"product-des 8\">DESCRI\u00c7\u00c3OAcess\u00f3rio opcionalDispositivo que \u00e9 inserido na conex\u00e3o do aparelho respirat\u00f3rio \u00e0 linha de ar j\u00e1 instalada no ambiente industrialPara ambientes de trabalho com temperaturas extremasN\u00e3o possui partes m\u00f3veis, eletricidade, g\u00e1s Freon ou outros produtos qu\u00edmicosLeve e confi\u00e1vel. Sem risco de e..<\/p>\n\t\t\t\t\t\t\t<\/div>\n                        <\/div>\n                    <\/div>                    <div class=\"product-layout product-list col-xs-12\">\n                        <div class=\"product-thumb\">\n                            <div class=\"image\">\n\t\t\t\t\t\t\t\t<a href=\"https:\/\/vww.pt\/index.php?route=product\/product&amp;path=306&amp;product_id=734\">\n\t\t\t\t\t\t\t\t\t<img src=\"https:\/\/vww.pt\/image\/cache\/catalog\/prot.%20p\u00e9s\/restaura\u00e7\u00e3o\/tocha-01.jpg-500x666.png\" alt=\"Sapato Tocha\" title=\"Sapato Tocha\" class=\"img-responsive\" \/>\t\t\t\t\t\t\t\t<\/a>\t\t\t\t\t\t\t\t<div class=\"action-links\">\n\t\t\t\t\t\t\t\t\t<button class=\"btn-cart\" type=\"button\" data-toggle=\"tooltip\" title=\"Adicionar ao Pedido\" onclick=\"cart.add('734', '1')\"><i class=\"ion-bag\"><\/i><span>Adicionar ao Pedido<\/span><\/button>\n\t\t\t\t\t\t\t\t\t<button class=\"btn-wishlist\" type=\"button\" data-toggle=\"tooltip\" title=\"Add \u00e0 Lista de preferencias\" onclick=\"wishlist.add('734');\"><i class=\"ion-android-favorite-outline\"><\/i><span>Add \u00e0 Lista de preferencias<\/span><\/button>\n\t\t\t\t\t\t\t\t\t<button class=\"btn-compare\" type=\"button\" data-toggle=\"tooltip\" title=\"Comparar\" onclick=\"compare.add('734');\"><i class=\"ion-android-options\"><\/i><span>Comparar<\/span><\/button>\n\t\t\t\t\t\t\t\t\t<button class=\"btn-quickview\" type=\"button\" data-toggle=\"tooltip\" title=\"Quick View\" onclick=\"ocquickview.ajaxView('https:\/\/vww.pt\/index.php?route=product\/product&amp;path=306&amp;product_id=734')\"><i class=\"ion-android-open\"><\/i><span>Quick View<\/span><\/button>\n\t\t\t\t\t\t\t\t<\/div>\n\t\t\t\t\t\t\t<\/div>\n\t\t\t\t\t\t\t<div class=\"caption\">\t\t\t\t\t\t\t\t<p class=\"manufacture-product\">\n\t\t\t\t\t\t\t\t\t<a href=\"https:\/\/vww.pt\/index.php?route=product\/manufacturer\/info&amp;manufacturer_id=19\">LAVORO<\/a>\n\t\t\t\t\t\t\t\t<\/p>\t\t\t\t\t\t\t\t<h4 class=\"product-name\"><a href=\"https:\/\/vww.pt\/index.php?route=product\/product&amp;path=306&amp;product_id=734\">Sapato Tocha<\/a><\/h4>\t\t\t\t\t\t\t\t\t<p class=\"price\">0.00\u20ac\t\t\t\t\t\t\t\t\t<\/p>\t\t\t\t\t\t\t\t<p class=\"product-des 8\">&amp;nbsp;DESCRI\u00c7\u00c3OAnti Est\u00e1ticoDeslizamentoImpactoPerfura\u00e7\u00e3oAPLICA\u00c7\u00d5ES A UTILIZARALIMENTARELETR\u00d3NICA E ELETRICIDADE IND\u00daSTRIALIMPEZAS\u00c1UDECOMPOSI\u00c7\u00c3OPALMILHA DE PROTE\u00c7AOKEVLAR &amp;nbsp; &amp;nbsp; &amp;nbsp; &amp;nbsp; &amp;nbsp; &amp;nbsp; &amp;nbsp; &amp;nbsp; &amp;nbsp; &amp;nbsp; &amp;nbsp; &amp;nbsp; &amp;nbsp; &amp;nbsp; &amp;nbsp; &amp;nbsp; &amp;nbsp; &amp;nbsp; &amp;nb..<\/p>\n\t\t\t\t\t\t\t<\/div>\n                        <\/div>\n                    <\/div>                    <div class=\"product-layout product-list col-xs-12\">\n                        <div class=\"product-thumb\">\n                            <div class=\"image\">\n\t\t\t\t\t\t\t\t<a href=\"https:\/\/vww.pt\/index.php?route=product\/product&amp;path=306&amp;product_id=1539\">\n\t\t\t\t\t\t\t\t\t<img src=\"https:\/\/vww.pt\/image\/cache\/catalog\/EPI'S\/Prot.%20Respirat\u00f3ria\/Semi-M\u00e1scara%203M%20-%206200\/Semi-mascara-serie-6000-1-500x666.jpg\" alt=\"Semi-M\u00e1scara Reutiliz\u00e1vel\" title=\"Semi-M\u00e1scara Reutiliz\u00e1vel\" class=\"img-responsive\" \/>\t\t\t\t\t\t\t\t<\/a>\t\t\t\t\t\t\t\t<div class=\"action-links\">\n\t\t\t\t\t\t\t\t\t<button class=\"btn-cart\" type=\"button\" data-toggle=\"tooltip\" title=\"Adicionar ao Pedido\" onclick=\"cart.add('1539', '1')\"><i class=\"ion-bag\"><\/i><span>Adicionar ao Pedido<\/span><\/button>\n\t\t\t\t\t\t\t\t\t<button class=\"btn-wishlist\" type=\"button\" data-toggle=\"tooltip\" title=\"Add \u00e0 Lista de preferencias\" onclick=\"wishlist.add('1539');\"><i class=\"ion-android-favorite-outline\"><\/i><span>Add \u00e0 Lista de preferencias<\/span><\/button>\n\t\t\t\t\t\t\t\t\t<button class=\"btn-compare\" type=\"button\" data-toggle=\"tooltip\" title=\"Comparar\" onclick=\"compare.add('1539');\"><i class=\"ion-android-options\"><\/i><span>Comparar<\/span><\/button>\n\t\t\t\t\t\t\t\t\t<button class=\"btn-quickview\" type=\"button\" data-toggle=\"tooltip\" title=\"Quick View\" onclick=\"ocquickview.ajaxView('https:\/\/vww.pt\/index.php?route=product\/product&amp;path=306&amp;product_id=1539')\"><i class=\"ion-android-open\"><\/i><span>Quick View<\/span><\/button>\n\t\t\t\t\t\t\t\t<\/div>\n\t\t\t\t\t\t\t<\/div>\n\t\t\t\t\t\t\t<div class=\"caption\">\t\t\t\t\t\t\t\t<p class=\"manufacture-product\">\n\t\t\t\t\t\t\t\t\t<a href=\"https:\/\/vww.pt\/index.php?route=product\/manufacturer\/info&amp;manufacturer_id=12\">3M<\/a>\n\t\t\t\t\t\t\t\t<\/p>\t\t\t\t\t\t\t\t<h4 class=\"product-name\"><a href=\"https:\/\/vww.pt\/index.php?route=product\/product&amp;path=306&amp;product_id=1539\">Semi-M\u00e1scara Reutiliz\u00e1vel<\/a><\/h4>\t\t\t\t\t\t\t\t\t<p class=\"price\">0.00\u20ac\t\t\t\t\t\t\t\t\t<\/p>\t\t\t\t\t\t\t\t<p class=\"product-des 8\">DESCRI\u00c7\u00c3ODe baixa manuten\u00e7\u00e3o e f\u00e1cil de manusearMaterial elastom\u00e9rico leve para maior conforto durante longos turnos de trabalhoA conex\u00e3o tipo baioneta \u00e9 compat\u00edvel com uma ampla gama de filtrosPode ser usado com os sistemas de ar comprimido 3M\u2122 para maior conveni\u00eancia e flexibilidadeO design discre..<\/p>\n\t\t\t\t\t\t\t<\/div>\n                        <\/div>\n                    <\/div>                    <div class=\"product-layout product-list col-xs-12\">\n                        <div class=\"product-thumb\">\n                            <div class=\"image\">\n\t\t\t\t\t\t\t\t<a href=\"https:\/\/vww.pt\/index.php?route=product\/product&amp;path=306&amp;product_id=1541\">\n\t\t\t\t\t\t\t\t\t<img src=\"https:\/\/vww.pt\/image\/cache\/catalog\/EPI'S\/Prot.%20Respirat\u00f3ria\/Semi-m\u00e1scara-Wilson-Premier\/Semi-m\u00e1scara-Wilson-Premier.png-500x666.jpg\" alt=\"Semi-M\u00e1scara Wilson Premier\" title=\"Semi-M\u00e1scara Wilson Premier\" class=\"img-responsive\" \/>\t\t\t\t\t\t\t\t<\/a>\t\t\t\t\t\t\t\t<div class=\"action-links\">\n\t\t\t\t\t\t\t\t\t<button class=\"btn-cart\" type=\"button\" data-toggle=\"tooltip\" title=\"Adicionar ao Pedido\" onclick=\"cart.add('1541', '1')\"><i class=\"ion-bag\"><\/i><span>Adicionar ao Pedido<\/span><\/button>\n\t\t\t\t\t\t\t\t\t<button class=\"btn-wishlist\" type=\"button\" data-toggle=\"tooltip\" title=\"Add \u00e0 Lista de preferencias\" onclick=\"wishlist.add('1541');\"><i class=\"ion-android-favorite-outline\"><\/i><span>Add \u00e0 Lista de preferencias<\/span><\/button>\n\t\t\t\t\t\t\t\t\t<button class=\"btn-compare\" type=\"button\" data-toggle=\"tooltip\" title=\"Comparar\" onclick=\"compare.add('1541');\"><i class=\"ion-android-options\"><\/i><span>Comparar<\/span><\/button>\n\t\t\t\t\t\t\t\t\t<button class=\"btn-quickview\" type=\"button\" data-toggle=\"tooltip\" title=\"Quick View\" onclick=\"ocquickview.ajaxView('https:\/\/vww.pt\/index.php?route=product\/product&amp;path=306&amp;product_id=1541')\"><i class=\"ion-android-open\"><\/i><span>Quick View<\/span><\/button>\n\t\t\t\t\t\t\t\t<\/div>\n\t\t\t\t\t\t\t<\/div>\n\t\t\t\t\t\t\t<div class=\"caption\">\t\t\t\t\t\t\t\t<p class=\"manufacture-product\">\n\t\t\t\t\t\t\t\t\t<a href=\"https:\/\/vww.pt\/index.php?route=product\/manufacturer\/info&amp;manufacturer_id=5\">HONEYWELL<\/a>\n\t\t\t\t\t\t\t\t<\/p>\t\t\t\t\t\t\t\t<h4 class=\"product-name\"><a href=\"https:\/\/vww.pt\/index.php?route=product\/product&amp;path=306&amp;product_id=1541\">Semi-M\u00e1scara Wilson Premier<\/a><\/h4>\t\t\t\t\t\t\t\t\t<p class=\"price\">0.00\u20ac\t\t\t\t\t\t\t\t\t<\/p>\t\t\t\t\t\t\t\t<p class=\"product-des 8\">DESCRI\u00c7\u00c3OConforto aprimorado e prote\u00e7\u00e3o duradouraPe\u00e7a facial muito macia e confort\u00e1vel: saia de siliconeArn\u00eas extra confort\u00e1vel para trabalhos de longa dura\u00e7\u00e3oSistema de encaixe r\u00e1pido para conex\u00e3o de filtros: prote\u00e7\u00e3o aprimoradaSimplicidade sustent\u00e1vel Confort\u00e1vel gra\u00e7as ao seu corpo de silicone Ex..<\/p>\n\t\t\t\t\t\t\t<\/div>\n                        <\/div>\n                    <\/div>                    <div class=\"product-layout product-list col-xs-12\">\n                        <div class=\"product-thumb\">\n                            <div class=\"image\">\n\t\t\t\t\t\t\t\t<a href=\"https:\/\/vww.pt\/index.php?route=product\/product&amp;path=306&amp;product_id=1609\">\n\t\t\t\t\t\t\t\t\t<img src=\"https:\/\/vww.pt\/image\/cache\/catalog\/EPI'S\/Prot.%20P\u00e9s\/Cal\u00e7ado%20Restaura\u00e7\u00e3o\/Soca%20Render\/Soca%20Render-500x666.jpg\" alt=\"Soca Render\" title=\"Soca Render\" class=\"img-responsive\" \/>\t\t\t\t\t\t\t\t<\/a>\t\t\t\t\t\t\t\t\t<div class=\"label-product label_new\">New<\/div>\t\t\t\t\t\t\t\t<div class=\"action-links\">\n\t\t\t\t\t\t\t\t\t<button class=\"btn-cart\" type=\"button\" data-toggle=\"tooltip\" title=\"Adicionar ao Pedido\" onclick=\"cart.add('1609', '1')\"><i class=\"ion-bag\"><\/i><span>Adicionar ao Pedido<\/span><\/button>\n\t\t\t\t\t\t\t\t\t<button class=\"btn-wishlist\" type=\"button\" data-toggle=\"tooltip\" title=\"Add \u00e0 Lista de preferencias\" onclick=\"wishlist.add('1609');\"><i class=\"ion-android-favorite-outline\"><\/i><span>Add \u00e0 Lista de preferencias<\/span><\/button>\n\t\t\t\t\t\t\t\t\t<button class=\"btn-compare\" type=\"button\" data-toggle=\"tooltip\" title=\"Comparar\" onclick=\"compare.add('1609');\"><i class=\"ion-android-options\"><\/i><span>Comparar<\/span><\/button>\n\t\t\t\t\t\t\t\t\t<button class=\"btn-quickview\" type=\"button\" data-toggle=\"tooltip\" title=\"Quick View\" onclick=\"ocquickview.ajaxView('https:\/\/vww.pt\/index.php?route=product\/product&amp;path=306&amp;product_id=1609')\"><i class=\"ion-android-open\"><\/i><span>Quick View<\/span><\/button>\n\t\t\t\t\t\t\t\t<\/div>\n\t\t\t\t\t\t\t<\/div>\n\t\t\t\t\t\t\t<div class=\"caption\">\t\t\t\t\t\t\t\t<p class=\"manufacture-product\">\n\t\t\t\t\t\t\t\t\t<a href=\"https:\/\/vww.pt\/index.php?route=product\/manufacturer\/info&amp;manufacturer_id=10\">EXENA<\/a>\n\t\t\t\t\t\t\t\t<\/p>\t\t\t\t\t\t\t\t<h4 class=\"product-name\"><a href=\"https:\/\/vww.pt\/index.php?route=product\/product&amp;path=306&amp;product_id=1609\">Soca Render<\/a><\/h4>\t\t\t\t\t\t\t\t\t<p class=\"price\">0.00\u20ac\t\t\t\t\t\t\t\t\t<\/p>\t\t\t\t\t\t\t\t<p class=\"product-des 8\">DESCRI\u00c7\u00c3OSuperiorMicrofibra respir\u00e1velForroTecido respir\u00e1vel e resistente \u00e0 abras\u00e3oBiqueiraN\u00e3o met\u00e1lica, n\u00e3o magn\u00e9tica (200J)PalmilhaRemov\u00edveis,&amp;nbsp;anat\u00f3micas e antiest\u00e1ticasSolaPoliuretano de dupla densidadeNORMAS E CERTIFICA\u00c7\u00d5ESEN ISO 20345:2022 &amp;nbsp;+&amp;nbsp;A1:2024..<\/p>\n\t\t\t\t\t\t\t<\/div>\n                        <\/div>\n                    <\/div>                    <div class=\"product-layout product-list col-xs-12\">\n                        <div class=\"product-thumb\">\n                            <div class=\"image\">\n\t\t\t\t\t\t\t\t<a href=\"https:\/\/vww.pt\/index.php?route=product\/product&amp;path=306&amp;product_id=1169\">\n\t\t\t\t\t\t\t\t\t<img src=\"https:\/\/vww.pt\/image\/cache\/catalog\/Prot.%20corpo\/combinado\/306006-500x666.png\" alt=\"Softshell combinado Hi-Vis\" title=\"Softshell combinado Hi-Vis\" class=\"img-responsive\" \/>\t\t\t\t\t\t\t\t<\/a>\t\t\t\t\t\t\t\t<div class=\"action-links\">\n\t\t\t\t\t\t\t\t\t<button class=\"btn-cart\" type=\"button\" data-toggle=\"tooltip\" title=\"Adicionar ao Pedido\" onclick=\"cart.add('1169', '1')\"><i class=\"ion-bag\"><\/i><span>Adicionar ao Pedido<\/span><\/button>\n\t\t\t\t\t\t\t\t\t<button class=\"btn-wishlist\" type=\"button\" data-toggle=\"tooltip\" title=\"Add \u00e0 Lista de preferencias\" onclick=\"wishlist.add('1169');\"><i class=\"ion-android-favorite-outline\"><\/i><span>Add \u00e0 Lista de preferencias<\/span><\/button>\n\t\t\t\t\t\t\t\t\t<button class=\"btn-compare\" type=\"button\" data-toggle=\"tooltip\" title=\"Comparar\" onclick=\"compare.add('1169');\"><i class=\"ion-android-options\"><\/i><span>Comparar<\/span><\/button>\n\t\t\t\t\t\t\t\t\t<button class=\"btn-quickview\" type=\"button\" data-toggle=\"tooltip\" title=\"Quick View\" onclick=\"ocquickview.ajaxView('https:\/\/vww.pt\/index.php?route=product\/product&amp;path=306&amp;product_id=1169')\"><i class=\"ion-android-open\"><\/i><span>Quick View<\/span><\/button>\n\t\t\t\t\t\t\t\t<\/div>\n\t\t\t\t\t\t\t<\/div>\n\t\t\t\t\t\t\t<div class=\"caption\">\t\t\t\t\t\t\t\t<p class=\"manufacture-product\">\n\t\t\t\t\t\t\t\t\t<a href=\"https:\/\/vww.pt\/index.php?route=product\/manufacturer\/info&amp;manufacturer_id=36\">VELILLA<\/a>\n\t\t\t\t\t\t\t\t<\/p>\t\t\t\t\t\t\t\t<h4 class=\"product-name\"><a href=\"https:\/\/vww.pt\/index.php?route=product\/product&amp;path=306&amp;product_id=1169\">Softshell combinado Hi-Vis<\/a><\/h4>\t\t\t\t\t\t\t\t\t<p class=\"price\">0.00\u20ac\t\t\t\t\t\t\t\t\t<\/p>\t\t\t\t\t\t\t\t<p class=\"product-des 8\">DESCRI\u00c7\u00c3OTecido de camada triplaFecho central com fecho de correr invertido em cor contrasteCarcela interna virada na parte superior, cobrindo o fecho de correrFaixas refletoras no torso e nas mangasPunhos ajust\u00e1veis com velcroCinco bolsos:3 bolsos de vuvi com fecho de correr estanque2 bolsos interi..<\/p>\n\t\t\t\t\t\t\t<\/div>\n                        <\/div>\n                    <\/div>                    <div class=\"product-layout product-list col-xs-12\">\n                        <div class=\"product-thumb\">\n                            <div class=\"image\">\n\t\t\t\t\t\t\t\t<a href=\"https:\/\/vww.pt\/index.php?route=product\/product&amp;path=306&amp;product_id=1167\">\n\t\t\t\t\t\t\t\t\t<img src=\"https:\/\/vww.pt\/image\/cache\/catalog\/Prot.%20corpo\/combinado\/305613-500x666.png\" alt=\"T-shirt combinada bicolor Hi-Vis\" title=\"T-shirt combinada bicolor Hi-Vis\" class=\"img-responsive\" \/>\t\t\t\t\t\t\t\t<\/a>\t\t\t\t\t\t\t\t<div class=\"action-links\">\n\t\t\t\t\t\t\t\t\t<button class=\"btn-cart\" type=\"button\" data-toggle=\"tooltip\" title=\"Adicionar ao Pedido\" onclick=\"cart.add('1167', '1')\"><i class=\"ion-bag\"><\/i><span>Adicionar ao Pedido<\/span><\/button>\n\t\t\t\t\t\t\t\t\t<button class=\"btn-wishlist\" type=\"button\" data-toggle=\"tooltip\" title=\"Add \u00e0 Lista de preferencias\" onclick=\"wishlist.add('1167');\"><i class=\"ion-android-favorite-outline\"><\/i><span>Add \u00e0 Lista de preferencias<\/span><\/button>\n\t\t\t\t\t\t\t\t\t<button class=\"btn-compare\" type=\"button\" data-toggle=\"tooltip\" title=\"Comparar\" onclick=\"compare.add('1167');\"><i class=\"ion-android-options\"><\/i><span>Comparar<\/span><\/button>\n\t\t\t\t\t\t\t\t\t<button class=\"btn-quickview\" type=\"button\" data-toggle=\"tooltip\" title=\"Quick View\" onclick=\"ocquickview.ajaxView('https:\/\/vww.pt\/index.php?route=product\/product&amp;path=306&amp;product_id=1167')\"><i class=\"ion-android-open\"><\/i><span>Quick View<\/span><\/button>\n\t\t\t\t\t\t\t\t<\/div>\n\t\t\t\t\t\t\t<\/div>\n\t\t\t\t\t\t\t<div class=\"caption\">\t\t\t\t\t\t\t\t<p class=\"manufacture-product\">\n\t\t\t\t\t\t\t\t\t<a href=\"https:\/\/vww.pt\/index.php?route=product\/manufacturer\/info&amp;manufacturer_id=36\">VELILLA<\/a>\n\t\t\t\t\t\t\t\t<\/p>\t\t\t\t\t\t\t\t<h4 class=\"product-name\"><a href=\"https:\/\/vww.pt\/index.php?route=product\/product&amp;path=306&amp;product_id=1167\">T-shirt combinada bicolor Hi-Vis<\/a><\/h4>\t\t\t\t\t\t\t\t\t<p class=\"price\">0.00\u20ac\t\t\t\t\t\t\t\t\t<\/p>\t\t\t\t\t\t\t\t<p class=\"product-des 8\">DESCRI\u00c7\u00c3OGola redonda canelada, em cor de contrasteFaixas refletoras no torso e mangasTapa costuras na golaCOMPOSI\u00c7\u00c3OPIQU\u00c9 55% Algod\u00e3o e 45% Poli\u00e9sterPeso: 150 g\/m2..<\/p>\n\t\t\t\t\t\t\t<\/div>\n                        <\/div>\n                    <\/div>                    <div class=\"product-layout product-list col-xs-12\">\n                        <div class=\"product-thumb\">\n                            <div class=\"image\">\n\t\t\t\t\t\t\t\t<a href=\"https:\/\/vww.pt\/index.php?route=product\/product&amp;path=306&amp;product_id=1121\">\n\t\t\t\t\t\t\t\t\t<img src=\"https:\/\/vww.pt\/image\/cache\/catalog\/catalogo\/MARCA\/ALTA%20VISIBILIDADE%20-%20HI%20VIS\/1288TSAVMCYFA.jpg-500x666.png\" alt=\"T-shirt combinada Hi-Vis\" title=\"T-shirt combinada Hi-Vis\" class=\"img-responsive\" \/>\t\t\t\t\t\t\t\t<\/a>\t\t\t\t\t\t\t\t<div class=\"action-links\">\n\t\t\t\t\t\t\t\t\t<button class=\"btn-cart\" type=\"button\" data-toggle=\"tooltip\" title=\"Adicionar ao Pedido\" onclick=\"cart.add('1121', '1')\"><i class=\"ion-bag\"><\/i><span>Adicionar ao Pedido<\/span><\/button>\n\t\t\t\t\t\t\t\t\t<button class=\"btn-wishlist\" type=\"button\" data-toggle=\"tooltip\" title=\"Add \u00e0 Lista de preferencias\" onclick=\"wishlist.add('1121');\"><i class=\"ion-android-favorite-outline\"><\/i><span>Add \u00e0 Lista de preferencias<\/span><\/button>\n\t\t\t\t\t\t\t\t\t<button class=\"btn-compare\" type=\"button\" data-toggle=\"tooltip\" title=\"Comparar\" onclick=\"compare.add('1121');\"><i class=\"ion-android-options\"><\/i><span>Comparar<\/span><\/button>\n\t\t\t\t\t\t\t\t\t<button class=\"btn-quickview\" type=\"button\" data-toggle=\"tooltip\" title=\"Quick View\" onclick=\"ocquickview.ajaxView('https:\/\/vww.pt\/index.php?route=product\/product&amp;path=306&amp;product_id=1121')\"><i class=\"ion-android-open\"><\/i><span>Quick View<\/span><\/button>\n\t\t\t\t\t\t\t\t<\/div>\n\t\t\t\t\t\t\t<\/div>\n\t\t\t\t\t\t\t<div class=\"caption\">\t\t\t\t\t\t\t\t<p class=\"manufacture-product\">\n\t\t\t\t\t\t\t\t\t<a href=\"https:\/\/vww.pt\/index.php?route=product\/manufacturer\/info&amp;manufacturer_id=32\">MARCA<\/a>\n\t\t\t\t\t\t\t\t<\/p>\t\t\t\t\t\t\t\t<h4 class=\"product-name\"><a href=\"https:\/\/vww.pt\/index.php?route=product\/product&amp;path=306&amp;product_id=1121\">T-shirt combinada Hi-Vis<\/a><\/h4>\t\t\t\t\t\t\t\t\t<p class=\"price\">0.00\u20ac\t\t\t\t\t\t\t\t\t<\/p>\t\t\t\t\t\t\t\t<p class=\"product-des 8\">DESCRI\u00c7\u00c3OT-shirt com tecido de poli\u00e9ster \u201cbirdeye\u201d de alta visibilidadeVentila\u00e7\u00e3o entre as fibras e evapora\u00e7\u00e3o do suorAjuste no pesco\u00e7o com tecido el\u00e1stico canelado azul marinhoBolso no peito localizado \u00e0 esquerda do usu\u00e1rioCOMPOSI\u00c7\u00c3OMassa laminar total: 150 g\/m2Folha externa 100% poli\u00e9sterAlta visi..<\/p>\n\t\t\t\t\t\t\t<\/div>\n                        <\/div>\n                    <\/div>                    <div class=\"product-layout product-list col-xs-12\">\n                        <div class=\"product-thumb\">\n                            <div class=\"image\">\n\t\t\t\t\t\t\t\t<a href=\"https:\/\/vww.pt\/index.php?route=product\/product&amp;path=306&amp;product_id=1164\">\n\t\t\t\t\t\t\t\t\t<img src=\"https:\/\/vww.pt\/image\/cache\/catalog\/Prot.%20corpo\/combinado\/305506-500x666.png\" alt=\"T-shirt combinada Hi-Vis\" title=\"T-shirt combinada Hi-Vis\" class=\"img-responsive\" \/>\t\t\t\t\t\t\t\t<\/a>\t\t\t\t\t\t\t\t<div class=\"action-links\">\n\t\t\t\t\t\t\t\t\t<button class=\"btn-cart\" type=\"button\" data-toggle=\"tooltip\" title=\"Adicionar ao Pedido\" onclick=\"cart.add('1164', '1')\"><i class=\"ion-bag\"><\/i><span>Adicionar ao Pedido<\/span><\/button>\n\t\t\t\t\t\t\t\t\t<button class=\"btn-wishlist\" type=\"button\" data-toggle=\"tooltip\" title=\"Add \u00e0 Lista de preferencias\" onclick=\"wishlist.add('1164');\"><i class=\"ion-android-favorite-outline\"><\/i><span>Add \u00e0 Lista de preferencias<\/span><\/button>\n\t\t\t\t\t\t\t\t\t<button class=\"btn-compare\" type=\"button\" data-toggle=\"tooltip\" title=\"Comparar\" onclick=\"compare.add('1164');\"><i class=\"ion-android-options\"><\/i><span>Comparar<\/span><\/button>\n\t\t\t\t\t\t\t\t\t<button class=\"btn-quickview\" type=\"button\" data-toggle=\"tooltip\" title=\"Quick View\" onclick=\"ocquickview.ajaxView('https:\/\/vww.pt\/index.php?route=product\/product&amp;path=306&amp;product_id=1164')\"><i class=\"ion-android-open\"><\/i><span>Quick View<\/span><\/button>\n\t\t\t\t\t\t\t\t<\/div>\n\t\t\t\t\t\t\t<\/div>\n\t\t\t\t\t\t\t<div class=\"caption\">\t\t\t\t\t\t\t\t<p class=\"manufacture-product\">\n\t\t\t\t\t\t\t\t\t<a href=\"https:\/\/vww.pt\/index.php?route=product\/manufacturer\/info&amp;manufacturer_id=36\">VELILLA<\/a>\n\t\t\t\t\t\t\t\t<\/p>\t\t\t\t\t\t\t\t<h4 class=\"product-name\"><a href=\"https:\/\/vww.pt\/index.php?route=product\/product&amp;path=306&amp;product_id=1164\">T-shirt combinada Hi-Vis<\/a><\/h4>\t\t\t\t\t\t\t\t\t<p class=\"price\">0.00\u20ac\t\t\t\t\t\t\t\t\t<\/p>\t\t\t\t\t\t\t\t<p class=\"product-des 8\">DESCRI\u00c7\u00c3OGola redonda canelada, em cor de contrasteFaixas refletoras no torso e mangasFaixa de tecido base que cobre a costura da golaCOMPOSI\u00c7\u00c3OPOLAR 100% Poli\u00e9sterPeso: 140 g\/m2..<\/p>\n\t\t\t\t\t\t\t<\/div>\n                        <\/div>\n                    <\/div>                    <div class=\"product-layout product-list col-xs-12\">\n                        <div class=\"product-thumb\">\n                            <div class=\"image\">\n\t\t\t\t\t\t\t\t<a href=\"https:\/\/vww.pt\/index.php?route=product\/product&amp;path=306&amp;product_id=556\">\n\t\t\t\t\t\t\t\t\t<img src=\"https:\/\/vww.pt\/image\/cache\/catalog\/catalogo\/FARU\/PROT.%20AUDITIVA%20-%20OK\/Tampoes%20com%20Banda\/1310_Tampao%20Auricular%20com%20banda%20_3M\/1310_Tampao%20Auricular%20com%20banda%20_3M%20(6)-500x666.jpg\" alt=\"Tamp\u00f5es C\/ Banda \" title=\"Tamp\u00f5es C\/ Banda \" class=\"img-responsive\" \/>\t\t\t\t\t\t\t\t<\/a>\t\t\t\t\t\t\t\t<div class=\"action-links\">\n\t\t\t\t\t\t\t\t\t<button class=\"btn-cart\" type=\"button\" data-toggle=\"tooltip\" title=\"Adicionar ao Pedido\" onclick=\"cart.add('556', '1')\"><i class=\"ion-bag\"><\/i><span>Adicionar ao Pedido<\/span><\/button>\n\t\t\t\t\t\t\t\t\t<button class=\"btn-wishlist\" type=\"button\" data-toggle=\"tooltip\" title=\"Add \u00e0 Lista de preferencias\" onclick=\"wishlist.add('556');\"><i class=\"ion-android-favorite-outline\"><\/i><span>Add \u00e0 Lista de preferencias<\/span><\/button>\n\t\t\t\t\t\t\t\t\t<button class=\"btn-compare\" type=\"button\" data-toggle=\"tooltip\" title=\"Comparar\" onclick=\"compare.add('556');\"><i class=\"ion-android-options\"><\/i><span>Comparar<\/span><\/button>\n\t\t\t\t\t\t\t\t\t<button class=\"btn-quickview\" type=\"button\" data-toggle=\"tooltip\" title=\"Quick View\" onclick=\"ocquickview.ajaxView('https:\/\/vww.pt\/index.php?route=product\/product&amp;path=306&amp;product_id=556')\"><i class=\"ion-android-open\"><\/i><span>Quick View<\/span><\/button>\n\t\t\t\t\t\t\t\t<\/div>\n\t\t\t\t\t\t\t<\/div>\n\t\t\t\t\t\t\t<div class=\"caption\">\t\t\t\t\t\t\t\t<p class=\"manufacture-product\">\n\t\t\t\t\t\t\t\t\t<a href=\"https:\/\/vww.pt\/index.php?route=product\/manufacturer\/info&amp;manufacturer_id=12\">3M<\/a>\n\t\t\t\t\t\t\t\t<\/p>\t\t\t\t\t\t\t\t<h4 class=\"product-name\"><a href=\"https:\/\/vww.pt\/index.php?route=product\/product&amp;path=306&amp;product_id=556\">Tamp\u00f5es C\/ Banda <\/a><\/h4>\t\t\t\t\t\t\t\t\t<p class=\"price\">0.00\u20ac\t\t\t\t\t\t\t\t\t<\/p>\t\t\t\t\t\t\t\t<p class=\"product-des 8\">DESCRI\u00c7\u00c3OTamp\u00e3o de prote\u00e7\u00e3o&amp;nbsp;auditiva com bandaProporcionam \u00f3tima&amp;nbsp;comodidade e \u00f3timo&amp;nbsp;ajuste ao incorporar o inovador conceito de banda flex\u00edvelSuaveCorreto posicionamento e f\u00e1cil coloca\u00e7\u00e3o devido \u00e0 sua flexibilidade rotativaPeso: 13grSNR: 26dBAPLICA\u00c7\u00d5ES A UTILIZARRecomendado para prote..<\/p>\n\t\t\t\t\t\t\t<\/div>\n                        <\/div>\n                    <\/div>                    <div class=\"product-layout product-list col-xs-12\">\n                        <div class=\"product-thumb\">\n                            <div class=\"image\">\n\t\t\t\t\t\t\t\t<a href=\"https:\/\/vww.pt\/index.php?route=product\/product&amp;path=306&amp;product_id=560\">\n\t\t\t\t\t\t\t\t\t<img src=\"https:\/\/vww.pt\/image\/cache\/catalog\/catalogo\/FARU\/PROT.%20AUDITIVA%20-%20OK\/Dispensadores%20I%20Recargas\/1311_EAR%20recarga%20prot.%20auricular%20_3M\/1311_EAR%20recarga%20prot.%20auricular%20_3M%20(1)-500x666.jpg\" alt=\"Tamp\u00f5es Reposi\u00e7\u00e3o P\/ Banda\" title=\"Tamp\u00f5es Reposi\u00e7\u00e3o P\/ Banda\" class=\"img-responsive\" \/>\t\t\t\t\t\t\t\t<\/a>\t\t\t\t\t\t\t\t<div class=\"action-links\">\n\t\t\t\t\t\t\t\t\t<button class=\"btn-cart\" type=\"button\" data-toggle=\"tooltip\" title=\"Adicionar ao Pedido\" onclick=\"cart.add('560', '1')\"><i class=\"ion-bag\"><\/i><span>Adicionar ao Pedido<\/span><\/button>\n\t\t\t\t\t\t\t\t\t<button class=\"btn-wishlist\" type=\"button\" data-toggle=\"tooltip\" title=\"Add \u00e0 Lista de preferencias\" onclick=\"wishlist.add('560');\"><i class=\"ion-android-favorite-outline\"><\/i><span>Add \u00e0 Lista de preferencias<\/span><\/button>\n\t\t\t\t\t\t\t\t\t<button class=\"btn-compare\" type=\"button\" data-toggle=\"tooltip\" title=\"Comparar\" onclick=\"compare.add('560');\"><i class=\"ion-android-options\"><\/i><span>Comparar<\/span><\/button>\n\t\t\t\t\t\t\t\t\t<button class=\"btn-quickview\" type=\"button\" data-toggle=\"tooltip\" title=\"Quick View\" onclick=\"ocquickview.ajaxView('https:\/\/vww.pt\/index.php?route=product\/product&amp;path=306&amp;product_id=560')\"><i class=\"ion-android-open\"><\/i><span>Quick View<\/span><\/button>\n\t\t\t\t\t\t\t\t<\/div>\n\t\t\t\t\t\t\t<\/div>\n\t\t\t\t\t\t\t<div class=\"caption\">\t\t\t\t\t\t\t\t<p class=\"manufacture-product\">\n\t\t\t\t\t\t\t\t\t<a href=\"https:\/\/vww.pt\/index.php?route=product\/manufacturer\/info&amp;manufacturer_id=12\">3M<\/a>\n\t\t\t\t\t\t\t\t<\/p>\t\t\t\t\t\t\t\t<h4 class=\"product-name\"><a href=\"https:\/\/vww.pt\/index.php?route=product\/product&amp;path=306&amp;product_id=560\">Tamp\u00f5es Reposi\u00e7\u00e3o P\/ Banda<\/a><\/h4>\t\t\t\t\t\t\t\t\t<p class=\"price\">0.00\u20ac\t\t\t\t\t\t\t\t\t<\/p>\t\t\t\t\t\t\t\t<p class=\"product-des 8\">DESCRI\u00c7\u00c3OC\u00e1psulas de substitui\u00e7\u00e3o auriculares em espumaAs c\u00e1psulas de substitui\u00e7\u00e3o s\u00e3o um modo f\u00e1cil de melhorar a higiene e o confortof\u00e1cil remover e substituir as c\u00e1psulas dos seus tamp\u00f5es auriculares de bandasSndr: 26 dBCor: Laranja..<\/p>\n\t\t\t\t\t\t\t<\/div>\n                        <\/div>\n                    <\/div>                <\/div>\n                <div class=\"row toolbar4\">\n                    <div class=\"col-sm-6\"><ul class=\"pagination\"><li><a href=\"https:\/\/vww.pt\/index.php?route=product\/category&path=306\">|&lt;<\/a><\/li><li><a href=\"https:\/\/vww.pt\/index.php?route=product\/category&path=306\">&lt;<\/a><\/li><li><a href=\"https:\/\/vww.pt\/index.php?route=product\/category&path=306\">1<\/a><\/li><li class=\"active\"><span>2<\/span><\/li><\/ul><\/div>\n                    <div class=\"col-sm-6 text-right\">Exibindo 51 a 75 de 75 (2 P\u00e1ginas)<\/div>\n                <\/div><script type=\"text\/javascript\">\n    \/\/ Product List\n\t$('#list-view').click(function() {\n\t\t$('.custom-products').removeClass('custom-products-row');\n\t\t$(this).addClass('selected');\n\t\t$('#grid-view').removeClass('selected');\n\t\t$('#content .product-grid > .clearfix').remove();\n\n\t\t\/\/$('#content .product-layout').attr('class', 'product-layout product-list col-xs-12');\n\t\t$('#content .product-grid').attr('class', 'product-layout product-list col-xs-12');\n\t\t$('#content .product-list .caption').addClass('col-xs-8');\n\t\t$('#content .product-list .image').addClass('col-xs-4');\n\t\t\n\n\t\tlocalStorage.setItem('display', 'list');\n\t});\n    \n\t\/\/ Product Grid\n\t$('#grid-view').click(function() {\n\t\t$('.custom-products').addClass('custom-products-row');\n\t\t$(this).addClass('selected');\n\t\t$('#list-view').removeClass('selected');\n\t\t\/\/ What a shame bootstrap does not take into account dynamically loaded columns\n\t\tcols = $('#column-right, #column-left').length;\n\n\t\tif (cols == 2) {\n\t\t\t$('#content .product-layout').attr('class', 'product-layout product-grid col-md-6 col-sm-6 col-xs-6 two-items');\n\t\t} else if (cols == 1) {\n\t\t\t$('#content .product-layout').attr('class', 'product-layout product-grid col-md-4 col-sm-6 col-xs-6 three-items');\n\t\t} else {\n\t\t\t$('#content .product-layout').attr('class', 'product-layout product-grid col-md-3 col-sm-6 col-xs-6 four-items');\n\t\t}\n\t\t$('#content .product-grid .caption').removeClass('col-xs-8');\n\t\t$('#content .product-grid .image').removeClass('col-xs-4');\n\t\t\n\n\t\t localStorage.setItem('display', 'grid');\n\t});\n\n\tif (localStorage.getItem('display') == 'list') {\n\t\t\n\t\t$('#list-view').trigger('click');\n\t} else {\n\t\t$('#grid-view').trigger('click');\n\t}\n<\/script>\n\n","filter_action":"https:\/\/vww.pt\/index.php?route=extension\/module\/oclayerednavigation\/category&path=306","price_action":"https:\/\/vww.pt\/index.php?route=extension\/module\/oclayerednavigation\/category&path=306","layered_html":"<div class=\"list-group\">\n    <div class=\"filter-attribute-container filter-attribute-remove-container\">    <\/div>\n    <div class=\"filter-attribute-container filter-prices\">\n        <label>Price Filter<\/label>\n        <div class=\"list-group-item\">\n            <div class=\"filter-price\">\n                <div id=\"slider-price\"><\/div>\n                <div class=\"slider-values\">\n                    <span><\/span>\n                    <input id=\"price-from\" disabled=\"disabled\" class=\"input-price\" type=\"text\" value=\"0\" placeholder=\"Min\" name=\"price-from\"\/>\n                    <span>\u20ac<\/span> -\n                    <span><\/span>\n                    <input id=\"price-to\" disabled=\"disabled\" class=\"input-price\" type=\"text\" value=\"0\" placeholder=\"Max\" name=\"price-to\" \/>\n                    <span>\u20ac<\/span>\n                <\/div>\n            <\/div>\n        <\/div>\n    <\/div><\/div>\n"}